{"id":4021,"date":"2025-10-17T01:52:04","date_gmt":"2025-10-17T04:52:04","guid":{"rendered":"https:\/\/radiosantaclara.sitetopfm.com.br\/site\/comissao-aprova-programa-de-protecao-a-grupos-vulneraveis-em-situacao-de-risco-e-desastres-noticias-2\/"},"modified":"2025-10-17T01:52:04","modified_gmt":"2025-10-17T04:52:04","slug":"comissao-aprova-programa-de-protecao-a-grupos-vulneraveis-em-situacao-de-risco-e-desastres-noticias-2","status":"publish","type":"post","link":"https:\/\/radiosantaclara.sitetopfm.com.br\/site\/comissao-aprova-programa-de-protecao-a-grupos-vulneraveis-em-situacao-de-risco-e-desastres-noticias-2\/","title":{"rendered":"Comiss\u00e3o aprova programa de prote\u00e7\u00e3o a grupos vulner\u00e1veis em situa\u00e7\u00e3o de risco e desastres &#8211; Not\u00edcias"},"content":{"rendered":"<p> <br \/>\n<\/p>\n<div>\n<div>\n<p class=\"g-artigo__data-hora\">\n                      15\/10\/2025 &#8211; 10:52 \u00a0\n                    <\/p>\n<div id=\"image-container-1212012\" class=\"image-container\" style=\"float: none; margin: 45px 0px; width: 100%;\" data-midia=\"1212012\">\n<p><em>Kayo Magalh\u00e3es\/C\u00e2mara dos Deputados<\/em><\/p>\n<p>Mandel: em cen\u00e1rios de desastres, pessoas vulner\u00e1veis enfrentam obst\u00e1culos adicionais<\/p>\n<\/p><\/div>\n<p>A Comiss\u00e3o de Defesa dos Direitos das Pessoas com Defici\u00eancia da C\u00e2mara dos Deputados aprovou projeto de lei que cria o Programa Nacional de Prote\u00e7\u00e3o Integral a Crian\u00e7as, Adolescentes, Pessoas Idosas e Pessoas com Defici\u00eancia em Situa\u00e7\u00f5es de Risco e Desastres.<\/p>\n<p>O objetivo \u00e9 reduzir a vulnerabilidade desses grupos e promover seguran\u00e7a e bem-estar. Entre as a\u00e7\u00f5es previstas no programa est\u00e3o:<\/p>\n<ul>\n<li>cria\u00e7\u00e3o de comit\u00eas federais, estaduais e municipais para coordenar e monitorar medidas de prote\u00e7\u00e3o; e<\/li>\n<li>levantamento de informa\u00e7\u00f5es sobre pessoas desabrigadas ou desalojadas para garantir acesso \u00e0 assist\u00eancia.<\/li>\n<\/ul>\n<p>Um comit\u00ea gestor federal poder\u00e1 coordenar e monitorar as a\u00e7\u00f5es em \u00e2mbito nacional e articular a participa\u00e7\u00e3o de \u00f3rg\u00e3os p\u00fablicos, sociedade civil, setor privado e organismos internacionais.<\/p>\n<p>Por recomenda\u00e7\u00e3o do relator, deputado Amom Mandel (Cidadania-AM), foi aprovada a <a href=\"https:\/\/www.camara.leg.br\/noticias\/1179666-COMISSAO-APROVA-PROGRAMA-DE-PROTECAO-A-GRUPOS-VULNERAVEIS-EM-SITUACAO-DE-RISCO-E-DESASTRES\">vers\u00e3o da Comiss\u00e3o de Previd\u00eancia, Assist\u00eancia Social, Inf\u00e2ncia, Adolesc\u00eancia e Fam\u00edlia<\/a> para o <a class=\"linkProposicao\" href=\"https:\/\/www.camara.leg.br\/noticias\/1061813-proposta-cria-programa-de-protecao-a-grupos-vulneraveis-em-situacao-de-risco-e-desastres\">Projeto de Lei 1617\/24<\/a>, da deputada Maria do Ros\u00e1rio (PT-RS).<\/p>\n<p>\u201c\u00c9 sabido que, em cen\u00e1rios de desastres, as pessoas com defici\u00eancia enfrentam obst\u00e1culos adicionais ao exerc\u00edcio de seus direitos\u201d, comentou Amom Mandel. \u201cO projeto enfrenta esse problema\u201d, continuou o relator no parecer aprovado.<\/p>\n<p><strong>Pr\u00f3ximos passos<\/strong><br \/>O projeto tramita em <span id=\"4322\" class=\"termoGlossario\" title=\"Rito de tramita\u00e7\u00e3o pelo qual o projeto \u00e9 votado apenas pelas comiss\u00f5es designadas para analis\u00e1-lo, dispensada a delibera\u00e7\u00e3o do Plen\u00e1rio. O projeto perde o car\u00e1ter conclusivo se houver decis\u00e3o divergente entre as comiss\u00f5es ou se, independentemente de ser aprovado ou rejeitado, houver recurso assinado por 52 deputados para a aprecia\u00e7\u00e3o da mat\u00e9ria no Plen\u00e1rio.\" contenteditable=\"false\" data-toggle=\"tooltip\" data-placement=\"top\">car\u00e1ter conclusivo<\/span> e ainda ser\u00e1 analisado pelas comiss\u00f5es de Finan\u00e7as e Tributa\u00e7\u00e3o; e de Constitui\u00e7\u00e3o e Justi\u00e7a e de Cidadania.<\/p>\n<p>Para virar lei, precisa ser aprovado pela C\u00e2mara e pelo Senado.<\/p>\n<p style=\"font-size: 0.8rem; font-weight: 700;\">Da Reportagem\/RM<br \/>Edi\u00e7\u00e3o \u2013 Marcia Becker<\/p>\n<\/p><\/div>\n<\/p><\/div>\n<p><br \/>\n<br \/><a href=\"https:\/\/www.camara.leg.br\/noticias\/1211998-comissao-aprova-programa-de-protecao-a-grupos-vulneraveis-em-situacao-de-risco-e-desastres\/\">postagem original <\/a><\/p>\n","protected":false},"excerpt":{"rendered":"<p>15\/10\/2025 &#8211; 10:52 \u00a0 Kayo Magalh\u00e3es\/C\u00e2mara dos Deputados Mandel: em cen\u00e1rios de desastres, pessoas vulner\u00e1veis enfrentam obst\u00e1culos adicionais A Comiss\u00e3o [&hellip;]<\/p>\n","protected":false},"author":1,"featured_media":4022,"comment_status":"open","ping_status":"open","sticky":false,"template":"","format":"standard","meta":{"site-sidebar-layout":"default","site-content-layout":"","ast-site-content-layout":"default","site-content-style":"default","site-sidebar-style":"default","ast-global-header-display":"","ast-banner-title-visibility":"","ast-main-header-display":"","ast-hfb-above-header-display":"","ast-hfb-below-header-display":"","ast-hfb-mobile-header-display":"","site-post-title":"","ast-breadcrumbs-content":"","ast-featured-img":"","footer-sml-layout":"","theme-transparent-header-meta":"","adv-header-id-meta":"","stick-header-meta":"","header-above-stick-meta":"","header-main-stick-meta":"","header-below-stick-meta":"","astra-migrate-meta-layouts":"default","ast-page-background-enabled":"default","ast-page-background-meta":{"desktop":{"background-color":"var(--ast-global-color-5)","background-image":"","background-repeat":"repeat","background-position":"center center","background-size":"auto","background-attachment":"scroll","background-type":"","background-media":"","overlay-type":"","overlay-color":"","overlay-opacity":"","overlay-gradient":""},"tablet":{"background-color":"","background-image":"","background-repeat":"repeat","background-position":"center center","background-size":"auto","background-attachment":"scroll","background-type":"","background-media":"","overlay-type":"","overlay-color":"","overlay-opacity":"","overlay-gradient":""},"mobile":{"background-color":"","background-image":"","background-repeat":"repeat","background-position":"center center","background-size":"auto","background-attachment":"scroll","background-type":"","background-media":"","overlay-type":"","overlay-color":"","overlay-opacity":"","overlay-gradient":""}},"ast-content-background-meta":{"desktop":{"background-color":"var(--ast-global-color-4)","background-image":"","background-repeat":"repeat","background-position":"center center","background-size":"auto","background-attachment":"scroll","background-type":"","background-media":"","overlay-type":"","overlay-color":"","overlay-opacity":"","overlay-gradient":""},"tablet":{"background-color":"var(--ast-global-color-4)","background-image":"","background-repeat":"repeat","background-position":"center center","background-size":"auto","background-attachment":"scroll","background-type":"","background-media":"","overlay-type":"","overlay-color":"","overlay-opacity":"","overlay-gradient":""},"mobile":{"background-color":"var(--ast-global-color-4)","background-image":"","background-repeat":"repeat","background-position":"center center","background-size":"auto","background-attachment":"scroll","background-type":"","background-media":"","overlay-type":"","overlay-color":"","overlay-opacity":"","overlay-gradient":""}},"_joinchat":[],"footnotes":""},"categories":[32],"tags":[],"_links":{"self":[{"href":"https:\/\/radiosantaclara.sitetopfm.com.br\/site\/wp-json\/wp\/v2\/posts\/4021"}],"collection":[{"href":"https:\/\/radiosantaclara.sitetopfm.com.br\/site\/wp-json\/wp\/v2\/posts"}],"about":[{"href":"https:\/\/radiosantaclara.sitetopfm.com.br\/site\/wp-json\/wp\/v2\/types\/post"}],"author":[{"embeddable":true,"href":"https:\/\/radiosantaclara.sitetopfm.com.br\/site\/wp-json\/wp\/v2\/users\/1"}],"replies":[{"embeddable":true,"href":"https:\/\/radiosantaclara.sitetopfm.com.br\/site\/wp-json\/wp\/v2\/comments?post=4021"}],"version-history":[{"count":0,"href":"https:\/\/radiosantaclara.sitetopfm.com.br\/site\/wp-json\/wp\/v2\/posts\/4021\/revisions"}],"wp:featuredmedia":[{"embeddable":true,"href":"https:\/\/radiosantaclara.sitetopfm.com.br\/site\/wp-json\/wp\/v2\/media\/4022"}],"wp:attachment":[{"href":"https:\/\/radiosantaclara.sitetopfm.com.br\/site\/wp-json\/wp\/v2\/media?parent=4021"}],"wp:term":[{"taxonomy":"category","embeddable":true,"href":"https:\/\/radiosantaclara.sitetopfm.com.br\/site\/wp-json\/wp\/v2\/categories?post=4021"},{"taxonomy":"post_tag","embeddable":true,"href":"https:\/\/radiosantaclara.sitetopfm.com.br\/site\/wp-json\/wp\/v2\/tags?post=4021"}],"curies":[{"name":"wp","href":"https:\/\/api.w.org\/{rel}","templated":true}]}}