{"id":4013,"date":"2025-10-17T01:13:23","date_gmt":"2025-10-17T04:13:23","guid":{"rendered":"https:\/\/radiosantaclara.sitetopfm.com.br\/site\/comissao-aprova-uso-do-fundo-do-turismo-para-apoiar-solucoes-tecnologias-para-o-setor-noticias\/"},"modified":"2025-10-17T01:13:23","modified_gmt":"2025-10-17T04:13:23","slug":"comissao-aprova-uso-do-fundo-do-turismo-para-apoiar-solucoes-tecnologias-para-o-setor-noticias","status":"publish","type":"post","link":"https:\/\/radiosantaclara.sitetopfm.com.br\/site\/comissao-aprova-uso-do-fundo-do-turismo-para-apoiar-solucoes-tecnologias-para-o-setor-noticias\/","title":{"rendered":"Comiss\u00e3o aprova uso do Fundo do Turismo para apoiar solu\u00e7\u00f5es tecnologias para o setor &#8211; Not\u00edcias"},"content":{"rendered":"<p> <br \/>\n<\/p>\n<div>\n<div>\n<p class=\"g-artigo__data-hora\">\n                      16\/10\/2025 &#8211; 16:48 \u00a0\n                    <\/p>\n<div id=\"image-container-1212943\" class=\"image-container\" style=\"float: none; margin: 45px 0px; width: 100%;\" data-midia=\"1212943\">\n<p><em>Vinicius Loures\/C\u00e2mara dos Deputados<\/em><\/p>\n<p>Marcelo \u00c1lvaro Ant\u00f4nio, relator da proposta<\/p>\n<\/p><\/div>\n<p>A Comiss\u00e3o de Turismo da C\u00e2mara dos Deputados aprovou projeto de lei que permite o uso de recursos do Fundo Geral de Turismo (Fungetur) para apoiar startups e empresas de tecnologia que desenvolvam solu\u00e7\u00f5es inovadoras para o setor. A proposta altera a <a href=\"https:\/\/www2.camara.leg.br\/legin\/fed\/lei\/2022\/lei-14476-14-dezembro-2022-793471-publicacaooriginal-166515-pl.html\">Lei do Fungetur<\/a>.<\/p>\n<p>O texto inclui entre os objetivos da Pol\u00edtica Nacional de Turismo o est\u00edmulo \u00e0 inova\u00e7\u00e3o, incluindo \u201co desenvolvimento, a aplica\u00e7\u00e3o, a transfer\u00eancia e a difus\u00e3o de tecnologias digitais relacionadas ao setor do turismo\u201d, principalmente as voltadas a melhorar a experi\u00eancia do turista, a acessibilidade, al\u00e9m da gest\u00e3o e da promo\u00e7\u00e3o dos destinos tur\u00edsticos. Estabelece ainda que os recursos do Fungetur poder\u00e3o financiar essas inciativas.<\/p>\n<p>O <a href=\"https:\/\/www.camara.leg.br\/proposicoesWeb\/prop_mostrarintegra?codteor=3008669&amp;filename=Parecer-CTUR-2025-09-26\">texto aprovado<\/a> \u00e9 o <span id=\"4098\" class=\"termoGlossario\" title=\"Nome que se d\u00e1 ao texto que altera substancialmente o conte\u00fado original da proposta. O substitutivo \u00e9 apresentado pelo relator e tem prefer\u00eancia na vota\u00e7\u00e3o sobre o projeto original.\" contenteditable=\"false\" data-toggle=\"tooltip\" data-placement=\"top\">substitutivo<\/span> do relator, deputado Marcelo \u00c1lvaro Ant\u00f4nio (PL-MG), ao Projeto de Lei 903\/25, do deputado Alfredo Gaspar (Uni\u00e3o-AL). \u201cA iniciativa de orientar a Pol\u00edtica Nacional de Turismo e o Novo Fungetur para a inova\u00e7\u00e3o tecnol\u00f3gica \u00e9 oportuna e necess\u00e1ria para garantir a competitividade do nosso setor de turismo\u201d, defendeu o relator, que prop\u00f4s altera\u00e7\u00f5es de reda\u00e7\u00e3o no substitutivo.<\/p>\n<p>O Fungetur tem por objeto o financiamento, o apoio ou a participa\u00e7\u00e3o financeira em planos, projetos, a\u00e7\u00f5es e empreendimentos reconhecidos pelo Minist\u00e9rio do Turismo como de interesse tur\u00edstico.<\/p>\n<p><strong>Pr\u00f3ximas etapas<\/strong><br \/>A proposta ser\u00e1 ainda analisada, em <span id=\"4322\" class=\"termoGlossario\" title=\"Rito de tramita\u00e7\u00e3o pelo qual o projeto \u00e9 votado apenas pelas comiss\u00f5es designadas para analis\u00e1-lo, dispensada a delibera\u00e7\u00e3o do Plen\u00e1rio. O projeto perde o car\u00e1ter conclusivo se houver decis\u00e3o divergente entre as comiss\u00f5es ou se, independentemente de ser aprovado ou rejeitado, houver recurso assinado por 52 deputados para a aprecia\u00e7\u00e3o da mat\u00e9ria no Plen\u00e1rio.\" contenteditable=\"false\" data-toggle=\"tooltip\" data-placement=\"top\">car\u00e1ter conclusivo<\/span>, pela Comiss\u00e3o de Constitui\u00e7\u00e3o e Justi\u00e7a e de Cidadania.<\/p>\n<p>Para virar lei, o texto precisa ser aprovado pela C\u00e2mara e pelo Senado.<\/p>\n<p><a href=\"https:\/\/www.camara.leg.br\/noticias\/573454-SAIBA-MAIS-SOBRE-A-TRAMITACAO-DE-PROJETOS-DE-LEI\">Saiba mais sobre a tramita\u00e7\u00e3o de projetos de lei<\/a><\/p>\n<p style=\"font-size: 0.8rem; font-weight: 700;\">Reportagem \u2013 Murilo Souza<br \/>Edi\u00e7\u00e3o \u2013 Ana Chalub<\/p>\n<\/p><\/div>\n<\/p><\/div>\n<p><br \/>\n<br \/><a href=\"https:\/\/www.camara.leg.br\/noticias\/1212850-comissao-aprova-uso-do-fundo-do-turismo-para-apoiar-solucoes-tecnologias-para-o-setor\/\">postagem original <\/a><\/p>\n","protected":false},"excerpt":{"rendered":"<p>16\/10\/2025 &#8211; 16:48 \u00a0 Vinicius Loures\/C\u00e2mara dos Deputados Marcelo \u00c1lvaro Ant\u00f4nio, relator da proposta A Comiss\u00e3o de Turismo da C\u00e2mara [&hellip;]<\/p>\n","protected":false},"author":1,"featured_media":4014,"comment_status":"open","ping_status":"open","sticky":false,"template":"","format":"standard","meta":{"site-sidebar-layout":"default","site-content-layout":"","ast-site-content-layout":"default","site-content-style":"default","site-sidebar-style":"default","ast-global-header-display":"","ast-banner-title-visibility":"","ast-main-header-display":"","ast-hfb-above-header-display":"","ast-hfb-below-header-display":"","ast-hfb-mobile-header-display":"","site-post-title":"","ast-breadcrumbs-content":"","ast-featured-img":"","footer-sml-layout":"","theme-transparent-header-meta":"","adv-header-id-meta":"","stick-header-meta":"","header-above-stick-meta":"","header-main-stick-meta":"","header-below-stick-meta":"","astra-migrate-meta-layouts":"default","ast-page-background-enabled":"default","ast-page-background-meta":{"desktop":{"background-color":"var(--ast-global-color-5)","background-image":"","background-repeat":"repeat","background-position":"center center","background-size":"auto","background-attachment":"scroll","background-type":"","background-media":"","overlay-type":"","overlay-color":"","overlay-opacity":"","overlay-gradient":""},"tablet":{"background-color":"","background-image":"","background-repeat":"repeat","background-position":"center center","background-size":"auto","background-attachment":"scroll","background-type":"","background-media":"","overlay-type":"","overlay-color":"","overlay-opacity":"","overlay-gradient":""},"mobile":{"background-color":"","background-image":"","background-repeat":"repeat","background-position":"center center","background-size":"auto","background-attachment":"scroll","background-type":"","background-media":"","overlay-type":"","overlay-color":"","overlay-opacity":"","overlay-gradient":""}},"ast-content-background-meta":{"desktop":{"background-color":"var(--ast-global-color-4)","background-image":"","background-repeat":"repeat","background-position":"center center","background-size":"auto","background-attachment":"scroll","background-type":"","background-media":"","overlay-type":"","overlay-color":"","overlay-opacity":"","overlay-gradient":""},"tablet":{"background-color":"var(--ast-global-color-4)","background-image":"","background-repeat":"repeat","background-position":"center center","background-size":"auto","background-attachment":"scroll","background-type":"","background-media":"","overlay-type":"","overlay-color":"","overlay-opacity":"","overlay-gradient":""},"mobile":{"background-color":"var(--ast-global-color-4)","background-image":"","background-repeat":"repeat","background-position":"center center","background-size":"auto","background-attachment":"scroll","background-type":"","background-media":"","overlay-type":"","overlay-color":"","overlay-opacity":"","overlay-gradient":""}},"_joinchat":[],"footnotes":""},"categories":[34],"tags":[],"_links":{"self":[{"href":"https:\/\/radiosantaclara.sitetopfm.com.br\/site\/wp-json\/wp\/v2\/posts\/4013"}],"collection":[{"href":"https:\/\/radiosantaclara.sitetopfm.com.br\/site\/wp-json\/wp\/v2\/posts"}],"about":[{"href":"https:\/\/radiosantaclara.sitetopfm.com.br\/site\/wp-json\/wp\/v2\/types\/post"}],"author":[{"embeddable":true,"href":"https:\/\/radiosantaclara.sitetopfm.com.br\/site\/wp-json\/wp\/v2\/users\/1"}],"replies":[{"embeddable":true,"href":"https:\/\/radiosantaclara.sitetopfm.com.br\/site\/wp-json\/wp\/v2\/comments?post=4013"}],"version-history":[{"count":0,"href":"https:\/\/radiosantaclara.sitetopfm.com.br\/site\/wp-json\/wp\/v2\/posts\/4013\/revisions"}],"wp:featuredmedia":[{"embeddable":true,"href":"https:\/\/radiosantaclara.sitetopfm.com.br\/site\/wp-json\/wp\/v2\/media\/4014"}],"wp:attachment":[{"href":"https:\/\/radiosantaclara.sitetopfm.com.br\/site\/wp-json\/wp\/v2\/media?parent=4013"}],"wp:term":[{"taxonomy":"category","embeddable":true,"href":"https:\/\/radiosantaclara.sitetopfm.com.br\/site\/wp-json\/wp\/v2\/categories?post=4013"},{"taxonomy":"post_tag","embeddable":true,"href":"https:\/\/radiosantaclara.sitetopfm.com.br\/site\/wp-json\/wp\/v2\/tags?post=4013"}],"curies":[{"name":"wp","href":"https:\/\/api.w.org\/{rel}","templated":true}]}}