{"id":3967,"date":"2025-10-14T18:55:52","date_gmt":"2025-10-14T21:55:52","guid":{"rendered":"https:\/\/radiosantaclara.sitetopfm.com.br\/site\/comissao-aprova-aumento-das-penas-quando-crime-provocar-interrupcao-de-servicos-de-comunicacao-noticias\/"},"modified":"2025-10-14T18:55:52","modified_gmt":"2025-10-14T21:55:52","slug":"comissao-aprova-aumento-das-penas-quando-crime-provocar-interrupcao-de-servicos-de-comunicacao-noticias","status":"publish","type":"post","link":"https:\/\/radiosantaclara.sitetopfm.com.br\/site\/comissao-aprova-aumento-das-penas-quando-crime-provocar-interrupcao-de-servicos-de-comunicacao-noticias\/","title":{"rendered":"Comiss\u00e3o aprova aumento das penas quando crime provocar interrup\u00e7\u00e3o de servi\u00e7os de comunica\u00e7\u00e3o &#8211; Not\u00edcias"},"content":{"rendered":"<p> <br \/>\n<\/p>\n<div>\n<div>\n<p class=\"g-artigo__data-hora\">\n                      14\/10\/2025 &#8211; 18:09 \u00a0\n                    <\/p>\n<div id=\"image-container-1211647\" class=\"image-container\" style=\"float: none; margin: 45px 0px; width: 100%;\" data-midia=\"1211647\">\n<p><em>Vinicius Loures\/C\u00e2mara dos Deputados<\/em><\/p>\n<p>Deputado Sargento Portugal, relator do projeto de lei<\/p>\n<\/p><\/div>\n<p>A Comiss\u00e3o de Seguran\u00e7a P\u00fablica da C\u00e2mara dos Deputados aprovou o Projeto de Lei 953\/25, que aumenta as penas previstas no C\u00f3digo Penal nos casos de crimes que provoquem interrup\u00e7\u00e3o ou perturba\u00e7\u00e3o de servi\u00e7os telegr\u00e1ficos, telef\u00f4nicos, inform\u00e1ticos, telem\u00e1ticos ou de informa\u00e7\u00e3o de utilidade p\u00fablica.<\/p>\n<p>O tipo penal, que anteriormente previa <span id=\"4293\" class=\"termoGlossario\" title=\"Pena privativa de liberdade que se cumpre em regime aberto ou semiaberto, salvo transfer\u00eancia excepcional para o regime fechado. \u00c9 menos severa que a reclus\u00e3o e mais rigorosa que a pris\u00e3o simples.\" contenteditable=\"false\" data-toggle=\"tooltip\" data-placement=\"top\">deten\u00e7\u00e3o<\/span> de 1 a 3 anos e multa, passa a ser punido com 3 a 6 anos de deten\u00e7\u00e3o, al\u00e9m de multa.<\/p>\n<p>A proposta \u00e9 de autoria do deputado C\u00e9lio Studart (PSD-CE).<\/p>\n<p><strong>Crime organizado<\/strong><br \/>A proposta prev\u00ea dobrar a pena quando o crime for cometido por fac\u00e7\u00f5es criminosas, mil\u00edcias privadas ou organiza\u00e7\u00f5es criminosas.<\/p>\n<p>O projeto estabelece ainda que a aplica\u00e7\u00e3o da pena em dobro independer\u00e1 da exist\u00eancia de proveito econ\u00f4mico direto.<\/p>\n<p>O relator, deputado Sargento Portugal (Pode-RJ), apresentou parecer pela aprova\u00e7\u00e3o do texto.<\/p>\n<p>\u201cO projeto atualiza e fortalece o tratamento penal de um crime cuja relev\u00e2ncia cresce em raz\u00e3o do impacto direto sobre a sociedade. Ao aumentar a pena base e prever hip\u00f3teses qualificadas de maior rigor, a proposi\u00e7\u00e3o se mostra adequada e necess\u00e1ria para enfrentar um padr\u00e3o \u00a0de criminalidade que amea\u00e7a n\u00e3o apenas servi\u00e7os essenciais, mas a pr\u00f3pria autoridade estatal\u201d, refor\u00e7ou Portugal.<\/p>\n<p><strong>Pr\u00f3ximos passos<\/strong><br \/>O projeto, que tramita em <span id=\"4322\" class=\"termoGlossario\" title=\"Rito de tramita\u00e7\u00e3o pelo qual o projeto \u00e9 votado apenas pelas comiss\u00f5es designadas para analis\u00e1-lo, dispensada a delibera\u00e7\u00e3o do Plen\u00e1rio. O projeto perde o car\u00e1ter conclusivo se houver decis\u00e3o divergente entre as comiss\u00f5es ou se, independentemente de ser aprovado ou rejeitado, houver recurso assinado por 52 deputados para a aprecia\u00e7\u00e3o da mat\u00e9ria no Plen\u00e1rio.\" contenteditable=\"false\" data-toggle=\"tooltip\" data-placement=\"top\">car\u00e1ter conclusivo<\/span>, ser\u00e1 ainda analisado pela Comiss\u00e3o de Constitui\u00e7\u00e3o e Justi\u00e7a e de Cidadania. Para virar lei, o texto precisa ser aprovado pela C\u00e2mara e pelo Senado.<\/p>\n<p style=\"font-size: 0.8rem; font-weight: 700;\">Reportagem \u2013 Luiz Gustavo Xavier<br \/>Edi\u00e7\u00e3o \u2013 Roberto Seabra<\/p>\n<\/p><\/div>\n<\/p><\/div>\n<p><br \/>\n<br \/><a href=\"https:\/\/www.camara.leg.br\/noticias\/1210321-comissao-aprova-aumento-das-penas-quando-crime-provocar-interrupcao-de-servicos-de-comunicacao\/\">postagem original <\/a><\/p>\n","protected":false},"excerpt":{"rendered":"<p>14\/10\/2025 &#8211; 18:09 \u00a0 Vinicius Loures\/C\u00e2mara dos Deputados Deputado Sargento Portugal, relator do projeto de lei A Comiss\u00e3o de Seguran\u00e7a [&hellip;]<\/p>\n","protected":false},"author":1,"featured_media":3968,"comment_status":"open","ping_status":"open","sticky":false,"template":"","format":"standard","meta":{"site-sidebar-layout":"default","site-content-layout":"","ast-site-content-layout":"default","site-content-style":"default","site-sidebar-style":"default","ast-global-header-display":"","ast-banner-title-visibility":"","ast-main-header-display":"","ast-hfb-above-header-display":"","ast-hfb-below-header-display":"","ast-hfb-mobile-header-display":"","site-post-title":"","ast-breadcrumbs-content":"","ast-featured-img":"","footer-sml-layout":"","theme-transparent-header-meta":"","adv-header-id-meta":"","stick-header-meta":"","header-above-stick-meta":"","header-main-stick-meta":"","header-below-stick-meta":"","astra-migrate-meta-layouts":"default","ast-page-background-enabled":"default","ast-page-background-meta":{"desktop":{"background-color":"var(--ast-global-color-5)","background-image":"","background-repeat":"repeat","background-position":"center center","background-size":"auto","background-attachment":"scroll","background-type":"","background-media":"","overlay-type":"","overlay-color":"","overlay-opacity":"","overlay-gradient":""},"tablet":{"background-color":"","background-image":"","background-repeat":"repeat","background-position":"center center","background-size":"auto","background-attachment":"scroll","background-type":"","background-media":"","overlay-type":"","overlay-color":"","overlay-opacity":"","overlay-gradient":""},"mobile":{"background-color":"","background-image":"","background-repeat":"repeat","background-position":"center center","background-size":"auto","background-attachment":"scroll","background-type":"","background-media":"","overlay-type":"","overlay-color":"","overlay-opacity":"","overlay-gradient":""}},"ast-content-background-meta":{"desktop":{"background-color":"var(--ast-global-color-4)","background-image":"","background-repeat":"repeat","background-position":"center center","background-size":"auto","background-attachment":"scroll","background-type":"","background-media":"","overlay-type":"","overlay-color":"","overlay-opacity":"","overlay-gradient":""},"tablet":{"background-color":"var(--ast-global-color-4)","background-image":"","background-repeat":"repeat","background-position":"center center","background-size":"auto","background-attachment":"scroll","background-type":"","background-media":"","overlay-type":"","overlay-color":"","overlay-opacity":"","overlay-gradient":""},"mobile":{"background-color":"var(--ast-global-color-4)","background-image":"","background-repeat":"repeat","background-position":"center center","background-size":"auto","background-attachment":"scroll","background-type":"","background-media":"","overlay-type":"","overlay-color":"","overlay-opacity":"","overlay-gradient":""}},"_joinchat":[],"footnotes":""},"categories":[29],"tags":[],"_links":{"self":[{"href":"https:\/\/radiosantaclara.sitetopfm.com.br\/site\/wp-json\/wp\/v2\/posts\/3967"}],"collection":[{"href":"https:\/\/radiosantaclara.sitetopfm.com.br\/site\/wp-json\/wp\/v2\/posts"}],"about":[{"href":"https:\/\/radiosantaclara.sitetopfm.com.br\/site\/wp-json\/wp\/v2\/types\/post"}],"author":[{"embeddable":true,"href":"https:\/\/radiosantaclara.sitetopfm.com.br\/site\/wp-json\/wp\/v2\/users\/1"}],"replies":[{"embeddable":true,"href":"https:\/\/radiosantaclara.sitetopfm.com.br\/site\/wp-json\/wp\/v2\/comments?post=3967"}],"version-history":[{"count":0,"href":"https:\/\/radiosantaclara.sitetopfm.com.br\/site\/wp-json\/wp\/v2\/posts\/3967\/revisions"}],"wp:featuredmedia":[{"embeddable":true,"href":"https:\/\/radiosantaclara.sitetopfm.com.br\/site\/wp-json\/wp\/v2\/media\/3968"}],"wp:attachment":[{"href":"https:\/\/radiosantaclara.sitetopfm.com.br\/site\/wp-json\/wp\/v2\/media?parent=3967"}],"wp:term":[{"taxonomy":"category","embeddable":true,"href":"https:\/\/radiosantaclara.sitetopfm.com.br\/site\/wp-json\/wp\/v2\/categories?post=3967"},{"taxonomy":"post_tag","embeddable":true,"href":"https:\/\/radiosantaclara.sitetopfm.com.br\/site\/wp-json\/wp\/v2\/tags?post=3967"}],"curies":[{"name":"wp","href":"https:\/\/api.w.org\/{rel}","templated":true}]}}