{"id":3905,"date":"2025-10-11T08:14:25","date_gmt":"2025-10-11T11:14:25","guid":{"rendered":"https:\/\/radiosantaclara.sitetopfm.com.br\/site\/saude-mental-e-valorizacao-dos-agentes-de-seguranca-e-tema-de-debate-na-camara-na-terca-noticias\/"},"modified":"2025-10-11T08:14:25","modified_gmt":"2025-10-11T11:14:25","slug":"saude-mental-e-valorizacao-dos-agentes-de-seguranca-e-tema-de-debate-na-camara-na-terca-noticias","status":"publish","type":"post","link":"https:\/\/radiosantaclara.sitetopfm.com.br\/site\/saude-mental-e-valorizacao-dos-agentes-de-seguranca-e-tema-de-debate-na-camara-na-terca-noticias\/","title":{"rendered":"Sa\u00fade mental e valoriza\u00e7\u00e3o dos agentes de seguran\u00e7a \u00e9 tema de debate na C\u00e2mara na ter\u00e7a &#8211; Not\u00edcias"},"content":{"rendered":"<p> <br \/>\n<\/p>\n<div>\n<div>\n<p class=\"g-artigo__data-hora\">\n                      10\/10\/2025 &#8211; 12:49 \u00a0\n                    <\/p>\n<div id=\"image-container-1210457\" class=\"image-container\" style=\"float: none; margin: 45px 0px; width: 100%;\" data-midia=\"1210457\">\n<p><em>Pedro Guerreiro\/Ag. Par\u00e1<\/em><\/p>\n<p>Proposta est\u00e1 sendo analisada por uma comiss\u00e3o especial<\/p>\n<\/p><\/div>\n<p>A Comiss\u00e3o de Seguran\u00e7a P\u00fablica da C\u00e2mara dos Deputados realizar\u00e1, na ter\u00e7a-feira (14), audi\u00eancia p\u00fablica sobre os reflexos da <a href=\"https:\/\/www.camara.leg.br\/noticias\/1153668-proposta-do-governo-muda-estrutura-da-seguranca-publica-em-busca-de-maior-integracao-na-area\">Proposta de Emenda \u00e0 Constitui\u00e7\u00e3o (PEC) 18\/25<\/a> na sa\u00fade mental dos profissionais do setor.<\/p>\n<p>O encontro foi solicitado pelo deputado Sanderson (PL-RS) e ser\u00e1 realizado a partir das 10 horas, no plen\u00e1rio 6.<\/p>\n<p><strong>A proposta<\/strong><br \/>Elaborada pelo governo federal, o texto, apelidado de PEC da Seguran\u00e7a, reconfigura a estrutura de seguran\u00e7a p\u00fablica no Brasil, buscando maior integra\u00e7\u00e3o e coordena\u00e7\u00e3o entre os diferentes n\u00edveis federativos e \u00f3rg\u00e3os de seguran\u00e7a.<\/p>\n<p>A proposta est\u00e1 baseada em um trip\u00e9:<\/p>\n<ul>\n<li>constitucionaliza o Sistema \u00danico de Seguran\u00e7a P\u00fablica (Susp), hoje amparado por lei ordin\u00e1ria (<a class=\"linkLegislacao\" href=\"https:\/\/www2.camara.gov.br\/legin\/fed\/lei\/2018\/lei-13675-11-junho-2018-786843-norma-pl.html\">Lei 13.675\/18<\/a>);<\/li>\n<li>amplia compet\u00eancias de \u00f3rg\u00e3os de seguran\u00e7a, como a Pol\u00edcia Federal (PF); e<\/li>\n<li>fortalece o papel da Uni\u00e3o no planejamento e coordena\u00e7\u00e3o da seguran\u00e7a p\u00fablica.<\/li>\n<\/ul>\n<p style=\"font-size: 0.8rem; font-weight: 700;\">Da Reda\u00e7\u00e3o \u2013 ND<\/p>\n<\/p><\/div>\n<\/p><\/div>\n<p><br \/>\n<br \/><a href=\"https:\/\/www.camara.leg.br\/noticias\/1209717-saude-mental-e-valorizacao-dos-agentes-de-seguranca-e-tema-de-debate-na-camara-na-terca\/\">postagem original <\/a><\/p>\n","protected":false},"excerpt":{"rendered":"<p>10\/10\/2025 &#8211; 12:49 \u00a0 Pedro Guerreiro\/Ag. Par\u00e1 Proposta est\u00e1 sendo analisada por uma comiss\u00e3o especial A Comiss\u00e3o de Seguran\u00e7a P\u00fablica [&hellip;]<\/p>\n","protected":false},"author":1,"featured_media":3906,"comment_status":"open","ping_status":"open","sticky":false,"template":"","format":"standard","meta":{"site-sidebar-layout":"default","site-content-layout":"","ast-site-content-layout":"default","site-content-style":"default","site-sidebar-style":"default","ast-global-header-display":"","ast-banner-title-visibility":"","ast-main-header-display":"","ast-hfb-above-header-display":"","ast-hfb-below-header-display":"","ast-hfb-mobile-header-display":"","site-post-title":"","ast-breadcrumbs-content":"","ast-featured-img":"","footer-sml-layout":"","theme-transparent-header-meta":"","adv-header-id-meta":"","stick-header-meta":"","header-above-stick-meta":"","header-main-stick-meta":"","header-below-stick-meta":"","astra-migrate-meta-layouts":"default","ast-page-background-enabled":"default","ast-page-background-meta":{"desktop":{"background-color":"var(--ast-global-color-5)","background-image":"","background-repeat":"repeat","background-position":"center center","background-size":"auto","background-attachment":"scroll","background-type":"","background-media":"","overlay-type":"","overlay-color":"","overlay-opacity":"","overlay-gradient":""},"tablet":{"background-color":"","background-image":"","background-repeat":"repeat","background-position":"center center","background-size":"auto","background-attachment":"scroll","background-type":"","background-media":"","overlay-type":"","overlay-color":"","overlay-opacity":"","overlay-gradient":""},"mobile":{"background-color":"","background-image":"","background-repeat":"repeat","background-position":"center center","background-size":"auto","background-attachment":"scroll","background-type":"","background-media":"","overlay-type":"","overlay-color":"","overlay-opacity":"","overlay-gradient":""}},"ast-content-background-meta":{"desktop":{"background-color":"var(--ast-global-color-4)","background-image":"","background-repeat":"repeat","background-position":"center center","background-size":"auto","background-attachment":"scroll","background-type":"","background-media":"","overlay-type":"","overlay-color":"","overlay-opacity":"","overlay-gradient":""},"tablet":{"background-color":"var(--ast-global-color-4)","background-image":"","background-repeat":"repeat","background-position":"center center","background-size":"auto","background-attachment":"scroll","background-type":"","background-media":"","overlay-type":"","overlay-color":"","overlay-opacity":"","overlay-gradient":""},"mobile":{"background-color":"var(--ast-global-color-4)","background-image":"","background-repeat":"repeat","background-position":"center center","background-size":"auto","background-attachment":"scroll","background-type":"","background-media":"","overlay-type":"","overlay-color":"","overlay-opacity":"","overlay-gradient":""}},"_joinchat":[],"footnotes":""},"categories":[29],"tags":[],"_links":{"self":[{"href":"https:\/\/radiosantaclara.sitetopfm.com.br\/site\/wp-json\/wp\/v2\/posts\/3905"}],"collection":[{"href":"https:\/\/radiosantaclara.sitetopfm.com.br\/site\/wp-json\/wp\/v2\/posts"}],"about":[{"href":"https:\/\/radiosantaclara.sitetopfm.com.br\/site\/wp-json\/wp\/v2\/types\/post"}],"author":[{"embeddable":true,"href":"https:\/\/radiosantaclara.sitetopfm.com.br\/site\/wp-json\/wp\/v2\/users\/1"}],"replies":[{"embeddable":true,"href":"https:\/\/radiosantaclara.sitetopfm.com.br\/site\/wp-json\/wp\/v2\/comments?post=3905"}],"version-history":[{"count":0,"href":"https:\/\/radiosantaclara.sitetopfm.com.br\/site\/wp-json\/wp\/v2\/posts\/3905\/revisions"}],"wp:featuredmedia":[{"embeddable":true,"href":"https:\/\/radiosantaclara.sitetopfm.com.br\/site\/wp-json\/wp\/v2\/media\/3906"}],"wp:attachment":[{"href":"https:\/\/radiosantaclara.sitetopfm.com.br\/site\/wp-json\/wp\/v2\/media?parent=3905"}],"wp:term":[{"taxonomy":"category","embeddable":true,"href":"https:\/\/radiosantaclara.sitetopfm.com.br\/site\/wp-json\/wp\/v2\/categories?post=3905"},{"taxonomy":"post_tag","embeddable":true,"href":"https:\/\/radiosantaclara.sitetopfm.com.br\/site\/wp-json\/wp\/v2\/tags?post=3905"}],"curies":[{"name":"wp","href":"https:\/\/api.w.org\/{rel}","templated":true}]}}