{"id":3874,"date":"2025-10-10T23:12:40","date_gmt":"2025-10-11T02:12:40","guid":{"rendered":"https:\/\/radiosantaclara.sitetopfm.com.br\/site\/comissao-debate-programas-sociais-das-forcas-armadas-voltados-ao-esporte-noticias\/"},"modified":"2025-10-10T23:12:40","modified_gmt":"2025-10-11T02:12:40","slug":"comissao-debate-programas-sociais-das-forcas-armadas-voltados-ao-esporte-noticias","status":"publish","type":"post","link":"https:\/\/radiosantaclara.sitetopfm.com.br\/site\/comissao-debate-programas-sociais-das-forcas-armadas-voltados-ao-esporte-noticias\/","title":{"rendered":"Comiss\u00e3o debate programas sociais das For\u00e7as Armadas voltados ao esporte &#8211; Not\u00edcias"},"content":{"rendered":"<p> <br \/>\n<\/p>\n<div>\n<div>\n<p class=\"g-artigo__data-hora\">\n                      10\/10\/2025 &#8211; 11:55 \u00a0\n                    <\/p>\n<div id=\"image-container-1210345\" class=\"image-container\" style=\"float: none; margin: 45px 0px; width: 100%;\" data-midia=\"1210345\">\n<p><em>Vinicius Loures \/ C\u00e2mara dos Deputados<\/em><\/p>\n<p>Laura Carneiro prop\u00f4s a realiza\u00e7\u00e3o da audi\u00eancia p\u00fablica<\/p>\n<\/p><\/div>\n<p data-start=\"80\" data-end=\"397\">A Comiss\u00e3o do Esporte da C\u00e2mara dos Deputados realiza na quarta-feira (15) audi\u00eancia p\u00fablica para discutir os programas sociais desenvolvidos pelas For\u00e7as Armadas que utilizam o esporte como ferramenta de inclus\u00e3o social e forma\u00e7\u00e3o cidad\u00e3. A reuni\u00e3o ser\u00e1 realizada no plen\u00e1rio 4, \u00e0s 14 horas.<\/p>\n<p data-start=\"546\" data-end=\"842\">O debate atende a pedido da deputada Laura Carneiro (PSD-RJ). Segundo a parlamentar, o objetivo \u00e9 apresentar para a sociedade e avaliar o impacto de iniciativas como o Projeto Jo\u00e3o do Pulo, voltado a pessoas com defici\u00eancia, o Programa For\u00e7as no Esporte (Profesp), para jovens em situa\u00e7\u00e3o de vulnerabilidade social, e o Programa de Incorpora\u00e7\u00e3o de Atletas de Alto Rendimento (Paar).<\/p>\n<p data-start=\"844\" data-end=\"1080\">Laura Carneiro explica que essas a\u00e7\u00f5es promovem a valoriza\u00e7\u00e3o da cidad\u00e3o, a inclus\u00e3o social e o desenvolvimento do esporte nacional.<\/p>\n<p data-start=\"1082\" data-end=\"1266\" data-is-last-node=\"\" data-is-only-node=\"\">\u201cNa audi\u00eancia, ser\u00e3o debatidos os desafios enfrentados pelos programas, como crit\u00e9rios de sele\u00e7\u00e3o, impacto na vida dos atletas e possibilidades de aprimoramento\u201d, afirma.<\/p>\n<p style=\"font-size: 0.8rem; font-weight: 700;\">Da Reda\u00e7\u00e3o \u2013 MO<\/p>\n<\/p><\/div>\n<\/p><\/div>\n<p><br \/>\n<br \/><a href=\"https:\/\/www.camara.leg.br\/noticias\/1210204-comissao-debate-programas-sociais-das-forcas-armadas-voltados-ao-esporte\/\">postagem original <\/a><\/p>\n","protected":false},"excerpt":{"rendered":"<p>10\/10\/2025 &#8211; 11:55 \u00a0 Vinicius Loures \/ C\u00e2mara dos Deputados Laura Carneiro prop\u00f4s a realiza\u00e7\u00e3o da audi\u00eancia p\u00fablica A Comiss\u00e3o [&hellip;]<\/p>\n","protected":false},"author":1,"featured_media":3875,"comment_status":"open","ping_status":"open","sticky":false,"template":"","format":"standard","meta":{"site-sidebar-layout":"default","site-content-layout":"","ast-site-content-layout":"default","site-content-style":"default","site-sidebar-style":"default","ast-global-header-display":"","ast-banner-title-visibility":"","ast-main-header-display":"","ast-hfb-above-header-display":"","ast-hfb-below-header-display":"","ast-hfb-mobile-header-display":"","site-post-title":"","ast-breadcrumbs-content":"","ast-featured-img":"","footer-sml-layout":"","theme-transparent-header-meta":"","adv-header-id-meta":"","stick-header-meta":"","header-above-stick-meta":"","header-main-stick-meta":"","header-below-stick-meta":"","astra-migrate-meta-layouts":"default","ast-page-background-enabled":"default","ast-page-background-meta":{"desktop":{"background-color":"var(--ast-global-color-5)","background-image":"","background-repeat":"repeat","background-position":"center center","background-size":"auto","background-attachment":"scroll","background-type":"","background-media":"","overlay-type":"","overlay-color":"","overlay-opacity":"","overlay-gradient":""},"tablet":{"background-color":"","background-image":"","background-repeat":"repeat","background-position":"center center","background-size":"auto","background-attachment":"scroll","background-type":"","background-media":"","overlay-type":"","overlay-color":"","overlay-opacity":"","overlay-gradient":""},"mobile":{"background-color":"","background-image":"","background-repeat":"repeat","background-position":"center center","background-size":"auto","background-attachment":"scroll","background-type":"","background-media":"","overlay-type":"","overlay-color":"","overlay-opacity":"","overlay-gradient":""}},"ast-content-background-meta":{"desktop":{"background-color":"var(--ast-global-color-4)","background-image":"","background-repeat":"repeat","background-position":"center center","background-size":"auto","background-attachment":"scroll","background-type":"","background-media":"","overlay-type":"","overlay-color":"","overlay-opacity":"","overlay-gradient":""},"tablet":{"background-color":"var(--ast-global-color-4)","background-image":"","background-repeat":"repeat","background-position":"center center","background-size":"auto","background-attachment":"scroll","background-type":"","background-media":"","overlay-type":"","overlay-color":"","overlay-opacity":"","overlay-gradient":""},"mobile":{"background-color":"var(--ast-global-color-4)","background-image":"","background-repeat":"repeat","background-position":"center center","background-size":"auto","background-attachment":"scroll","background-type":"","background-media":"","overlay-type":"","overlay-color":"","overlay-opacity":"","overlay-gradient":""}},"_joinchat":[],"footnotes":""},"categories":[30],"tags":[],"_links":{"self":[{"href":"https:\/\/radiosantaclara.sitetopfm.com.br\/site\/wp-json\/wp\/v2\/posts\/3874"}],"collection":[{"href":"https:\/\/radiosantaclara.sitetopfm.com.br\/site\/wp-json\/wp\/v2\/posts"}],"about":[{"href":"https:\/\/radiosantaclara.sitetopfm.com.br\/site\/wp-json\/wp\/v2\/types\/post"}],"author":[{"embeddable":true,"href":"https:\/\/radiosantaclara.sitetopfm.com.br\/site\/wp-json\/wp\/v2\/users\/1"}],"replies":[{"embeddable":true,"href":"https:\/\/radiosantaclara.sitetopfm.com.br\/site\/wp-json\/wp\/v2\/comments?post=3874"}],"version-history":[{"count":0,"href":"https:\/\/radiosantaclara.sitetopfm.com.br\/site\/wp-json\/wp\/v2\/posts\/3874\/revisions"}],"wp:featuredmedia":[{"embeddable":true,"href":"https:\/\/radiosantaclara.sitetopfm.com.br\/site\/wp-json\/wp\/v2\/media\/3875"}],"wp:attachment":[{"href":"https:\/\/radiosantaclara.sitetopfm.com.br\/site\/wp-json\/wp\/v2\/media?parent=3874"}],"wp:term":[{"taxonomy":"category","embeddable":true,"href":"https:\/\/radiosantaclara.sitetopfm.com.br\/site\/wp-json\/wp\/v2\/categories?post=3874"},{"taxonomy":"post_tag","embeddable":true,"href":"https:\/\/radiosantaclara.sitetopfm.com.br\/site\/wp-json\/wp\/v2\/tags?post=3874"}],"curies":[{"name":"wp","href":"https:\/\/api.w.org\/{rel}","templated":true}]}}