{"id":3837,"date":"2025-10-09T09:32:53","date_gmt":"2025-10-09T12:32:53","guid":{"rendered":"https:\/\/radiosantaclara.sitetopfm.com.br\/site\/mp-sobre-tributacao-de-investimentos-e-retirada-de-pauta-e-perde-a-validade-noticias\/"},"modified":"2025-10-09T09:32:53","modified_gmt":"2025-10-09T12:32:53","slug":"mp-sobre-tributacao-de-investimentos-e-retirada-de-pauta-e-perde-a-validade-noticias","status":"publish","type":"post","link":"https:\/\/radiosantaclara.sitetopfm.com.br\/site\/mp-sobre-tributacao-de-investimentos-e-retirada-de-pauta-e-perde-a-validade-noticias\/","title":{"rendered":"MP sobre tributa\u00e7\u00e3o de investimentos \u00e9 retirada de pauta e perde a validade &#8211; Not\u00edcias"},"content":{"rendered":"<p> <br \/>\n<\/p>\n<div>\n<p class=\"g-artigo__data-hora\">\n                      08\/10\/2025 &#8211; 18:38 \u00a0<br \/>\n                        <span>\u2022 \u00a0 Atualizado em 09\/10\/2025 &#8211; 08:30<\/span>\n                    <\/p>\n<div id=\"image-container-1209555\" class=\"image-container\" style=\"float: none; margin: 45px 0px; width: 100%;\" data-midia=\"1209555\">\n<p><em>Kayo Magalh\u00e3es\/C\u00e2mara dos Deputados<\/em><\/p>\n<p>Deputados na sess\u00e3o do Plen\u00e1rio desta quarta-feira<\/p>\n<\/p><\/div>\n<p>A C\u00e2mara dos Deputados aprovou requerimento da oposi\u00e7\u00e3o e retirou de pauta a Medida Provis\u00f3ria 1303\/25, que unifica em 18% a tributa\u00e7\u00e3o sobre todas as aplica\u00e7\u00f5es financeiras a partir de 1\u00ba de janeiro de 2026 e aumenta a Contribui\u00e7\u00e3o Social sobre o Lucro L\u00edquido (<span id=\"4154\" class=\"termoGlossario\" title=\"Tributo a ser pago \u00e0 Receita Federal por pessoas jur\u00eddicas domiciliadas no Pa\u00eds e por empresas que lhes s\u00e3o equiparadas pela legisla\u00e7\u00e3o do Imposto de Renda. A CSLL ser\u00e1 determinada mediante aplica\u00e7\u00e3o da al\u00edquota de 9% sobre o resultado ajustado, presumido ou arbitrado. Essa contribui\u00e7\u00e3o tamb\u00e9m incide sobre os lucros obtidos no exterior.\" contenteditable=\"false\" data-toggle=\"tooltip\" data-placement=\"top\">CSLL<\/span>) de algumas institui\u00e7\u00f5es financeiras. Foram <a href=\"https:\/\/www.camara.leg.br\/presenca-comissoes\/votacao-portal?reuniao=79678\">251 votos a favor da retirada e 193 contra<\/a>.<\/p>\n<p>Como a MP perde a vig\u00eancia \u00e0 meia-noite de hoje, n\u00e3o haver\u00e1 tempo para an\u00e1lise em outra sess\u00e3o. Se passasse pela C\u00e2mara, a medida tamb\u00e9m precisaria ser votada hoje pelo Senado.<\/p>\n<p>Considerada pelo governo essencial para o equil\u00edbrio fiscal do pr\u00f3ximo ano, a MP foi publicada em junho ap\u00f3s a revoga\u00e7\u00e3o do decreto presidencial que havia elevado o Imposto sobre Opera\u00e7\u00f5es Financeiras (IOF) em diversas transa\u00e7\u00f5es. O Supremo Tribunal Federal (STF), no entanto, permitiu que a maior parte dos aumentos previstos no decreto fossem mantidos.<\/p>\n<p>O texto original da MP trazia uma expectativa de arrecada\u00e7\u00e3o adicional de cerca de R$ 10,5 bilh\u00f5es para 2025 e de R$ 21 bilh\u00f5es para 2026, diminu\u00edda para cerca de R$ 17 bilh\u00f5es depois de negocia\u00e7\u00f5es na comiss\u00e3o mista que analisou o tema.<\/p>\n<p>Sem o dinheiro extra, o governo dever\u00e1 fazer novo bloqueio nas despesas de 2025, incluindo emendas parlamentares, e para 2026 ter\u00e1 de obter cerca de R$ 35 bilh\u00f5es no Or\u00e7amento por meio de cortes ou novas receitas de outras fontes, como <span id=\"4186\" class=\"termoGlossario\" title=\"Imposto sobre Produtos Industrializados (IPI): Imposto cobrado pelo governo federal que incide sobre os produtos fabricados no Pa\u00eds ou importados. A al\u00edquota varia conforme o produto.\" contenteditable=\"false\" data-toggle=\"tooltip\" data-placement=\"top\">IPI<\/span> e o pr\u00f3prio <span id=\"4503\" class=\"termoGlossario\" title=\"Imposto federal que incide sobre opera\u00e7\u00f5es de cr\u00e9dito (como empr\u00e9stimos e financiamentos), seguro, c\u00e2mbio (incluindo compras no exterior efetuadas com cart\u00e3o de cr\u00e9dito), ouro e t\u00edtulos.\" contenteditable=\"false\" data-toggle=\"tooltip\" data-placement=\"top\">IOF<\/span>, que podem ter al\u00edquotas aumentadas por decreto.<\/p>\n<div id=\"image-container-1209561\" class=\"image-container\" style=\"float: none; margin: 45px 0px; width: 100%;\" data-midia=\"1209561\">\n<p><em>Kayo Magalh\u00e3es\/C\u00e2mara dos Deputados<\/em><\/p>\n<p>Deputados da oposi\u00e7\u00e3o comemoram a retirada de pauta da MP<\/p>\n<\/p><\/div>\n<p><strong>Acordos<\/strong><br \/>Para viabilizar a vota\u00e7\u00e3o ontem na comiss\u00e3o mista, o relator da MP, deputado Carlos Zarattini (PT-SP), desistiu de v\u00e1rios pontos, como a tributa\u00e7\u00e3o de t\u00edtulos do agroneg\u00f3cio e imobili\u00e1rios e at\u00e9 mesmo do aumento do tributo sobre empresas de jogos por quota (bets), que passaria de 12% para 18%.<\/p>\n<p>Entre os pontos modificados antes da vota\u00e7\u00e3o na comiss\u00e3o, o relator aceitou aumentar o \u00edndice da MP original de tributa\u00e7\u00e3o de aplica\u00e7\u00f5es financeiras de 17,5% para 18% e diminuir de 20% para os mesmos 18% o imposto de <span id=\"4523\" class=\"termoGlossario\" title=\"\u00c9 uma das formas de uma empresa distribuir o lucro entre seus acionistas, sujeito a imposto de renda na fonte para o investidor, o que n\u00e3o ocorre para o caso de dividendos.\" contenteditable=\"false\" data-toggle=\"tooltip\" data-placement=\"top\">juros sobre capital pr\u00f3prio<\/span> (JCP), que as empresas devolvem aos s\u00f3cios a t\u00edtulo de remunera\u00e7\u00e3o do capital investido. O JCP continua assim tributado em 15%.<\/p>\n<p>A MP tamb\u00e9m tributava inicialmente os t\u00edtulos imobili\u00e1rios e do agro em 5%, mas eles continuam isentos, mesmo se a MP tivesse sido aprovada.<\/p>\n<p>Zarattini afirmou que buscou atender demandas de diferentes setores econ\u00f4micos e partidos para viabilizar a vota\u00e7\u00e3o da MP.\u00a0&#8220;Fizemos esse trabalho ouvindo todos os setores produtivos e dialogando com todos os deputados que quiseram dialogar&#8221;, disse.<\/p>\n<p>O relator criticou, no entanto, uma poss\u00edvel interfer\u00eancia do governador de S\u00e3o Paulo, Tarc\u00edsio de Freitas, para impedir a aprova\u00e7\u00e3o da medida. E\u00a0ressaltou que os recursos que seriam arrecadados com a MP s\u00e3o fundamentais para o atingimento da meta fiscal. &#8220;Sentimos muito a interfer\u00eancia puramente pol\u00edtica com \u00fanico objetivo eleitoral do governador de S\u00e3o Paulo, que mobilizou presidentes de partido para que houvesse uma nova vis\u00e3o sobre esta MP&#8221;, declarou.<\/p>\n<div id=\"image-container-1209516\" class=\"image-container\" style=\"float: none; margin: 45px 0px; width: 100%;\" data-midia=\"1209516\">\n<p><em>Kayo Magalh\u00e3es\/C\u00e2mara dos Deputados<\/em><\/p>\n<p>Deputado Carlos Zarattini, relator da MP<\/p>\n<\/p><\/div>\n<p>Durante o debate em Plen\u00e1rio sobre a MP, o l\u00edder do PL, deputado S\u00f3stenes Cavalcante (RJ), lembrou que o aumento da tributa\u00e7\u00e3o de bets foi tirado do texto por Zarattini. &#8220;Queremos que bets paguem imposto de tudo. Ali\u00e1s, nem queremos que o povo jogue, porque jogo \u00e9 uma desgra\u00e7a&#8221;, disse.<\/p>\n<p>O l\u00edder do Novo, deputado Marcel Van Hattem (RS), disse ser contra a irresponsabilidade fiscal e o aumento de impostos que, segundo ele, a MP representa. &#8220;O Novo orienta a favor do bolso do cidad\u00e3o brasileiro, contra a corrup\u00e7\u00e3o e a incompet\u00eancia do governo&#8221;, disse.<\/p>\n<p>O deputado Kim Kataguiri (Uni\u00e3o-SP) comemorou ter sido o autor do pedido para retirar a MP da pauta do Plen\u00e1rio. &#8220;N\u00f3s, que somos de oposi\u00e7\u00e3o, estamos acostumados a perder semana ap\u00f3s semana, mas desta vez, teremos uma vit\u00f3ria&#8221;, afirmou.<\/p>\n<p><strong>Governo X oposi\u00e7\u00e3o<\/strong><br \/>Para o l\u00edder do PT, deputado Lindbergh Farias (RJ), a articula\u00e7\u00e3o da oposi\u00e7\u00e3o para a derrota da MP \u00e9 uma antecipa\u00e7\u00e3o do calend\u00e1rio eleitoral de 2026. &#8220;N\u00e3o pensam que os senhores est\u00e3o ganhando, est\u00e3o ficando de costas para o povo brasileiro&#8221;, criticou.<\/p>\n<p>Essa opini\u00e3o foi refor\u00e7ada pelo deputado Helder Salom\u00e3o (PT-ES). &#8220;Voc\u00eas querem inviabilizar o governo Lula? Voc\u00eas est\u00e3o atuando contra as fam\u00edlias brasileiras&#8221;, declarou.<\/p>\n<p>O l\u00edder do governo, deputado Jos\u00e9 Guimar\u00e3es (PT-CE), afirmou que o relat\u00f3rio de Zarattini era uma constru\u00e7\u00e3o coletiva de todos os l\u00edderes partid\u00e1rios, e n\u00e3o uma produ\u00e7\u00e3o s\u00f3 dele. &#8220;Estamos cobrando daquela parte do sistema econ\u00f4mico que n\u00e3o quer pagar, que sonega e est\u00e1 na ilegalidade&#8221;, disse.<\/p>\n<p>J\u00e1 o deputado Mendon\u00e7a Filho (Uni\u00e3o-PE) afirmou que a MP foi criada para substituir o aumento do IOF, que tinha sido derrubado pelo Congresso, mas foi retomado depois de decis\u00e3o do ministro Alexandre de Moraes, do Supremo Tribunal Federal. &#8220;O IOF arrecada hoje algo como R$ 30 bilh\u00f5es por ano. O objetivo de arrecadar mais j\u00e1 est\u00e1 sendo alcan\u00e7ado. Mas o governo n\u00e3o sossega&#8221;, declarou.<\/p>\n<p><strong>Como fica<\/strong><br \/>Confira tributa\u00e7\u00f5es que continuam iguais com a perda de vig\u00eancia da MP:<\/p>\n<ul>\n<li>a\u00e7\u00f5es e fundos de a\u00e7\u00f5es: 15%;<\/li>\n<li>opera\u00e7\u00f5es de mesmo dia (day trade) na bolsa de valores: 20%;<\/li>\n<li>fundos de renda fixa e v\u00e1rios outros produtos de investimentos sem isen\u00e7\u00e3o atual: de 22,5% a 15%, conforme o prazo de perman\u00eancia do recurso investido;<\/li>\n<li>institui\u00e7\u00f5es de pagamento, administradoras do mercado de balc\u00e3o organizado, bolsas de valores, de mercadorias e de futuros, entidades de liquida\u00e7\u00e3o e compensa\u00e7\u00e3o: continuam com CSLL de 9%;<\/li>\n<li>empresas de capitaliza\u00e7\u00e3o e sociedades de cr\u00e9dito, financiamento e investimento: continuam com CSLL de 15%.<\/li>\n<\/ul>\n<p><a href=\"https:\/\/www.camara.leg.br\/noticias\/573452-saiba-mais-sobre-a-tramitacao-de-mps\/\">Saiba mais sobre a tramita\u00e7\u00e3o de medidas provis\u00f3rias<\/a><\/p>\n<p style=\"font-size: 0.8rem; font-weight: 700;\">Reportagem \u2013 Eduardo Piovesan e Tiago Miranda<br \/>Edi\u00e7\u00e3o \u2013 Pierre Triboli<\/p>\n<\/p><\/div>\n<p><br \/>\n<br \/><a href=\"https:\/\/www.camara.leg.br\/noticias\/1209479-mp-sobre-tributacao-de-investimentos-e-retirada-de-pauta-e-perde-a-validade\/\">postagem original <\/a><\/p>\n","protected":false},"excerpt":{"rendered":"<p>08\/10\/2025 &#8211; 18:38 \u00a0 \u2022 \u00a0 Atualizado em 09\/10\/2025 &#8211; 08:30 Kayo Magalh\u00e3es\/C\u00e2mara dos Deputados Deputados na sess\u00e3o do Plen\u00e1rio [&hellip;]<\/p>\n","protected":false},"author":1,"featured_media":3838,"comment_status":"open","ping_status":"open","sticky":false,"template":"","format":"standard","meta":{"site-sidebar-layout":"default","site-content-layout":"","ast-site-content-layout":"default","site-content-style":"default","site-sidebar-style":"default","ast-global-header-display":"","ast-banner-title-visibility":"","ast-main-header-display":"","ast-hfb-above-header-display":"","ast-hfb-below-header-display":"","ast-hfb-mobile-header-display":"","site-post-title":"","ast-breadcrumbs-content":"","ast-featured-img":"","footer-sml-layout":"","theme-transparent-header-meta":"","adv-header-id-meta":"","stick-header-meta":"","header-above-stick-meta":"","header-main-stick-meta":"","header-below-stick-meta":"","astra-migrate-meta-layouts":"default","ast-page-background-enabled":"default","ast-page-background-meta":{"desktop":{"background-color":"var(--ast-global-color-5)","background-image":"","background-repeat":"repeat","background-position":"center center","background-size":"auto","background-attachment":"scroll","background-type":"","background-media":"","overlay-type":"","overlay-color":"","overlay-opacity":"","overlay-gradient":""},"tablet":{"background-color":"","background-image":"","background-repeat":"repeat","background-position":"center center","background-size":"auto","background-attachment":"scroll","background-type":"","background-media":"","overlay-type":"","overlay-color":"","overlay-opacity":"","overlay-gradient":""},"mobile":{"background-color":"","background-image":"","background-repeat":"repeat","background-position":"center center","background-size":"auto","background-attachment":"scroll","background-type":"","background-media":"","overlay-type":"","overlay-color":"","overlay-opacity":"","overlay-gradient":""}},"ast-content-background-meta":{"desktop":{"background-color":"var(--ast-global-color-4)","background-image":"","background-repeat":"repeat","background-position":"center center","background-size":"auto","background-attachment":"scroll","background-type":"","background-media":"","overlay-type":"","overlay-color":"","overlay-opacity":"","overlay-gradient":""},"tablet":{"background-color":"var(--ast-global-color-4)","background-image":"","background-repeat":"repeat","background-position":"center center","background-size":"auto","background-attachment":"scroll","background-type":"","background-media":"","overlay-type":"","overlay-color":"","overlay-opacity":"","overlay-gradient":""},"mobile":{"background-color":"var(--ast-global-color-4)","background-image":"","background-repeat":"repeat","background-position":"center center","background-size":"auto","background-attachment":"scroll","background-type":"","background-media":"","overlay-type":"","overlay-color":"","overlay-opacity":"","overlay-gradient":""}},"_joinchat":[],"footnotes":""},"categories":[34],"tags":[],"_links":{"self":[{"href":"https:\/\/radiosantaclara.sitetopfm.com.br\/site\/wp-json\/wp\/v2\/posts\/3837"}],"collection":[{"href":"https:\/\/radiosantaclara.sitetopfm.com.br\/site\/wp-json\/wp\/v2\/posts"}],"about":[{"href":"https:\/\/radiosantaclara.sitetopfm.com.br\/site\/wp-json\/wp\/v2\/types\/post"}],"author":[{"embeddable":true,"href":"https:\/\/radiosantaclara.sitetopfm.com.br\/site\/wp-json\/wp\/v2\/users\/1"}],"replies":[{"embeddable":true,"href":"https:\/\/radiosantaclara.sitetopfm.com.br\/site\/wp-json\/wp\/v2\/comments?post=3837"}],"version-history":[{"count":0,"href":"https:\/\/radiosantaclara.sitetopfm.com.br\/site\/wp-json\/wp\/v2\/posts\/3837\/revisions"}],"wp:featuredmedia":[{"embeddable":true,"href":"https:\/\/radiosantaclara.sitetopfm.com.br\/site\/wp-json\/wp\/v2\/media\/3838"}],"wp:attachment":[{"href":"https:\/\/radiosantaclara.sitetopfm.com.br\/site\/wp-json\/wp\/v2\/media?parent=3837"}],"wp:term":[{"taxonomy":"category","embeddable":true,"href":"https:\/\/radiosantaclara.sitetopfm.com.br\/site\/wp-json\/wp\/v2\/categories?post=3837"},{"taxonomy":"post_tag","embeddable":true,"href":"https:\/\/radiosantaclara.sitetopfm.com.br\/site\/wp-json\/wp\/v2\/tags?post=3837"}],"curies":[{"name":"wp","href":"https:\/\/api.w.org\/{rel}","templated":true}]}}