{"id":3816,"date":"2025-10-08T09:36:18","date_gmt":"2025-10-08T12:36:18","guid":{"rendered":"https:\/\/radiosantaclara.sitetopfm.com.br\/site\/comissao-debate-impactos-de-operacao-da-policia-federal-sobre-mineracao-ilegal-noticias\/"},"modified":"2025-10-08T09:36:18","modified_gmt":"2025-10-08T12:36:18","slug":"comissao-debate-impactos-de-operacao-da-policia-federal-sobre-mineracao-ilegal-noticias","status":"publish","type":"post","link":"https:\/\/radiosantaclara.sitetopfm.com.br\/site\/comissao-debate-impactos-de-operacao-da-policia-federal-sobre-mineracao-ilegal-noticias\/","title":{"rendered":"Comiss\u00e3o debate impactos de opera\u00e7\u00e3o da Pol\u00edcia Federal sobre minera\u00e7\u00e3o ilegal &#8211; Not\u00edcias"},"content":{"rendered":"<p> <br \/>\n<\/p>\n<div>\n<div>\n<p class=\"g-artigo__data-hora\">\n                      08\/10\/2025 &#8211; 08:16 \u00a0\n                    <\/p>\n<div id=\"image-container-1208513\" class=\"image-container\" style=\"float: none; margin: 45px 0px; width: 100%;\" data-midia=\"1208513\">\n<p><em>Depositphotos<\/em><\/p>\n<p>Opera\u00e7\u00e3o da PF apura crimes ambientais, corrup\u00e7\u00e3o e lavagem de dinheiro<\/p>\n<\/p><\/div>\n<p data-start=\"212\" data-end=\"422\">A Comiss\u00e3o de Minas e Energia da C\u00e2mara dos Deputados promove audi\u00eancia p\u00fablica nesta quarta-feira (8) para discutir os impactos da Opera\u00e7\u00e3o Rejeito, da Pol\u00edcia Federal, de combate \u00e0 minera\u00e7\u00e3o ilegal. A reuni\u00e3o ser\u00e1 realizada no plen\u00e1rio 14, \u00e0s 9 horas.<\/p>\n<p data-start=\"565\" data-end=\"663\">O debate atende a requerimento dos deputados Hugo Leal (PSD-RJ) e Max Lemos (PDT-RJ). Os parlamentares afirmam que a opera\u00e7\u00e3o investiga um esquema de minera\u00e7\u00e3o ilegal envolvendo empres\u00e1rios e servidores p\u00fablicos, entre eles um diretor da Ag\u00eancia Nacional de Minera\u00e7\u00e3o (ANM). A a\u00e7\u00e3o apura crimes ambientais, corrup\u00e7\u00e3o e lavagem de dinheiro.<\/p>\n<p data-start=\"1003\" data-end=\"1255\">\u201c\u00c9 fundamental avaliar os impactos desses crimes na minera\u00e7\u00e3o brasileira e as medidas que est\u00e3o sendo adotadas para evitar novos casos\u201d, afirma Hugo Leal.<\/p>\n<p style=\"font-size: 0.8rem; font-weight: 700;\">Da Reda\u00e7\u00e3o \u2013 MO<\/p>\n<\/p><\/div>\n<\/p><\/div>\n<p><br \/>\n<br \/><a href=\"https:\/\/www.camara.leg.br\/noticias\/1207424-comissao-debate-impactos-de-operacao-da-policia-federal-sobre-mineracao-ilegal\/\">postagem original <\/a><\/p>\n","protected":false},"excerpt":{"rendered":"<p>08\/10\/2025 &#8211; 08:16 \u00a0 Depositphotos Opera\u00e7\u00e3o da PF apura crimes ambientais, corrup\u00e7\u00e3o e lavagem de dinheiro A Comiss\u00e3o de Minas [&hellip;]<\/p>\n","protected":false},"author":1,"featured_media":3817,"comment_status":"open","ping_status":"open","sticky":false,"template":"","format":"standard","meta":{"site-sidebar-layout":"default","site-content-layout":"","ast-site-content-layout":"default","site-content-style":"default","site-sidebar-style":"default","ast-global-header-display":"","ast-banner-title-visibility":"","ast-main-header-display":"","ast-hfb-above-header-display":"","ast-hfb-below-header-display":"","ast-hfb-mobile-header-display":"","site-post-title":"","ast-breadcrumbs-content":"","ast-featured-img":"","footer-sml-layout":"","theme-transparent-header-meta":"","adv-header-id-meta":"","stick-header-meta":"","header-above-stick-meta":"","header-main-stick-meta":"","header-below-stick-meta":"","astra-migrate-meta-layouts":"default","ast-page-background-enabled":"default","ast-page-background-meta":{"desktop":{"background-color":"var(--ast-global-color-5)","background-image":"","background-repeat":"repeat","background-position":"center center","background-size":"auto","background-attachment":"scroll","background-type":"","background-media":"","overlay-type":"","overlay-color":"","overlay-opacity":"","overlay-gradient":""},"tablet":{"background-color":"","background-image":"","background-repeat":"repeat","background-position":"center center","background-size":"auto","background-attachment":"scroll","background-type":"","background-media":"","overlay-type":"","overlay-color":"","overlay-opacity":"","overlay-gradient":""},"mobile":{"background-color":"","background-image":"","background-repeat":"repeat","background-position":"center center","background-size":"auto","background-attachment":"scroll","background-type":"","background-media":"","overlay-type":"","overlay-color":"","overlay-opacity":"","overlay-gradient":""}},"ast-content-background-meta":{"desktop":{"background-color":"var(--ast-global-color-4)","background-image":"","background-repeat":"repeat","background-position":"center center","background-size":"auto","background-attachment":"scroll","background-type":"","background-media":"","overlay-type":"","overlay-color":"","overlay-opacity":"","overlay-gradient":""},"tablet":{"background-color":"var(--ast-global-color-4)","background-image":"","background-repeat":"repeat","background-position":"center center","background-size":"auto","background-attachment":"scroll","background-type":"","background-media":"","overlay-type":"","overlay-color":"","overlay-opacity":"","overlay-gradient":""},"mobile":{"background-color":"var(--ast-global-color-4)","background-image":"","background-repeat":"repeat","background-position":"center center","background-size":"auto","background-attachment":"scroll","background-type":"","background-media":"","overlay-type":"","overlay-color":"","overlay-opacity":"","overlay-gradient":""}},"_joinchat":[],"footnotes":""},"categories":[28],"tags":[],"_links":{"self":[{"href":"https:\/\/radiosantaclara.sitetopfm.com.br\/site\/wp-json\/wp\/v2\/posts\/3816"}],"collection":[{"href":"https:\/\/radiosantaclara.sitetopfm.com.br\/site\/wp-json\/wp\/v2\/posts"}],"about":[{"href":"https:\/\/radiosantaclara.sitetopfm.com.br\/site\/wp-json\/wp\/v2\/types\/post"}],"author":[{"embeddable":true,"href":"https:\/\/radiosantaclara.sitetopfm.com.br\/site\/wp-json\/wp\/v2\/users\/1"}],"replies":[{"embeddable":true,"href":"https:\/\/radiosantaclara.sitetopfm.com.br\/site\/wp-json\/wp\/v2\/comments?post=3816"}],"version-history":[{"count":0,"href":"https:\/\/radiosantaclara.sitetopfm.com.br\/site\/wp-json\/wp\/v2\/posts\/3816\/revisions"}],"wp:featuredmedia":[{"embeddable":true,"href":"https:\/\/radiosantaclara.sitetopfm.com.br\/site\/wp-json\/wp\/v2\/media\/3817"}],"wp:attachment":[{"href":"https:\/\/radiosantaclara.sitetopfm.com.br\/site\/wp-json\/wp\/v2\/media?parent=3816"}],"wp:term":[{"taxonomy":"category","embeddable":true,"href":"https:\/\/radiosantaclara.sitetopfm.com.br\/site\/wp-json\/wp\/v2\/categories?post=3816"},{"taxonomy":"post_tag","embeddable":true,"href":"https:\/\/radiosantaclara.sitetopfm.com.br\/site\/wp-json\/wp\/v2\/tags?post=3816"}],"curies":[{"name":"wp","href":"https:\/\/api.w.org\/{rel}","templated":true}]}}