{"id":3732,"date":"2025-10-04T03:10:25","date_gmt":"2025-10-04T06:10:25","guid":{"rendered":"https:\/\/radiosantaclara.sitetopfm.com.br\/site\/comissao-aprova-proibicao-de-penhora-de-imovel-rural-em-area-superior-a-divida-noticias\/"},"modified":"2025-10-04T03:10:25","modified_gmt":"2025-10-04T06:10:25","slug":"comissao-aprova-proibicao-de-penhora-de-imovel-rural-em-area-superior-a-divida-noticias","status":"publish","type":"post","link":"https:\/\/radiosantaclara.sitetopfm.com.br\/site\/comissao-aprova-proibicao-de-penhora-de-imovel-rural-em-area-superior-a-divida-noticias\/","title":{"rendered":"Comiss\u00e3o aprova proibi\u00e7\u00e3o de penhora de im\u00f3vel rural em \u00e1rea superior \u00e0 d\u00edvida &#8211; Not\u00edcias"},"content":{"rendered":"<p> <br \/>\n<\/p>\n<div>\n<div>\n<p class=\"g-artigo__data-hora\">\n                      02\/10\/2025 &#8211; 13:15 \u00a0\n                    <\/p>\n<div id=\"image-container-1206927\" class=\"image-container\" style=\"float: none; margin: 45px 0px; width: 100%;\" data-midia=\"1206927\">\n<p><em>Kayo Magalh\u00e3es\/C\u00e2mara dos Deputados<\/em><\/p>\n<p>Giovanni Cherini: proposta corrige distor\u00e7\u00f5es praticadas atualmente<\/p>\n<\/p><\/div>\n<p>A Comiss\u00e3o de Agricultura, Pecu\u00e1ria, Abastecimento e Desenvolvimento Rural\u00a0 da C\u00e2mara dos Deputados aprovou o Projeto de Lei 2789\/25, do deputado Lucio Mosquini (MDB-RO), que pro\u00edbe a penhora de \u00e1rea de im\u00f3vel rural em extens\u00e3o maior que o valor da d\u00edvida.<\/p>\n<p>Pela proposta, s\u00f3 poder\u00e1 ser penhorada a fra\u00e7\u00e3o do im\u00f3vel necess\u00e1ria ao pagamento do d\u00e9bito, sempre com base em avalia\u00e7\u00e3o t\u00e9cnica e observando a manuten\u00e7\u00e3o da atividade econ\u00f4mica do produtor rural.<\/p>\n<p><strong>Relat\u00f3rio<\/strong><br \/>Os parlamentares acolheram o <a href=\"https:\/\/www.camara.leg.br\/proposicoesWeb\/prop_mostrarintegra?codteor=2991588&amp;filename=PRL+1+CAPADR+%3D%3E+PL+2789\/2025\">parecer do relator<\/a>, Giovani Cherini (PL-RS), pela aprova\u00e7\u00e3o do texto. Para Cherini, o projeto corrige distor\u00e7\u00f5es observadas em processos de execu\u00e7\u00e3o, em que a penhora integral de im\u00f3veis rurais resulta em preju\u00edzos para o produtor rural, muitas vezes inviabilizando sua atividade econ\u00f4mica.<\/p>\n<p>O relator afirmou ainda que a avalia\u00e7\u00e3o t\u00e9cnica especializada garantir\u00e1 a precis\u00e3o na determina\u00e7\u00e3o da \u00e1rea a ser penhorada, evitando arbitrariedades. \u201cA prote\u00e7\u00e3o da atividade do produtor rural \u00e9 um est\u00edmulo \u00e0 continuidade dos investimentos no setor, contribuindo para a manuten\u00e7\u00e3o do emprego no campo e para a sustentabilidade das cadeias produtivas\u201d, disse.<\/p>\n<p>\u201cA proposta n\u00e3o compromete os direitos dos credores e estabelece crit\u00e9rios mais precisos e proporcionais para a satisfa\u00e7\u00e3o do cr\u00e9dito\u201d, acrescentou Cherini.<\/p>\n<p><strong>Pr\u00f3ximos passos<\/strong><br \/>O projeto ainda ser\u00e1 analisado em <span id=\"4322\" class=\"termoGlossario\" title=\"Rito de tramita\u00e7\u00e3o pelo qual o projeto \u00e9 votado apenas pelas comiss\u00f5es designadas para analis\u00e1-lo, dispensada a delibera\u00e7\u00e3o do Plen\u00e1rio. O projeto perde o car\u00e1ter conclusivo se houver decis\u00e3o divergente entre as comiss\u00f5es ou se, independentemente de ser aprovado ou rejeitado, houver recurso assinado por 52 deputados para a aprecia\u00e7\u00e3o da mat\u00e9ria no Plen\u00e1rio.\" contenteditable=\"false\" data-toggle=\"tooltip\" data-placement=\"top\">car\u00e1ter conclusivo<\/span> pela Comiss\u00e3o de Constitui\u00e7\u00e3o e Justi\u00e7a e de Cidadania. Para virar lei, a medida precisa ser aprovada pelos deputados e pelos senadores.<\/p>\n<p>\u00a0<\/p>\n<p>\u00a0<\/p>\n<p>        <iframe class=\"infografico-container\" style=\"width: 100%; height: 100%;\" src=\"https:\/\/www.camara.leg.br\/internet\/agencia\/infograficos-html5\/penhora-de-bens-segundo-cpc\/index.html\" frameborder=\"0\" data-mce-fragment=\"1\"><\/iframe><\/p>\n<p>\u00a0<\/p>\n<p style=\"font-size: 0.8rem; font-weight: 700;\">Reportagem \u2013 No\u00e9li Nobre<br \/>Edi\u00e7\u00e3o \u2013 Marcelo Oliveira<\/p>\n<\/p><\/div>\n<\/p><\/div>\n<p><br \/>\n<br \/><a href=\"https:\/\/www.camara.leg.br\/noticias\/1206853-comissao-aprova-proibicao-de-penhora-de-imovel-rural-em-area-superior-a-divida\/\">postagem original <\/a><\/p>\n","protected":false},"excerpt":{"rendered":"<p>02\/10\/2025 &#8211; 13:15 \u00a0 Kayo Magalh\u00e3es\/C\u00e2mara dos Deputados Giovanni Cherini: proposta corrige distor\u00e7\u00f5es praticadas atualmente A Comiss\u00e3o de Agricultura, Pecu\u00e1ria, [&hellip;]<\/p>\n","protected":false},"author":1,"featured_media":3733,"comment_status":"open","ping_status":"open","sticky":false,"template":"","format":"standard","meta":{"site-sidebar-layout":"default","site-content-layout":"","ast-site-content-layout":"default","site-content-style":"default","site-sidebar-style":"default","ast-global-header-display":"","ast-banner-title-visibility":"","ast-main-header-display":"","ast-hfb-above-header-display":"","ast-hfb-below-header-display":"","ast-hfb-mobile-header-display":"","site-post-title":"","ast-breadcrumbs-content":"","ast-featured-img":"","footer-sml-layout":"","theme-transparent-header-meta":"","adv-header-id-meta":"","stick-header-meta":"","header-above-stick-meta":"","header-main-stick-meta":"","header-below-stick-meta":"","astra-migrate-meta-layouts":"default","ast-page-background-enabled":"default","ast-page-background-meta":{"desktop":{"background-color":"var(--ast-global-color-5)","background-image":"","background-repeat":"repeat","background-position":"center center","background-size":"auto","background-attachment":"scroll","background-type":"","background-media":"","overlay-type":"","overlay-color":"","overlay-opacity":"","overlay-gradient":""},"tablet":{"background-color":"","background-image":"","background-repeat":"repeat","background-position":"center center","background-size":"auto","background-attachment":"scroll","background-type":"","background-media":"","overlay-type":"","overlay-color":"","overlay-opacity":"","overlay-gradient":""},"mobile":{"background-color":"","background-image":"","background-repeat":"repeat","background-position":"center center","background-size":"auto","background-attachment":"scroll","background-type":"","background-media":"","overlay-type":"","overlay-color":"","overlay-opacity":"","overlay-gradient":""}},"ast-content-background-meta":{"desktop":{"background-color":"var(--ast-global-color-4)","background-image":"","background-repeat":"repeat","background-position":"center center","background-size":"auto","background-attachment":"scroll","background-type":"","background-media":"","overlay-type":"","overlay-color":"","overlay-opacity":"","overlay-gradient":""},"tablet":{"background-color":"var(--ast-global-color-4)","background-image":"","background-repeat":"repeat","background-position":"center center","background-size":"auto","background-attachment":"scroll","background-type":"","background-media":"","overlay-type":"","overlay-color":"","overlay-opacity":"","overlay-gradient":""},"mobile":{"background-color":"var(--ast-global-color-4)","background-image":"","background-repeat":"repeat","background-position":"center center","background-size":"auto","background-attachment":"scroll","background-type":"","background-media":"","overlay-type":"","overlay-color":"","overlay-opacity":"","overlay-gradient":""}},"_joinchat":[],"footnotes":""},"categories":[35],"tags":[],"_links":{"self":[{"href":"https:\/\/radiosantaclara.sitetopfm.com.br\/site\/wp-json\/wp\/v2\/posts\/3732"}],"collection":[{"href":"https:\/\/radiosantaclara.sitetopfm.com.br\/site\/wp-json\/wp\/v2\/posts"}],"about":[{"href":"https:\/\/radiosantaclara.sitetopfm.com.br\/site\/wp-json\/wp\/v2\/types\/post"}],"author":[{"embeddable":true,"href":"https:\/\/radiosantaclara.sitetopfm.com.br\/site\/wp-json\/wp\/v2\/users\/1"}],"replies":[{"embeddable":true,"href":"https:\/\/radiosantaclara.sitetopfm.com.br\/site\/wp-json\/wp\/v2\/comments?post=3732"}],"version-history":[{"count":0,"href":"https:\/\/radiosantaclara.sitetopfm.com.br\/site\/wp-json\/wp\/v2\/posts\/3732\/revisions"}],"wp:featuredmedia":[{"embeddable":true,"href":"https:\/\/radiosantaclara.sitetopfm.com.br\/site\/wp-json\/wp\/v2\/media\/3733"}],"wp:attachment":[{"href":"https:\/\/radiosantaclara.sitetopfm.com.br\/site\/wp-json\/wp\/v2\/media?parent=3732"}],"wp:term":[{"taxonomy":"category","embeddable":true,"href":"https:\/\/radiosantaclara.sitetopfm.com.br\/site\/wp-json\/wp\/v2\/categories?post=3732"},{"taxonomy":"post_tag","embeddable":true,"href":"https:\/\/radiosantaclara.sitetopfm.com.br\/site\/wp-json\/wp\/v2\/tags?post=3732"}],"curies":[{"name":"wp","href":"https:\/\/api.w.org\/{rel}","templated":true}]}}