{"id":3659,"date":"2025-10-02T05:48:58","date_gmt":"2025-10-02T08:48:58","guid":{"rendered":"https:\/\/radiosantaclara.sitetopfm.com.br\/site\/participantes-de-debate-listam-avancos-e-desafios-para-a-representacao-feminina-na-politica-brasileira-noticias\/"},"modified":"2025-10-02T05:48:58","modified_gmt":"2025-10-02T08:48:58","slug":"participantes-de-debate-listam-avancos-e-desafios-para-a-representacao-feminina-na-politica-brasileira-noticias","status":"publish","type":"post","link":"https:\/\/radiosantaclara.sitetopfm.com.br\/site\/participantes-de-debate-listam-avancos-e-desafios-para-a-representacao-feminina-na-politica-brasileira-noticias\/","title":{"rendered":"Participantes de debate listam avan\u00e7os e desafios para a representa\u00e7\u00e3o feminina na pol\u00edtica brasileira &#8211; Not\u00edcias"},"content":{"rendered":"<p> <br \/>\n<\/p>\n<div>\n<p class=\"g-artigo__data-hora\">\n                      01\/10\/2025 &#8211; 20:07 \u00a0\n                    <\/p>\n<div id=\"image-container-1206664\" class=\"image-container\" style=\"float: none; margin: 45px 0px; width: 100%;\" data-midia=\"1206664\">\n<p><em>Pablo Valadares \/ C\u00e2mara dos Deputados<\/em><\/p>\n<p>Denise Pess\u00f4a: &#8220;As cotas representam conquistas e ressignificam a democracia&#8221;<\/p>\n<\/p><\/div>\n<p>Participantes de um debate na Comiss\u00e3o de Cultura da C\u00e2mara dos Deputados destacaram a import\u00e2ncia das cotas femininas na pol\u00edtica para a consolida\u00e7\u00e3o da democracia, mas ressaltaram o longo caminho para alcan\u00e7ar uma representa\u00e7\u00e3o mais igualit\u00e1ria, especialmente em um contexto hist\u00f3rico de racismo, machismo e viol\u00eancia pol\u00edtica.<\/p>\n<p>\u201cAs cotas representam conquistas, ressignificam a democracia brasileira, impulsionam as novas gera\u00e7\u00f5es. A gente v\u00ea hoje um parlamento mais diverso, com mais mulheres, mais negros e negras. Mas a gente [mulheres] n\u00e3o chega nem a 30% aqui no Congresso\u201d, lamentou a presidente da Comiss\u00e3o de Cultura, deputada Denise Pess\u00f4a (PT-RS), nesta quarta-feira (1\u00ba).<\/p>\n<p>Atualmente, as 92 deputadas federais em exerc\u00edcio representam cerca de 18% do total de 513 deputados. O n\u00famero \u00e9 baix\u00edssimo, na avalia\u00e7\u00e3o da deputada Jandira Feghali (PCdoB-RJ).<\/p>\n<p>\u201cIsso \u00e9 express\u00e3o de uma rela\u00e7\u00e3o de poder, de subalterniza\u00e7\u00e3o das mulheres que predomina em uma sociedade com maioria de mulheres\u201d, afirmou Jandira. \u201c\u00c9 um processo cultural, econ\u00f4mico e pol\u00edtico. Por isso, temos que ter pol\u00edticas afirmativas para aumentar a representa\u00e7\u00e3o de mulheres.\u201d<\/p>\n<p><strong>Hist\u00f3rico<\/strong><br \/>A historiadora Natalia Pietra M\u00e9ndez contextualizou o debate, lembrando que a aprova\u00e7\u00e3o da primeira lei de cotas, h\u00e1 30 anos, \u00e9 resultado de uma longa resist\u00eancia das mulheres, incluindo as lutas das mulheres ind\u00edgenas e negras contra sistemas patriarcais e racistas.<\/p>\n<p>O marco legal das cotas femininas teve seu in\u00edcio em 1995, com a <a class=\"linkLegislacao\" href=\"https:\/\/www2.camara.gov.br\/legin\/fed\/lei\/1995\/lei-9100-29-setembro-1995-372892-norma-pl.html\">Lei 9.100\/95<\/a>, de autoria da ent\u00e3o deputada Marta Suplicy (SP). Naquele momento, a lei estabeleceu a obrigatoriedade de 20% para candidaturas femininas nas elei\u00e7\u00f5es municipais.<\/p>\n<p>Dois anos depois, a <a class=\"linkLegislacao\" href=\"https:\/\/www2.camara.gov.br\/legin\/fed\/lei\/1997\/lei-9504-30-setembro-1997-365408-norma-pl.html\">Lei 9.504\/97<\/a> passou a prever o percentual m\u00ednimo de 30% e o m\u00e1ximo de 70% de candidaturas para cada g\u00eanero. Em 2009, a Minirreforma Eleitoral (<a class=\"linkLegislacao\" href=\"https:\/\/www2.camara.gov.br\/legin\/fed\/lei\/2009\/lei-12034-29-setembro-2009-591412-norma-pl.html\">Lei 12.034\/09<\/a>) tornou a regra obrigat\u00f3ria.<\/p>\n<p><strong>Desafios<br \/><\/strong>Apesar da evolu\u00e7\u00e3o legislativa, as debatedoras apontaram os desafios que ainda impedem a plena representa\u00e7\u00e3o feminina na pol\u00edtica. A pesquisadora e escritora Marisa Formolo Dalla Vecchia destacou que a cultura brasileira carrega em sua estrutura uma narrativa discriminat\u00f3ria, que naturalizou homens como l\u00edderes natos e mulheres como meras reprodutoras da cultura.<\/p>\n<p>\u201cOs partidos reproduzem as rela\u00e7\u00f5es que a sociedade tem\u201d, observou Marisa. \u201cA nossa sociedade \u00e9 patriarcal, machista, discriminat\u00f3ria, mis\u00f3gina, mas tamb\u00e9m \u00e9 alternativa, tamb\u00e9m \u00e9 possibilidade de transforma\u00e7\u00e3o\u201d, disse.<\/p>\n<p><strong>Sugest\u00f5es<br \/><\/strong>Para al\u00e9m das cotas, as participantes apresentaram sugest\u00f5es para acelerar a igualdade na pol\u00edtica. Jandira Feghali defendeu a reserva de cadeiras. \u201cVai valer para todos os poderes. Nenhuma cidade vai ficar sem vereadora e nenhum estado vai ficar sem deputada.\u201d<\/p>\n<p>Por sua vez, Marisa Formolo Dalla Vecchia sugeriu puni\u00e7\u00f5es para os partidos que n\u00e3o garantirem o exerc\u00edcio do direito das mulheres. \u201cPara ter equidade de cadeiras, \u00e9 preciso equidade nas candidaturas. Enquanto n\u00e3o houver equidade, estaremos lutando ferrenhamente por um direito que est\u00e1 constitu\u00eddo.\u201d<\/p>\n<p>J\u00e1 Natalia M\u00e9ndez sugeriu, entre outras medidas, o investimento dos partidos pol\u00edticos na forma\u00e7\u00e3o de lideran\u00e7as femininas e a abertura de espa\u00e7o para que as mulheres estejam de fato no centro das elei\u00e7\u00f5es.<\/p>\n<p><strong>Expresso 168<br \/><\/strong>O debate desta quarta \u2013 sobre\u00a0 o tema &#8220;Cultura, Pol\u00edtica e Mulheres: 30 anos da lei de cota para candidaturas femininas&#8221; \u2013 integrou o \u201cExpresso 168\u201d, espa\u00e7o permanente de di\u00e1logo e fiscaliza\u00e7\u00e3o das pol\u00edticas p\u00fablicas, na forma de encontros com gestores, produtores e artistas de todas as linguagens para discutir a pol\u00edtica cultural.<\/p>\n<p style=\"font-size: 0.8rem; font-weight: 700;\">Reportagem \u2013 No\u00e9li Nobre<br \/>Edi\u00e7\u00e3o \u2013 Ana Chalub<\/p>\n<\/p><\/div>\n<p><br \/>\n<br \/><a href=\"https:\/\/www.camara.leg.br\/noticias\/1206600-participantes-de-debate-listam-avancos-e-desafios-para-a-representacao-feminina-na-politica-brasileira\/\">postagem original <\/a><\/p>\n","protected":false},"excerpt":{"rendered":"<p>01\/10\/2025 &#8211; 20:07 \u00a0 Pablo Valadares \/ C\u00e2mara dos Deputados Denise Pess\u00f4a: &#8220;As cotas representam conquistas e ressignificam a democracia&#8221; [&hellip;]<\/p>\n","protected":false},"author":1,"featured_media":3660,"comment_status":"open","ping_status":"open","sticky":false,"template":"","format":"standard","meta":{"site-sidebar-layout":"default","site-content-layout":"","ast-site-content-layout":"default","site-content-style":"default","site-sidebar-style":"default","ast-global-header-display":"","ast-banner-title-visibility":"","ast-main-header-display":"","ast-hfb-above-header-display":"","ast-hfb-below-header-display":"","ast-hfb-mobile-header-display":"","site-post-title":"","ast-breadcrumbs-content":"","ast-featured-img":"","footer-sml-layout":"","theme-transparent-header-meta":"","adv-header-id-meta":"","stick-header-meta":"","header-above-stick-meta":"","header-main-stick-meta":"","header-below-stick-meta":"","astra-migrate-meta-layouts":"default","ast-page-background-enabled":"default","ast-page-background-meta":{"desktop":{"background-color":"var(--ast-global-color-5)","background-image":"","background-repeat":"repeat","background-position":"center center","background-size":"auto","background-attachment":"scroll","background-type":"","background-media":"","overlay-type":"","overlay-color":"","overlay-opacity":"","overlay-gradient":""},"tablet":{"background-color":"","background-image":"","background-repeat":"repeat","background-position":"center center","background-size":"auto","background-attachment":"scroll","background-type":"","background-media":"","overlay-type":"","overlay-color":"","overlay-opacity":"","overlay-gradient":""},"mobile":{"background-color":"","background-image":"","background-repeat":"repeat","background-position":"center center","background-size":"auto","background-attachment":"scroll","background-type":"","background-media":"","overlay-type":"","overlay-color":"","overlay-opacity":"","overlay-gradient":""}},"ast-content-background-meta":{"desktop":{"background-color":"var(--ast-global-color-4)","background-image":"","background-repeat":"repeat","background-position":"center center","background-size":"auto","background-attachment":"scroll","background-type":"","background-media":"","overlay-type":"","overlay-color":"","overlay-opacity":"","overlay-gradient":""},"tablet":{"background-color":"var(--ast-global-color-4)","background-image":"","background-repeat":"repeat","background-position":"center center","background-size":"auto","background-attachment":"scroll","background-type":"","background-media":"","overlay-type":"","overlay-color":"","overlay-opacity":"","overlay-gradient":""},"mobile":{"background-color":"var(--ast-global-color-4)","background-image":"","background-repeat":"repeat","background-position":"center center","background-size":"auto","background-attachment":"scroll","background-type":"","background-media":"","overlay-type":"","overlay-color":"","overlay-opacity":"","overlay-gradient":""}},"_joinchat":[],"footnotes":""},"categories":[27],"tags":[],"_links":{"self":[{"href":"https:\/\/radiosantaclara.sitetopfm.com.br\/site\/wp-json\/wp\/v2\/posts\/3659"}],"collection":[{"href":"https:\/\/radiosantaclara.sitetopfm.com.br\/site\/wp-json\/wp\/v2\/posts"}],"about":[{"href":"https:\/\/radiosantaclara.sitetopfm.com.br\/site\/wp-json\/wp\/v2\/types\/post"}],"author":[{"embeddable":true,"href":"https:\/\/radiosantaclara.sitetopfm.com.br\/site\/wp-json\/wp\/v2\/users\/1"}],"replies":[{"embeddable":true,"href":"https:\/\/radiosantaclara.sitetopfm.com.br\/site\/wp-json\/wp\/v2\/comments?post=3659"}],"version-history":[{"count":0,"href":"https:\/\/radiosantaclara.sitetopfm.com.br\/site\/wp-json\/wp\/v2\/posts\/3659\/revisions"}],"wp:featuredmedia":[{"embeddable":true,"href":"https:\/\/radiosantaclara.sitetopfm.com.br\/site\/wp-json\/wp\/v2\/media\/3660"}],"wp:attachment":[{"href":"https:\/\/radiosantaclara.sitetopfm.com.br\/site\/wp-json\/wp\/v2\/media?parent=3659"}],"wp:term":[{"taxonomy":"category","embeddable":true,"href":"https:\/\/radiosantaclara.sitetopfm.com.br\/site\/wp-json\/wp\/v2\/categories?post=3659"},{"taxonomy":"post_tag","embeddable":true,"href":"https:\/\/radiosantaclara.sitetopfm.com.br\/site\/wp-json\/wp\/v2\/tags?post=3659"}],"curies":[{"name":"wp","href":"https:\/\/api.w.org\/{rel}","templated":true}]}}