{"id":3624,"date":"2025-09-30T18:32:49","date_gmt":"2025-09-30T21:32:49","guid":{"rendered":"https:\/\/radiosantaclara.sitetopfm.com.br\/site\/comissao-debate-protecao-legal-da-bacia-do-rio-tapajos-noticias\/"},"modified":"2025-09-30T18:32:49","modified_gmt":"2025-09-30T21:32:49","slug":"comissao-debate-protecao-legal-da-bacia-do-rio-tapajos-noticias","status":"publish","type":"post","link":"https:\/\/radiosantaclara.sitetopfm.com.br\/site\/comissao-debate-protecao-legal-da-bacia-do-rio-tapajos-noticias\/","title":{"rendered":"Comiss\u00e3o debate prote\u00e7\u00e3o legal da bacia do rio Tapaj\u00f3s &#8211; Not\u00edcias"},"content":{"rendered":"<p> <br \/>\n<\/p>\n<div>\n<div>\n<p class=\"g-artigo__data-hora\">\n                      29\/09\/2025 &#8211; 13:29 \u00a0\n                    <\/p>\n<div id=\"image-container-1205275\" class=\"image-container\" style=\"float: none; margin: 45px 0px; width: 100%;\" data-midia=\"1205275\">\n<p><em>Governo do Par\u00e1<\/em><\/p>\n<p>A bacia do rio Tapaj\u00f3s \u00e9 uma das mais importantes da Amaz\u00f4nia brasileira<\/p>\n<\/p><\/div>\n<p data-start=\"167\" data-end=\"414\">A Comiss\u00e3o de Meio Ambiente e Desenvolvimento Sustent\u00e1vel da C\u00e2mara dos Deputados promove, nesta quarta-feira (1\u00ba), semin\u00e1rio sobre a prote\u00e7\u00e3o da bacia do rio Tapaj\u00f3s. O evento ser\u00e1 realizado \u00e0s 14 horas, no plen\u00e1rio 2.<\/p>\n<p data-start=\"501\" data-end=\"1091\">O evento foi solicitado pela deputada Duda Salabert (PDT-MG) para discutir o relat\u00f3rio \u201cRio Tapaj\u00f3s: An\u00e1lise Jur\u00eddica da Legisla\u00e7\u00e3o Ambiental Brasileira\u201d. O documento identifica lacunas normativas, desafios institucionais e impactos da fragmenta\u00e7\u00e3o da governan\u00e7a sobre os rios e as comunidades tradicionais da regi\u00e3o.<\/p>\n<p data-start=\"501\" data-end=\"1091\">Duda Salabert afirma que o semin\u00e1rio tamb\u00e9m vai apresentar um mapa digital interativo, elaborado pela institui\u00e7\u00e3o EcoSaMa, para subsidiar estrat\u00e9gias de fortalecimento da prote\u00e7\u00e3o legal do Tapaj\u00f3s e seus afluentes.<\/p>\n<p data-start=\"1093\" data-end=\"1563\"><strong>Import\u00e2ncia e desafios<\/strong><br \/>\u201cA bacia do rio Tapaj\u00f3s \u00e9 uma das mais importantes da Amaz\u00f4nia brasileira, abrangendo uma regi\u00e3o de grande diversidade socioambiental e cultural, habitada por dezenas de povos ind\u00edgenas, comunidades tradicionais, popula\u00e7\u00f5es ribeirinhas e urbanas&#8221;, ressalta a deputada.<\/p>\n<p data-start=\"1093\" data-end=\"1563\">Nas \u00faltimas d\u00e9cadas, no entanto, ela afirma que o territ\u00f3rio tem sido amea\u00e7ado por projetos de infraestrutura, expans\u00e3o do agroneg\u00f3cio, desmatamento e conflitos fundi\u00e1rios.<\/p>\n<p style=\"font-size: 0.8rem; font-weight: 700;\">Da Reda\u00e7\u00e3o &#8211; ND<\/p>\n<\/p><\/div>\n<\/p><\/div>\n<p><br \/>\n<br \/><a href=\"https:\/\/www.camara.leg.br\/noticias\/1204658-comissao-debate-protecao-legal-da-bacia-do-rio-tapajos\/\">postagem original <\/a><\/p>\n","protected":false},"excerpt":{"rendered":"<p>29\/09\/2025 &#8211; 13:29 \u00a0 Governo do Par\u00e1 A bacia do rio Tapaj\u00f3s \u00e9 uma das mais importantes da Amaz\u00f4nia brasileira [&hellip;]<\/p>\n","protected":false},"author":1,"featured_media":3625,"comment_status":"open","ping_status":"open","sticky":false,"template":"","format":"standard","meta":{"site-sidebar-layout":"default","site-content-layout":"","ast-site-content-layout":"default","site-content-style":"default","site-sidebar-style":"default","ast-global-header-display":"","ast-banner-title-visibility":"","ast-main-header-display":"","ast-hfb-above-header-display":"","ast-hfb-below-header-display":"","ast-hfb-mobile-header-display":"","site-post-title":"","ast-breadcrumbs-content":"","ast-featured-img":"","footer-sml-layout":"","theme-transparent-header-meta":"","adv-header-id-meta":"","stick-header-meta":"","header-above-stick-meta":"","header-main-stick-meta":"","header-below-stick-meta":"","astra-migrate-meta-layouts":"default","ast-page-background-enabled":"default","ast-page-background-meta":{"desktop":{"background-color":"var(--ast-global-color-5)","background-image":"","background-repeat":"repeat","background-position":"center center","background-size":"auto","background-attachment":"scroll","background-type":"","background-media":"","overlay-type":"","overlay-color":"","overlay-opacity":"","overlay-gradient":""},"tablet":{"background-color":"","background-image":"","background-repeat":"repeat","background-position":"center center","background-size":"auto","background-attachment":"scroll","background-type":"","background-media":"","overlay-type":"","overlay-color":"","overlay-opacity":"","overlay-gradient":""},"mobile":{"background-color":"","background-image":"","background-repeat":"repeat","background-position":"center center","background-size":"auto","background-attachment":"scroll","background-type":"","background-media":"","overlay-type":"","overlay-color":"","overlay-opacity":"","overlay-gradient":""}},"ast-content-background-meta":{"desktop":{"background-color":"var(--ast-global-color-4)","background-image":"","background-repeat":"repeat","background-position":"center center","background-size":"auto","background-attachment":"scroll","background-type":"","background-media":"","overlay-type":"","overlay-color":"","overlay-opacity":"","overlay-gradient":""},"tablet":{"background-color":"var(--ast-global-color-4)","background-image":"","background-repeat":"repeat","background-position":"center center","background-size":"auto","background-attachment":"scroll","background-type":"","background-media":"","overlay-type":"","overlay-color":"","overlay-opacity":"","overlay-gradient":""},"mobile":{"background-color":"var(--ast-global-color-4)","background-image":"","background-repeat":"repeat","background-position":"center center","background-size":"auto","background-attachment":"scroll","background-type":"","background-media":"","overlay-type":"","overlay-color":"","overlay-opacity":"","overlay-gradient":""}},"_joinchat":[],"footnotes":""},"categories":[28],"tags":[],"_links":{"self":[{"href":"https:\/\/radiosantaclara.sitetopfm.com.br\/site\/wp-json\/wp\/v2\/posts\/3624"}],"collection":[{"href":"https:\/\/radiosantaclara.sitetopfm.com.br\/site\/wp-json\/wp\/v2\/posts"}],"about":[{"href":"https:\/\/radiosantaclara.sitetopfm.com.br\/site\/wp-json\/wp\/v2\/types\/post"}],"author":[{"embeddable":true,"href":"https:\/\/radiosantaclara.sitetopfm.com.br\/site\/wp-json\/wp\/v2\/users\/1"}],"replies":[{"embeddable":true,"href":"https:\/\/radiosantaclara.sitetopfm.com.br\/site\/wp-json\/wp\/v2\/comments?post=3624"}],"version-history":[{"count":0,"href":"https:\/\/radiosantaclara.sitetopfm.com.br\/site\/wp-json\/wp\/v2\/posts\/3624\/revisions"}],"wp:featuredmedia":[{"embeddable":true,"href":"https:\/\/radiosantaclara.sitetopfm.com.br\/site\/wp-json\/wp\/v2\/media\/3625"}],"wp:attachment":[{"href":"https:\/\/radiosantaclara.sitetopfm.com.br\/site\/wp-json\/wp\/v2\/media?parent=3624"}],"wp:term":[{"taxonomy":"category","embeddable":true,"href":"https:\/\/radiosantaclara.sitetopfm.com.br\/site\/wp-json\/wp\/v2\/categories?post=3624"},{"taxonomy":"post_tag","embeddable":true,"href":"https:\/\/radiosantaclara.sitetopfm.com.br\/site\/wp-json\/wp\/v2\/tags?post=3624"}],"curies":[{"name":"wp","href":"https:\/\/api.w.org\/{rel}","templated":true}]}}