{"id":3612,"date":"2025-09-29T21:30:28","date_gmt":"2025-09-30T00:30:28","guid":{"rendered":"https:\/\/radiosantaclara.sitetopfm.com.br\/site\/em-depoimento-na-cpmi-do-inss-presidente-de-entidade-de-agricultores-nega-acusacoes-de-fraude-noticias\/"},"modified":"2025-09-29T21:30:28","modified_gmt":"2025-09-30T00:30:28","slug":"em-depoimento-na-cpmi-do-inss-presidente-de-entidade-de-agricultores-nega-acusacoes-de-fraude-noticias","status":"publish","type":"post","link":"https:\/\/radiosantaclara.sitetopfm.com.br\/site\/em-depoimento-na-cpmi-do-inss-presidente-de-entidade-de-agricultores-nega-acusacoes-de-fraude-noticias\/","title":{"rendered":"Em depoimento na CPMI do INSS, presidente de entidade de agricultores nega acusa\u00e7\u00f5es de fraude &#8211; Not\u00edcias"},"content":{"rendered":"<p> <br \/>\n<\/p>\n<div>\n<p class=\"g-artigo__data-hora\">\n                      29\/09\/2025 &#8211; 21:25 \u00a0\n                    <\/p>\n<div id=\"image-container-1205571\" class=\"image-container\" style=\"float: none; margin: 45px 0px; width: 100%;\" data-midia=\"1205571\">\n<p><em>Bruno Spada\/C\u00e2mara dos Deputados<\/em><\/p>\n<p>Carlos Roberto Ferreira Lopes, presidente da Conafer<\/p>\n<\/p><\/div>\n<p>O presidente da Confedera\u00e7\u00e3o Nacional dos Agricultores Familiares e Empreendedores Familiares Rurais (Conafer), Carlos Roberto Ferreira Lopes, dep\u00f4s na Comiss\u00e3o Parlamentar Mista de Inqu\u00e9rito (<span id=\"4471\" class=\"termoGlossario\" title=\"Comiss\u00e3o composta por deputados e senadores, em igualdade num\u00e9rica, destinada a investigar fato de relevante interesse para a vida p\u00fablica e para a ordem constitucional, legal, econ\u00f4mica ou social do Pa\u00eds. Para a cria\u00e7\u00e3o de uma CPMI, \u00e9 exigido requerimento assinado por 171 deputados e 27 senadores (1\/3 de cada Casa). A CPMI tem poderes de investiga\u00e7\u00e3o pr\u00f3prios das autoridades judiciais, podendo convocar depoentes e quebrar sigilo banc\u00e1rio, telef\u00f4nico e fiscal, por exemplo.\" contenteditable=\"false\" data-toggle=\"tooltip\" data-placement=\"top\">CPMI<\/span>) que investiga fraudes em benef\u00edcios do Instituto Nacional do Seguro Social (INSS) e disse desconhecer a resposta para a maioria das acusa\u00e7\u00f5es e questionamentos feitos pelo relator da comiss\u00e3o, deputado Alfredo Gaspar (Uni\u00e3o-AL).<\/p>\n<p>A Conafer \u00e9 investigada na fraude do INSS por estar entre as entidades com maior volume de descontos nas mensalidades de aposentados. O relator justificou a convoca\u00e7\u00e3o de Lopes citando o crescimento &#8220;vertiginoso&#8221; da arrecada\u00e7\u00e3o da entidade, que saltou de R$ 6,6 milh\u00f5es para mais de R$ 40 milh\u00f5es, coincidindo com o per\u00edodo de intensifica\u00e7\u00e3o dos descontos indevidos nos benef\u00edcios previdenci\u00e1rios.<\/p>\n<p><strong>Aposentados mortos<\/strong><br \/>Um dos momentos mais tensos do depoimento tomado nesta segunda-feira (29) ocorreu quando Alfredo Gaspar questionou Lopes sobre um suposto padr\u00e3o da Conafer de enviar fichas de ades\u00e3o com assinaturas de pessoas que j\u00e1 haviam morrido, com o n\u00famero de &#8220;ressuscitados&#8221; chegando a 2.083 em 2023.<\/p>\n<p>\u201cEm 2024, a Conafer foi obrigada pela CGU [Controladoria-Geral da Uni\u00e3o] a mandar 100 fichas para confer\u00eancia das regularidades das ades\u00f5es. O senhor mandou a ficha da dona Maria Rodrigues. Ela j\u00e1 tinha morrido h\u00e1 cinco anos e fez uma assinatura. Esse padr\u00e3o se repetiu mais de 300 vezes pela Conafer\u201d, afirmou Gaspar. \u201cO Gilberto morreu h\u00e1 20 anos, mas assinou. \u00c9 padr\u00e3o da Conafer ressuscitar mortos para assinatura de descontos associativos?\u201d, questionou.<\/p>\n<p>Carlos Lopes ironizou: \u201c\u00c9 padr\u00e3o do INSS ter defunto recebendo benef\u00edcio? Se o morto tiver recebendo benef\u00edcio, sim\u201d.<\/p>\n<p><strong>Desconhecimento<\/strong><br \/>Em diversos momentos, o presidente da Conafer disse desconhecer as informa\u00e7\u00f5es apresentadas. Entre elas, uma movimenta\u00e7\u00e3o de quase R$ 2 milh\u00f5es em suas contas em um per\u00edodo de dois meses em 2024.<\/p>\n<p>Ele tamb\u00e9m declarou n\u00e3o se recordar de uma entrevista em que teria chamado o deputado Euclydes Pettersen (Republicanos-MG) de &#8220;padrinho&#8221; da entidade. Tamb\u00e9m disse desconhecer a compra de avi\u00f5es por um instituto ligado \u00e0 Conafer e ainda se sua esposa participou de licita\u00e7\u00e3o fraudulenta.<\/p>\n<div id=\"image-container-1205574\" class=\"image-container\" style=\"float: none; margin: 45px 0px; width: 100%;\" data-midia=\"1205574\">\n<p><em>Bruno Spada\/C\u00e2mara dos Deputados<\/em><\/p>\n<p>Deputado Alfredo Gaspar, relator da CPMI do INSS<\/p>\n<\/p><\/div>\n<p>Carlos Lopes discordou da apura\u00e7\u00e3o da CGU, que estimou que a entidade arrecadou R$ 800 milh\u00f5es dos aposentados, alegando que o valor seria de R$ 500 milh\u00f5es a R$ 600 milh\u00f5es.<\/p>\n<p><strong>Parentes<\/strong><br \/>Em sua fala inicial, Carlos Lopes se defendeu, dizendo ser &#8220;avesso a qualquer tipo de corrup\u00e7\u00e3o e de fraude&#8221;. Segundo ele, a Conafer existe desde 2004 para dar voz ao agricultor familiar, atendendo a 2.950 munic\u00edpios e pagando mais de R$ 80 milh\u00f5es em impostos federais. Ele disse ainda que a entidade tem apenas 11% de sua carteira de associados com aposentados.<\/p>\n<p>O relator, no entanto, concentrou-se nas suspeitas de uso da entidade para enriquecimento e ilicitudes e ressaltou que 100% daqueles que foram entrevistados disseram que a Conafer mentiu na autoriza\u00e7\u00e3o.<\/p>\n<p style=\"font-size: 0.8rem; font-weight: 700;\">Reportagem \u2013 No\u00e9li Nobre<br \/>Edi\u00e7\u00e3o \u2013 Pierre Triboli<\/p>\n<\/p><\/div>\n<p><br \/>\n<br \/><a href=\"https:\/\/www.camara.leg.br\/noticias\/1205567-em-depoimento-na-cpmi-do-inss-presidente-de-entidade-de-agricultores-nega-acusacoes-de-fraude\/\">postagem original <\/a><\/p>\n","protected":false},"excerpt":{"rendered":"<p>29\/09\/2025 &#8211; 21:25 \u00a0 Bruno Spada\/C\u00e2mara dos Deputados Carlos Roberto Ferreira Lopes, presidente da Conafer O presidente da Confedera\u00e7\u00e3o Nacional [&hellip;]<\/p>\n","protected":false},"author":1,"featured_media":3613,"comment_status":"open","ping_status":"open","sticky":false,"template":"","format":"standard","meta":{"site-sidebar-layout":"default","site-content-layout":"","ast-site-content-layout":"default","site-content-style":"default","site-sidebar-style":"default","ast-global-header-display":"","ast-banner-title-visibility":"","ast-main-header-display":"","ast-hfb-above-header-display":"","ast-hfb-below-header-display":"","ast-hfb-mobile-header-display":"","site-post-title":"","ast-breadcrumbs-content":"","ast-featured-img":"","footer-sml-layout":"","theme-transparent-header-meta":"","adv-header-id-meta":"","stick-header-meta":"","header-above-stick-meta":"","header-main-stick-meta":"","header-below-stick-meta":"","astra-migrate-meta-layouts":"default","ast-page-background-enabled":"default","ast-page-background-meta":{"desktop":{"background-color":"var(--ast-global-color-5)","background-image":"","background-repeat":"repeat","background-position":"center center","background-size":"auto","background-attachment":"scroll","background-type":"","background-media":"","overlay-type":"","overlay-color":"","overlay-opacity":"","overlay-gradient":""},"tablet":{"background-color":"","background-image":"","background-repeat":"repeat","background-position":"center center","background-size":"auto","background-attachment":"scroll","background-type":"","background-media":"","overlay-type":"","overlay-color":"","overlay-opacity":"","overlay-gradient":""},"mobile":{"background-color":"","background-image":"","background-repeat":"repeat","background-position":"center center","background-size":"auto","background-attachment":"scroll","background-type":"","background-media":"","overlay-type":"","overlay-color":"","overlay-opacity":"","overlay-gradient":""}},"ast-content-background-meta":{"desktop":{"background-color":"var(--ast-global-color-4)","background-image":"","background-repeat":"repeat","background-position":"center center","background-size":"auto","background-attachment":"scroll","background-type":"","background-media":"","overlay-type":"","overlay-color":"","overlay-opacity":"","overlay-gradient":""},"tablet":{"background-color":"var(--ast-global-color-4)","background-image":"","background-repeat":"repeat","background-position":"center center","background-size":"auto","background-attachment":"scroll","background-type":"","background-media":"","overlay-type":"","overlay-color":"","overlay-opacity":"","overlay-gradient":""},"mobile":{"background-color":"var(--ast-global-color-4)","background-image":"","background-repeat":"repeat","background-position":"center center","background-size":"auto","background-attachment":"scroll","background-type":"","background-media":"","overlay-type":"","overlay-color":"","overlay-opacity":"","overlay-gradient":""}},"_joinchat":[],"footnotes":""},"categories":[36],"tags":[],"_links":{"self":[{"href":"https:\/\/radiosantaclara.sitetopfm.com.br\/site\/wp-json\/wp\/v2\/posts\/3612"}],"collection":[{"href":"https:\/\/radiosantaclara.sitetopfm.com.br\/site\/wp-json\/wp\/v2\/posts"}],"about":[{"href":"https:\/\/radiosantaclara.sitetopfm.com.br\/site\/wp-json\/wp\/v2\/types\/post"}],"author":[{"embeddable":true,"href":"https:\/\/radiosantaclara.sitetopfm.com.br\/site\/wp-json\/wp\/v2\/users\/1"}],"replies":[{"embeddable":true,"href":"https:\/\/radiosantaclara.sitetopfm.com.br\/site\/wp-json\/wp\/v2\/comments?post=3612"}],"version-history":[{"count":0,"href":"https:\/\/radiosantaclara.sitetopfm.com.br\/site\/wp-json\/wp\/v2\/posts\/3612\/revisions"}],"wp:featuredmedia":[{"embeddable":true,"href":"https:\/\/radiosantaclara.sitetopfm.com.br\/site\/wp-json\/wp\/v2\/media\/3613"}],"wp:attachment":[{"href":"https:\/\/radiosantaclara.sitetopfm.com.br\/site\/wp-json\/wp\/v2\/media?parent=3612"}],"wp:term":[{"taxonomy":"category","embeddable":true,"href":"https:\/\/radiosantaclara.sitetopfm.com.br\/site\/wp-json\/wp\/v2\/categories?post=3612"},{"taxonomy":"post_tag","embeddable":true,"href":"https:\/\/radiosantaclara.sitetopfm.com.br\/site\/wp-json\/wp\/v2\/tags?post=3612"}],"curies":[{"name":"wp","href":"https:\/\/api.w.org\/{rel}","templated":true}]}}