{"id":3608,"date":"2025-09-29T12:53:14","date_gmt":"2025-09-29T15:53:14","guid":{"rendered":"https:\/\/radiosantaclara.sitetopfm.com.br\/site\/comissao-mista-pode-votar-mp-sobre-tributacao-de-aplicacoes-financeiras-nesta-terca-noticias\/"},"modified":"2025-09-29T12:53:14","modified_gmt":"2025-09-29T15:53:14","slug":"comissao-mista-pode-votar-mp-sobre-tributacao-de-aplicacoes-financeiras-nesta-terca-noticias","status":"publish","type":"post","link":"https:\/\/radiosantaclara.sitetopfm.com.br\/site\/comissao-mista-pode-votar-mp-sobre-tributacao-de-aplicacoes-financeiras-nesta-terca-noticias\/","title":{"rendered":"Comiss\u00e3o mista pode votar MP sobre tributa\u00e7\u00e3o de aplica\u00e7\u00f5es financeiras nesta ter\u00e7a &#8211; Not\u00edcias"},"content":{"rendered":"<p> <br \/>\n<\/p>\n<div>\n<div>\n<p class=\"g-artigo__data-hora\">\n                      29\/09\/2025 &#8211; 09:56 \u00a0\n                    <\/p>\n<div id=\"image-container-1205222\" class=\"image-container\" style=\"float: none; margin: 45px 0px; width: 100%;\" data-midia=\"1205222\">\n<p><em>Renato Ara\u00fajo\/C\u00e2mara dos Deputados<\/em><\/p>\n<p>Audi\u00eancia p\u00fablica da comiss\u00e3o mista que analisa a MP 1303\/25<\/p>\n<\/p><\/div>\n<p>A <span id=\"4084\" class=\"termoGlossario\" title=\"Comiss\u00e3o integrada por deputados e senadores, constitu\u00edda para tratar de mat\u00e9ria de compet\u00eancia do Congresso Nacional. Pode ter car\u00e1ter permanente ou tempor\u00e1rio.\" contenteditable=\"false\" data-toggle=\"tooltip\" data-placement=\"top\">comiss\u00e3o mista<\/span> que analisa a <span id=\"16529\" class=\"termoGlossario\" title=\"Medida provis\u00f3ria (MP) \u00e9 uma norma com for\u00e7a de lei, editada pelo presidente da Rep\u00fablica em situa\u00e7\u00f5es de relev\u00e2ncia e urg\u00eancia. Apesar de produzir efeitos imediatos, a Medida Provis\u00f3ria precisa da posterior aprecia\u00e7\u00e3o pela C\u00e2mara dos Deputados e pelo Senado para se converter definitivamente em lei ordin\u00e1ria. O prazo inicial de vig\u00eancia \u00e9 de 60 dias, e ser\u00e1 prorrogado automaticamente por igual per\u00edodo, caso n\u00e3o tenha sua vota\u00e7\u00e3o conclu\u00edda nas duas Casas do Congresso Nacional. Se n\u00e3o for votada em at\u00e9 45 dias, contados de sua publica\u00e7\u00e3o, entrar\u00e1 em regime de urg\u00eancia na Casa em que se encontrar (C\u00e2mara ou Senado), ficando adiadas, at\u00e9 que se termine a vota\u00e7\u00e3o, todas as demais delibera\u00e7\u00f5es legislativas da Casa em que estiver tramitando.\" contenteditable=\"false\" data-toggle=\"tooltip\" data-placement=\"top\">medida provis\u00f3ria<\/span> com as novas regras de tributa\u00e7\u00e3o sobre aplica\u00e7\u00f5es financeiras e ativos virtuais (<a href=\"https:\/\/www.camara.leg.br\/noticias\/1169245-MEDIDA-PROVISORIA-COMPENSA-RECUO-NA-COBRANCA-DO-IMPOSTO-SOBRE-OPERACOES-FINANCEIRAS\">MP 1303\/25<\/a>) re\u00fane-se nesta ter\u00e7a-feira (30) para votar o parecer do relator, deputado Carlos Zarattini (PT-SP).<\/p>\n<p>A reuni\u00e3o est\u00e1 marcada para as 14h30, no plen\u00e1rio 2 da ala Nilo Coelho, no Senado.<\/p>\n<p>Editada em junho, a medida foi elaborada para compensar a revoga\u00e7\u00e3o do aumento do <span id=\"4503\" class=\"termoGlossario\" title=\"\" contenteditable=\"false\" data-toggle=\"tooltip\" data-placement=\"top\" data-original-title=\"Imposto federal que incide sobre opera\u00e7\u00f5es de cr\u00e9dito (como empr\u00e9stimos e financiamentos), seguro, c\u00e2mbio (incluindo compras no exterior efetuadas com cart\u00e3o de cr\u00e9dito), ouro e t\u00edtulos.\">Imposto sobre Opera\u00e7\u00f5es Financeiras<\/span> (IOF) e determina a tributa\u00e7\u00e3o de fundos de investimento, como letras de cr\u00e9dito e fundos imobili\u00e1rios.\u00a0Tamb\u00e9m traz regras espec\u00edficas para a tributa\u00e7\u00e3o de ativos virtuais, opera\u00e7\u00f5es em bolsa, empr\u00e9stimos de ativos e investidores estrangeiros.<\/p>\n<p>Em seu relat\u00f3rio, Zarattini ampliou a tributa\u00e7\u00e3o de investimentos hoje isentos e transferiu das prefeituras para o Minist\u00e9rio do Trabalho e Emprego a compet\u00eancia para gerenciar o pagamento do seguro-desemprego a pescadores artesanais.<\/p>\n<p>A comiss\u00e3o mista que analisa a MP \u00e9 presidida pelo senador Renan Calheiros (MDB-AL).<\/p>\n<p style=\"font-size: 0.8rem; font-weight: 700;\">Da Ag\u00eancia Senado<br \/>Edi\u00e7\u00e3o &#8211; MB<\/p>\n<\/p><\/div>\n<\/p><\/div>\n<p><br \/>\n<br \/><a href=\"https:\/\/www.camara.leg.br\/noticias\/1205212-comissao-mista-pode-votar-mp-sobre-tributacao-de-aplicacoes-financeiras-nesta-terca\/\">postagem original <\/a><\/p>\n","protected":false},"excerpt":{"rendered":"<p>29\/09\/2025 &#8211; 09:56 \u00a0 Renato Ara\u00fajo\/C\u00e2mara dos Deputados Audi\u00eancia p\u00fablica da comiss\u00e3o mista que analisa a MP 1303\/25 A comiss\u00e3o [&hellip;]<\/p>\n","protected":false},"author":1,"featured_media":3609,"comment_status":"open","ping_status":"open","sticky":false,"template":"","format":"standard","meta":{"site-sidebar-layout":"default","site-content-layout":"","ast-site-content-layout":"default","site-content-style":"default","site-sidebar-style":"default","ast-global-header-display":"","ast-banner-title-visibility":"","ast-main-header-display":"","ast-hfb-above-header-display":"","ast-hfb-below-header-display":"","ast-hfb-mobile-header-display":"","site-post-title":"","ast-breadcrumbs-content":"","ast-featured-img":"","footer-sml-layout":"","theme-transparent-header-meta":"","adv-header-id-meta":"","stick-header-meta":"","header-above-stick-meta":"","header-main-stick-meta":"","header-below-stick-meta":"","astra-migrate-meta-layouts":"default","ast-page-background-enabled":"default","ast-page-background-meta":{"desktop":{"background-color":"var(--ast-global-color-5)","background-image":"","background-repeat":"repeat","background-position":"center center","background-size":"auto","background-attachment":"scroll","background-type":"","background-media":"","overlay-type":"","overlay-color":"","overlay-opacity":"","overlay-gradient":""},"tablet":{"background-color":"","background-image":"","background-repeat":"repeat","background-position":"center center","background-size":"auto","background-attachment":"scroll","background-type":"","background-media":"","overlay-type":"","overlay-color":"","overlay-opacity":"","overlay-gradient":""},"mobile":{"background-color":"","background-image":"","background-repeat":"repeat","background-position":"center center","background-size":"auto","background-attachment":"scroll","background-type":"","background-media":"","overlay-type":"","overlay-color":"","overlay-opacity":"","overlay-gradient":""}},"ast-content-background-meta":{"desktop":{"background-color":"var(--ast-global-color-4)","background-image":"","background-repeat":"repeat","background-position":"center center","background-size":"auto","background-attachment":"scroll","background-type":"","background-media":"","overlay-type":"","overlay-color":"","overlay-opacity":"","overlay-gradient":""},"tablet":{"background-color":"var(--ast-global-color-4)","background-image":"","background-repeat":"repeat","background-position":"center center","background-size":"auto","background-attachment":"scroll","background-type":"","background-media":"","overlay-type":"","overlay-color":"","overlay-opacity":"","overlay-gradient":""},"mobile":{"background-color":"var(--ast-global-color-4)","background-image":"","background-repeat":"repeat","background-position":"center center","background-size":"auto","background-attachment":"scroll","background-type":"","background-media":"","overlay-type":"","overlay-color":"","overlay-opacity":"","overlay-gradient":""}},"_joinchat":[],"footnotes":""},"categories":[34],"tags":[],"_links":{"self":[{"href":"https:\/\/radiosantaclara.sitetopfm.com.br\/site\/wp-json\/wp\/v2\/posts\/3608"}],"collection":[{"href":"https:\/\/radiosantaclara.sitetopfm.com.br\/site\/wp-json\/wp\/v2\/posts"}],"about":[{"href":"https:\/\/radiosantaclara.sitetopfm.com.br\/site\/wp-json\/wp\/v2\/types\/post"}],"author":[{"embeddable":true,"href":"https:\/\/radiosantaclara.sitetopfm.com.br\/site\/wp-json\/wp\/v2\/users\/1"}],"replies":[{"embeddable":true,"href":"https:\/\/radiosantaclara.sitetopfm.com.br\/site\/wp-json\/wp\/v2\/comments?post=3608"}],"version-history":[{"count":0,"href":"https:\/\/radiosantaclara.sitetopfm.com.br\/site\/wp-json\/wp\/v2\/posts\/3608\/revisions"}],"wp:featuredmedia":[{"embeddable":true,"href":"https:\/\/radiosantaclara.sitetopfm.com.br\/site\/wp-json\/wp\/v2\/media\/3609"}],"wp:attachment":[{"href":"https:\/\/radiosantaclara.sitetopfm.com.br\/site\/wp-json\/wp\/v2\/media?parent=3608"}],"wp:term":[{"taxonomy":"category","embeddable":true,"href":"https:\/\/radiosantaclara.sitetopfm.com.br\/site\/wp-json\/wp\/v2\/categories?post=3608"},{"taxonomy":"post_tag","embeddable":true,"href":"https:\/\/radiosantaclara.sitetopfm.com.br\/site\/wp-json\/wp\/v2\/tags?post=3608"}],"curies":[{"name":"wp","href":"https:\/\/api.w.org\/{rel}","templated":true}]}}