{"id":3604,"date":"2025-09-29T10:57:52","date_gmt":"2025-09-29T13:57:52","guid":{"rendered":"https:\/\/radiosantaclara.sitetopfm.com.br\/site\/conselho-de-etica-analisa-instauracao-de-processos-contra-deputados-noticias\/"},"modified":"2025-09-29T10:57:52","modified_gmt":"2025-09-29T13:57:52","slug":"conselho-de-etica-analisa-instauracao-de-processos-contra-deputados-noticias","status":"publish","type":"post","link":"https:\/\/radiosantaclara.sitetopfm.com.br\/site\/conselho-de-etica-analisa-instauracao-de-processos-contra-deputados-noticias\/","title":{"rendered":"Conselho de \u00c9tica analisa instaura\u00e7\u00e3o de processos contra deputados &#8211; Not\u00edcias"},"content":{"rendered":"<p> <br \/>\n<\/p>\n<div>\n<div>\n<p class=\"g-artigo__data-hora\">\n                      29\/09\/2025 &#8211; 09:09 \u00a0\n                    <\/p>\n<div id=\"image-container-1203978\" class=\"image-container\" style=\"float: none; margin: 45px 0px; width: 100%;\" data-midia=\"1203978\">\n<p><em>Bruno Spada\/C\u00e2mara dos Deputados<\/em><\/p>\n<p>Plen\u00e1rio da C\u00e2mara dos Deputados<\/p>\n<\/p><\/div>\n<p data-start=\"168\" data-end=\"408\">O Conselho de \u00c9tica e Decoro Parlamentar da C\u00e2mara dos Deputados re\u00fane-se nesta ter\u00e7a-feira (30) para decidir sobre a instaura\u00e7\u00e3o de quatro processos contra tr\u00eas parlamentares. Tamb\u00e9m deve ser definida a lista tr\u00edplice para o sorteio do relator de cada caso.<\/p>\n<p data-start=\"168\" data-end=\"408\">Todas as representa\u00e7\u00f5es foram encaminhadas pela Mesa Diretora. Os deputados Marcos Pollon (PL-MS), Marcel van Hattem (Novo-RS) e Z\u00e9 Trov\u00e3o (PL-SC) s\u00e3o acusados de infringir o C\u00f3digo de \u00c9tica e Decoro Parlamentar durante a ocupa\u00e7\u00e3o do Plen\u00e1rio no in\u00edcio de agosto.<\/p>\n<p>No caso de Pollon, h\u00e1 duas representa\u00e7\u00f5es a serem analisadas, pois a falta foi considerada mais grave em raz\u00e3o de ter feito declara\u00e7\u00f5es ofensivas ao presidente da C\u00e2mara. Os outros dois s\u00e3o acusados de obstruir a cadeira do presidente.<\/p>\n<p data-start=\"168\" data-end=\"408\">A reuni\u00e3o est\u00e1 agendada para as 15 horas, no plen\u00e1rio 11.<\/p>\n<p style=\"font-size: 0.8rem; font-weight: 700;\">Da Reda\u00e7\u00e3o \u2013 RL<\/p>\n<\/p><\/div>\n<\/p><\/div>\n<p><br \/>\n<br \/><a href=\"https:\/\/www.camara.leg.br\/noticias\/1204913-conselho-de-etica-analisa-instauracao-de-processos-contra-deputados\/\">postagem original <\/a><\/p>\n","protected":false},"excerpt":{"rendered":"<p>29\/09\/2025 &#8211; 09:09 \u00a0 Bruno Spada\/C\u00e2mara dos Deputados Plen\u00e1rio da C\u00e2mara dos Deputados O Conselho de \u00c9tica e Decoro Parlamentar [&hellip;]<\/p>\n","protected":false},"author":1,"featured_media":3605,"comment_status":"open","ping_status":"open","sticky":false,"template":"","format":"standard","meta":{"site-sidebar-layout":"default","site-content-layout":"","ast-site-content-layout":"default","site-content-style":"default","site-sidebar-style":"default","ast-global-header-display":"","ast-banner-title-visibility":"","ast-main-header-display":"","ast-hfb-above-header-display":"","ast-hfb-below-header-display":"","ast-hfb-mobile-header-display":"","site-post-title":"","ast-breadcrumbs-content":"","ast-featured-img":"","footer-sml-layout":"","theme-transparent-header-meta":"","adv-header-id-meta":"","stick-header-meta":"","header-above-stick-meta":"","header-main-stick-meta":"","header-below-stick-meta":"","astra-migrate-meta-layouts":"default","ast-page-background-enabled":"default","ast-page-background-meta":{"desktop":{"background-color":"var(--ast-global-color-5)","background-image":"","background-repeat":"repeat","background-position":"center center","background-size":"auto","background-attachment":"scroll","background-type":"","background-media":"","overlay-type":"","overlay-color":"","overlay-opacity":"","overlay-gradient":""},"tablet":{"background-color":"","background-image":"","background-repeat":"repeat","background-position":"center center","background-size":"auto","background-attachment":"scroll","background-type":"","background-media":"","overlay-type":"","overlay-color":"","overlay-opacity":"","overlay-gradient":""},"mobile":{"background-color":"","background-image":"","background-repeat":"repeat","background-position":"center center","background-size":"auto","background-attachment":"scroll","background-type":"","background-media":"","overlay-type":"","overlay-color":"","overlay-opacity":"","overlay-gradient":""}},"ast-content-background-meta":{"desktop":{"background-color":"var(--ast-global-color-4)","background-image":"","background-repeat":"repeat","background-position":"center center","background-size":"auto","background-attachment":"scroll","background-type":"","background-media":"","overlay-type":"","overlay-color":"","overlay-opacity":"","overlay-gradient":""},"tablet":{"background-color":"var(--ast-global-color-4)","background-image":"","background-repeat":"repeat","background-position":"center center","background-size":"auto","background-attachment":"scroll","background-type":"","background-media":"","overlay-type":"","overlay-color":"","overlay-opacity":"","overlay-gradient":""},"mobile":{"background-color":"var(--ast-global-color-4)","background-image":"","background-repeat":"repeat","background-position":"center center","background-size":"auto","background-attachment":"scroll","background-type":"","background-media":"","overlay-type":"","overlay-color":"","overlay-opacity":"","overlay-gradient":""}},"_joinchat":[],"footnotes":""},"categories":[27],"tags":[],"_links":{"self":[{"href":"https:\/\/radiosantaclara.sitetopfm.com.br\/site\/wp-json\/wp\/v2\/posts\/3604"}],"collection":[{"href":"https:\/\/radiosantaclara.sitetopfm.com.br\/site\/wp-json\/wp\/v2\/posts"}],"about":[{"href":"https:\/\/radiosantaclara.sitetopfm.com.br\/site\/wp-json\/wp\/v2\/types\/post"}],"author":[{"embeddable":true,"href":"https:\/\/radiosantaclara.sitetopfm.com.br\/site\/wp-json\/wp\/v2\/users\/1"}],"replies":[{"embeddable":true,"href":"https:\/\/radiosantaclara.sitetopfm.com.br\/site\/wp-json\/wp\/v2\/comments?post=3604"}],"version-history":[{"count":0,"href":"https:\/\/radiosantaclara.sitetopfm.com.br\/site\/wp-json\/wp\/v2\/posts\/3604\/revisions"}],"wp:featuredmedia":[{"embeddable":true,"href":"https:\/\/radiosantaclara.sitetopfm.com.br\/site\/wp-json\/wp\/v2\/media\/3605"}],"wp:attachment":[{"href":"https:\/\/radiosantaclara.sitetopfm.com.br\/site\/wp-json\/wp\/v2\/media?parent=3604"}],"wp:term":[{"taxonomy":"category","embeddable":true,"href":"https:\/\/radiosantaclara.sitetopfm.com.br\/site\/wp-json\/wp\/v2\/categories?post=3604"},{"taxonomy":"post_tag","embeddable":true,"href":"https:\/\/radiosantaclara.sitetopfm.com.br\/site\/wp-json\/wp\/v2\/tags?post=3604"}],"curies":[{"name":"wp","href":"https:\/\/api.w.org\/{rel}","templated":true}]}}