{"id":3554,"date":"2025-09-28T11:20:06","date_gmt":"2025-09-28T14:20:06","guid":{"rendered":"https:\/\/radiosantaclara.sitetopfm.com.br\/site\/comissao-debate-aumento-da-incidencia-de-doencas-cardiovasculares-noticias\/"},"modified":"2025-09-28T11:20:06","modified_gmt":"2025-09-28T14:20:06","slug":"comissao-debate-aumento-da-incidencia-de-doencas-cardiovasculares-noticias","status":"publish","type":"post","link":"https:\/\/radiosantaclara.sitetopfm.com.br\/site\/comissao-debate-aumento-da-incidencia-de-doencas-cardiovasculares-noticias\/","title":{"rendered":"Comiss\u00e3o debate aumento da incid\u00eancia de doen\u00e7as cardiovasculares &#8211; Not\u00edcias"},"content":{"rendered":"<p> <br \/>\n<\/p>\n<div>\n<div>\n<p class=\"g-artigo__data-hora\">\n                      26\/09\/2025 &#8211; 12:06 \u00a0\n                    <\/p>\n<p data-start=\"180\" data-end=\"453\">A Comiss\u00e3o de Defesa dos Direitos da Pessoa Idosa da C\u00e2mara dos Deputados promove audi\u00eancia p\u00fablica na ter\u00e7a-feira (30) para discutir o aumento da incid\u00eancia de doen\u00e7as cardiovasculares.\u00a0O debate atende a pedido do deputado Dr. Luiz Ovando (PP-MS) e est\u00e1 marcado para as 16 horas, em plen\u00e1rio a ser definido.<\/p>\n<p data-start=\"574\" data-end=\"1179\">Segundo o deputado, o objetivo \u00e9 discutir os impactos do envelhecimento populacional brasileiro sobre a sa\u00fade p\u00fablica, com \u00eanfase nas doen\u00e7as cardiovasculares, que representam a principal causa de morte no pa\u00eds e no mundo.<\/p>\n<p data-start=\"574\" data-end=\"1179\">Dados do Minist\u00e9rio da Sa\u00fade e da Sociedade Brasileira de Cardiologia mostram que as doen\u00e7as cardiovasculares respondem por cerca de 30% dos \u00f3bitos por doen\u00e7as cr\u00f4nicas n\u00e3o transmiss\u00edveis no Brasil.<\/p>\n<p data-start=\"574\" data-end=\"1179\">Dr. Luiz Ovando acrescenta que fatores como hipertens\u00e3o, diabetes, obesidade, sedentarismo e tabagismo, somados ao envelhecimento, aumentam a incid\u00eancia dessas doen\u00e7as, exigindo pol\u00edticas p\u00fablicas voltadas \u00e0 preven\u00e7\u00e3o e ao cuidado cont\u00ednuo da popula\u00e7\u00e3o idosa. Para ele, \u00e9 fundamental promover pol\u00edticas espec\u00edficas de preven\u00e7\u00e3o e cuidado cont\u00ednuo da popula\u00e7\u00e3o idosa.<\/p>\n<p data-start=\"1181\" data-end=\"1591\">\u201cDiante desse cen\u00e1rio, torna-se imprescind\u00edvel que o Parlamento promova o debate sobre a amplia\u00e7\u00e3o de pol\u00edticas p\u00fablicas voltadas \u00e0 sa\u00fade cardiovascular da pessoa idosa, o fortalecimento da aten\u00e7\u00e3o prim\u00e1ria \u00e0 sa\u00fade, a integra\u00e7\u00e3o de a\u00e7\u00f5es intersetoriais que promovam o envelhecimento saud\u00e1vel e ativo e o financiamento adequado para programas de monitoramento, diagn\u00f3stico e cuidado da popula\u00e7\u00e3o idosa\u201d, afirma o deputado.<\/p>\n<p style=\"font-size: 0.8rem; font-weight: 700;\">Da Reda\u00e7\u00e3o &#8211; MB<\/p>\n<\/p><\/div>\n<\/p><\/div>\n<p><br \/>\n<br \/><a href=\"https:\/\/www.camara.leg.br\/noticias\/1204285-comissao-debate-aumento-da-incidencia-de-doencas-cardiovasculares\/\">postagem original <\/a><\/p>\n","protected":false},"excerpt":{"rendered":"<p>26\/09\/2025 &#8211; 12:06 \u00a0 A Comiss\u00e3o de Defesa dos Direitos da Pessoa Idosa da C\u00e2mara dos Deputados promove audi\u00eancia p\u00fablica [&hellip;]<\/p>\n","protected":false},"author":1,"featured_media":3555,"comment_status":"open","ping_status":"open","sticky":false,"template":"","format":"standard","meta":{"site-sidebar-layout":"default","site-content-layout":"","ast-site-content-layout":"default","site-content-style":"default","site-sidebar-style":"default","ast-global-header-display":"","ast-banner-title-visibility":"","ast-main-header-display":"","ast-hfb-above-header-display":"","ast-hfb-below-header-display":"","ast-hfb-mobile-header-display":"","site-post-title":"","ast-breadcrumbs-content":"","ast-featured-img":"","footer-sml-layout":"","theme-transparent-header-meta":"","adv-header-id-meta":"","stick-header-meta":"","header-above-stick-meta":"","header-main-stick-meta":"","header-below-stick-meta":"","astra-migrate-meta-layouts":"default","ast-page-background-enabled":"default","ast-page-background-meta":{"desktop":{"background-color":"var(--ast-global-color-5)","background-image":"","background-repeat":"repeat","background-position":"center center","background-size":"auto","background-attachment":"scroll","background-type":"","background-media":"","overlay-type":"","overlay-color":"","overlay-opacity":"","overlay-gradient":""},"tablet":{"background-color":"","background-image":"","background-repeat":"repeat","background-position":"center center","background-size":"auto","background-attachment":"scroll","background-type":"","background-media":"","overlay-type":"","overlay-color":"","overlay-opacity":"","overlay-gradient":""},"mobile":{"background-color":"","background-image":"","background-repeat":"repeat","background-position":"center center","background-size":"auto","background-attachment":"scroll","background-type":"","background-media":"","overlay-type":"","overlay-color":"","overlay-opacity":"","overlay-gradient":""}},"ast-content-background-meta":{"desktop":{"background-color":"var(--ast-global-color-4)","background-image":"","background-repeat":"repeat","background-position":"center center","background-size":"auto","background-attachment":"scroll","background-type":"","background-media":"","overlay-type":"","overlay-color":"","overlay-opacity":"","overlay-gradient":""},"tablet":{"background-color":"var(--ast-global-color-4)","background-image":"","background-repeat":"repeat","background-position":"center center","background-size":"auto","background-attachment":"scroll","background-type":"","background-media":"","overlay-type":"","overlay-color":"","overlay-opacity":"","overlay-gradient":""},"mobile":{"background-color":"var(--ast-global-color-4)","background-image":"","background-repeat":"repeat","background-position":"center center","background-size":"auto","background-attachment":"scroll","background-type":"","background-media":"","overlay-type":"","overlay-color":"","overlay-opacity":"","overlay-gradient":""}},"_joinchat":[],"footnotes":""},"categories":[26],"tags":[],"_links":{"self":[{"href":"https:\/\/radiosantaclara.sitetopfm.com.br\/site\/wp-json\/wp\/v2\/posts\/3554"}],"collection":[{"href":"https:\/\/radiosantaclara.sitetopfm.com.br\/site\/wp-json\/wp\/v2\/posts"}],"about":[{"href":"https:\/\/radiosantaclara.sitetopfm.com.br\/site\/wp-json\/wp\/v2\/types\/post"}],"author":[{"embeddable":true,"href":"https:\/\/radiosantaclara.sitetopfm.com.br\/site\/wp-json\/wp\/v2\/users\/1"}],"replies":[{"embeddable":true,"href":"https:\/\/radiosantaclara.sitetopfm.com.br\/site\/wp-json\/wp\/v2\/comments?post=3554"}],"version-history":[{"count":0,"href":"https:\/\/radiosantaclara.sitetopfm.com.br\/site\/wp-json\/wp\/v2\/posts\/3554\/revisions"}],"wp:featuredmedia":[{"embeddable":true,"href":"https:\/\/radiosantaclara.sitetopfm.com.br\/site\/wp-json\/wp\/v2\/media\/3555"}],"wp:attachment":[{"href":"https:\/\/radiosantaclara.sitetopfm.com.br\/site\/wp-json\/wp\/v2\/media?parent=3554"}],"wp:term":[{"taxonomy":"category","embeddable":true,"href":"https:\/\/radiosantaclara.sitetopfm.com.br\/site\/wp-json\/wp\/v2\/categories?post=3554"},{"taxonomy":"post_tag","embeddable":true,"href":"https:\/\/radiosantaclara.sitetopfm.com.br\/site\/wp-json\/wp\/v2\/tags?post=3554"}],"curies":[{"name":"wp","href":"https:\/\/api.w.org\/{rel}","templated":true}]}}