{"id":3529,"date":"2025-09-26T17:12:46","date_gmt":"2025-09-26T20:12:46","guid":{"rendered":"https:\/\/radiosantaclara.sitetopfm.com.br\/site\/comissao-aprova-aumento-da-seguranca-e-combate-a-fraudes-em-transacoes-on-line-noticias\/"},"modified":"2025-09-26T17:12:46","modified_gmt":"2025-09-26T20:12:46","slug":"comissao-aprova-aumento-da-seguranca-e-combate-a-fraudes-em-transacoes-on-line-noticias","status":"publish","type":"post","link":"https:\/\/radiosantaclara.sitetopfm.com.br\/site\/comissao-aprova-aumento-da-seguranca-e-combate-a-fraudes-em-transacoes-on-line-noticias\/","title":{"rendered":"Comiss\u00e3o aprova aumento da seguran\u00e7a e combate a fraudes em transa\u00e7\u00f5es on-line &#8211; Not\u00edcias"},"content":{"rendered":"<p> <br \/>\n<\/p>\n<div>\n<p class=\"g-artigo__data-hora\">\n                      26\/09\/2025 &#8211; 10:25 \u00a0\n                    <\/p>\n<div id=\"image-container-1204771\" class=\"image-container\" style=\"float: none; margin: 45px 0px; width: 100%;\" data-midia=\"1204771\">\n<p><em>Vinicius Loures\/C\u00e2mara dos Deputados<\/em><\/p>\n<p>Vinicius Carvalho: &#8220;Temos vivido um per\u00edodo dif\u00edcil, uma verdadeira epidemia de fraudes&#8221;<\/p>\n<\/p><\/div>\n<p>A Comiss\u00e3o de Defesa do Consumidor da C\u00e2mara dos Deputados aprovou projeto de lei que prev\u00ea o aumento da seguran\u00e7a nas transa\u00e7\u00f5es em plataformas de pagamento on-line, al\u00e9m do combate a fraudes no ambiente cibern\u00e9tico.<\/p>\n<p>Eventuais infratores estar\u00e3o sujeitos \u00e0s penalidades previstas no C\u00f3digo de Defesa do Consumidor. A lei j\u00e1 define uma s\u00e9rie de san\u00e7\u00f5es \u2013 de multa a cassa\u00e7\u00e3o de licen\u00e7a da atividade das empresas \u2013 e puni\u00e7\u00f5es de natureza civil ou penal.<\/p>\n<p>A proposta aprovada \u00e9 a vers\u00e3o do relator, deputado Vinicius Carvalho (Republicanos-SP), para o <a class=\"linkProposicao\" href=\"https:\/\/www.camara.leg.br\/noticias\/1040338-projeto-exige-comprovante-em-toda-transacao-por-plataforma-online\">Projeto de Lei 242\/24<\/a>, do deputado J\u00fanior Mano (PSB-CE). O relator ampliou o escopo da iniciativa, incluindo dispositivos voltados \u00e0 preven\u00e7\u00e3o de crimes digitais e \u00e0 prote\u00e7\u00e3o do consumidor.<\/p>\n<p>\u201cTemos vivido um per\u00edodo dif\u00edcil, uma verdadeira epidemia de fraudes. De acordo com uma pesquisa Datafolha, mais de R$ 71 bilh\u00f5es foram perdidos por consumidores em fraudes financeiras em 2023\u201d, disse Vinicius Carvalho.<\/p>\n<p><strong>Medidas de preven\u00e7\u00e3o<\/strong><br \/>O <span id=\"4098\" class=\"termoGlossario\" title=\"Nome que se d\u00e1 ao texto que altera substancialmente o conte\u00fado original da proposta. O substitutivo \u00e9 apresentado pelo relator e tem prefer\u00eancia na vota\u00e7\u00e3o sobre o projeto original.\" contenteditable=\"false\" data-toggle=\"tooltip\" data-placement=\"top\">substitutivo<\/span> aprovado estabelece que as plataformas digitais dever\u00e3o adotar pol\u00edticas, procedimentos e controles internos para preven\u00e7\u00e3o contra a pr\u00e1tica dos crimes, fraudes e golpes no ambiente cibern\u00e9tico.<\/p>\n<p>Pelo texto, as medidas devem ser compat\u00edveis com os perfis de risco dos clientes; da plataforma digital; e dos funcion\u00e1rios, parceiros e prestadores de servi\u00e7os terceirizados. Devem ser institu\u00eddos cadastros confi\u00e1veis e audit\u00e1veis.<\/p>\n<p>Entre outros pontos, as plataformas digitais dever\u00e3o definir procedimentos para avalia\u00e7\u00e3o e an\u00e1lise pr\u00e9via dos an\u00fancios de produtos e servi\u00e7os. Al\u00e9m disso, ser\u00e1 preciso adotar medidas para identifica\u00e7\u00e3o dos clientes e valida\u00e7\u00e3o desses dados.<\/p>\n<p>O texto aprovado prev\u00ea a responsabilidade objetiva das plataformas em casos de preju\u00edzos decorrentes de falhas ou omiss\u00f5es na sele\u00e7\u00e3o de an\u00fancios. Assim, o consumidor n\u00e3o precisar\u00e1 provar culpa da plataforma para ser indenizado.<\/p>\n<p><strong>Comprovante<\/strong><br \/>O texto aprovado tamb\u00e9m torna obrigat\u00f3rio o fornecimento de comprovante de pagamento, tanto para o consumidor quanto para o estabelecimento, sempre que houver solicita\u00e7\u00e3o. O comprovante dever\u00e1 conter as seguintes informa\u00e7\u00f5es:<\/p>\n<ul>\n<li>valor pago;<\/li>\n<li>identifica\u00e7\u00e3o das partes;<\/li>\n<li>data e hora da transa\u00e7\u00e3o; e<\/li>\n<li>demais dados relevantes para comprova\u00e7\u00e3o da autenticidade.<\/li>\n<\/ul>\n<p>Pelo texto, o comprovante dever\u00e1 ser disponibilizado para o consumidor que efetuou o pagamento e para o estabelecimento que recebeu o dinheiro, sempre que solicitado por qualquer uma das partes envolvidas na transa\u00e7\u00e3o.<\/p>\n<p>\u201cHoje, algumas empresas alegam n\u00e3o serem obrigadas a fornecer comprovantes para os consumidores, causando dificuldades em casos de disputas ou golpes no com\u00e9rcio eletr\u00f4nico\u201d, disse o deputado J\u00fanior Mano, autor da vers\u00e3o original.<\/p>\n<p><strong>Pr\u00f3ximos passos<\/strong><br \/>O projeto tramita em <span id=\"4322\" class=\"termoGlossario\" title=\"Rito de tramita\u00e7\u00e3o pelo qual o projeto \u00e9 votado apenas pelas comiss\u00f5es designadas para analis\u00e1-lo, dispensada a delibera\u00e7\u00e3o do Plen\u00e1rio. O projeto perde o car\u00e1ter conclusivo se houver decis\u00e3o divergente entre as comiss\u00f5es ou se, independentemente de ser aprovado ou rejeitado, houver recurso assinado por 52 deputados para a aprecia\u00e7\u00e3o da mat\u00e9ria no Plen\u00e1rio.\" contenteditable=\"false\" data-toggle=\"tooltip\" data-placement=\"top\">car\u00e1ter conclusivo<\/span> e ainda ser\u00e1 analisado pela Comiss\u00e3o de Constitui\u00e7\u00e3o e Justi\u00e7a e de Cidadania.<\/p>\n<p>Para virar lei, precisa ser aprovado pela C\u00e2mara e pelo Senado.<\/p>\n<p style=\"font-size: 0.8rem; font-weight: 700;\">Da Reportagem\/RM<br \/>Edi\u00e7\u00e3o &#8211; Marcia Becker<\/p>\n<\/p><\/div>\n<p><br \/>\n<br \/><a href=\"https:\/\/www.camara.leg.br\/noticias\/1204446-comissao-aprova-aumento-da-seguranca-e-combate-a-fraudes-em-transacoes-on-line\/\">postagem original <\/a><\/p>\n","protected":false},"excerpt":{"rendered":"<p>26\/09\/2025 &#8211; 10:25 \u00a0 Vinicius Loures\/C\u00e2mara dos Deputados Vinicius Carvalho: &#8220;Temos vivido um per\u00edodo dif\u00edcil, uma verdadeira epidemia de fraudes&#8221; [&hellip;]<\/p>\n","protected":false},"author":1,"featured_media":3530,"comment_status":"open","ping_status":"open","sticky":false,"template":"","format":"standard","meta":{"site-sidebar-layout":"default","site-content-layout":"","ast-site-content-layout":"default","site-content-style":"default","site-sidebar-style":"default","ast-global-header-display":"","ast-banner-title-visibility":"","ast-main-header-display":"","ast-hfb-above-header-display":"","ast-hfb-below-header-display":"","ast-hfb-mobile-header-display":"","site-post-title":"","ast-breadcrumbs-content":"","ast-featured-img":"","footer-sml-layout":"","theme-transparent-header-meta":"","adv-header-id-meta":"","stick-header-meta":"","header-above-stick-meta":"","header-main-stick-meta":"","header-below-stick-meta":"","astra-migrate-meta-layouts":"default","ast-page-background-enabled":"default","ast-page-background-meta":{"desktop":{"background-color":"var(--ast-global-color-5)","background-image":"","background-repeat":"repeat","background-position":"center center","background-size":"auto","background-attachment":"scroll","background-type":"","background-media":"","overlay-type":"","overlay-color":"","overlay-opacity":"","overlay-gradient":""},"tablet":{"background-color":"","background-image":"","background-repeat":"repeat","background-position":"center center","background-size":"auto","background-attachment":"scroll","background-type":"","background-media":"","overlay-type":"","overlay-color":"","overlay-opacity":"","overlay-gradient":""},"mobile":{"background-color":"","background-image":"","background-repeat":"repeat","background-position":"center center","background-size":"auto","background-attachment":"scroll","background-type":"","background-media":"","overlay-type":"","overlay-color":"","overlay-opacity":"","overlay-gradient":""}},"ast-content-background-meta":{"desktop":{"background-color":"var(--ast-global-color-4)","background-image":"","background-repeat":"repeat","background-position":"center center","background-size":"auto","background-attachment":"scroll","background-type":"","background-media":"","overlay-type":"","overlay-color":"","overlay-opacity":"","overlay-gradient":""},"tablet":{"background-color":"var(--ast-global-color-4)","background-image":"","background-repeat":"repeat","background-position":"center center","background-size":"auto","background-attachment":"scroll","background-type":"","background-media":"","overlay-type":"","overlay-color":"","overlay-opacity":"","overlay-gradient":""},"mobile":{"background-color":"var(--ast-global-color-4)","background-image":"","background-repeat":"repeat","background-position":"center center","background-size":"auto","background-attachment":"scroll","background-type":"","background-media":"","overlay-type":"","overlay-color":"","overlay-opacity":"","overlay-gradient":""}},"_joinchat":[],"footnotes":""},"categories":[37],"tags":[],"_links":{"self":[{"href":"https:\/\/radiosantaclara.sitetopfm.com.br\/site\/wp-json\/wp\/v2\/posts\/3529"}],"collection":[{"href":"https:\/\/radiosantaclara.sitetopfm.com.br\/site\/wp-json\/wp\/v2\/posts"}],"about":[{"href":"https:\/\/radiosantaclara.sitetopfm.com.br\/site\/wp-json\/wp\/v2\/types\/post"}],"author":[{"embeddable":true,"href":"https:\/\/radiosantaclara.sitetopfm.com.br\/site\/wp-json\/wp\/v2\/users\/1"}],"replies":[{"embeddable":true,"href":"https:\/\/radiosantaclara.sitetopfm.com.br\/site\/wp-json\/wp\/v2\/comments?post=3529"}],"version-history":[{"count":0,"href":"https:\/\/radiosantaclara.sitetopfm.com.br\/site\/wp-json\/wp\/v2\/posts\/3529\/revisions"}],"wp:featuredmedia":[{"embeddable":true,"href":"https:\/\/radiosantaclara.sitetopfm.com.br\/site\/wp-json\/wp\/v2\/media\/3530"}],"wp:attachment":[{"href":"https:\/\/radiosantaclara.sitetopfm.com.br\/site\/wp-json\/wp\/v2\/media?parent=3529"}],"wp:term":[{"taxonomy":"category","embeddable":true,"href":"https:\/\/radiosantaclara.sitetopfm.com.br\/site\/wp-json\/wp\/v2\/categories?post=3529"},{"taxonomy":"post_tag","embeddable":true,"href":"https:\/\/radiosantaclara.sitetopfm.com.br\/site\/wp-json\/wp\/v2\/tags?post=3529"}],"curies":[{"name":"wp","href":"https:\/\/api.w.org\/{rel}","templated":true}]}}