{"id":3520,"date":"2025-09-26T04:27:19","date_gmt":"2025-09-26T07:27:19","guid":{"rendered":"https:\/\/radiosantaclara.sitetopfm.com.br\/site\/comissao-aprova-pulseira-com-dados-para-identificar-pacientes-com-epidermolise-bolhosa-noticias\/"},"modified":"2025-09-26T04:27:19","modified_gmt":"2025-09-26T07:27:19","slug":"comissao-aprova-pulseira-com-dados-para-identificar-pacientes-com-epidermolise-bolhosa-noticias","status":"publish","type":"post","link":"https:\/\/radiosantaclara.sitetopfm.com.br\/site\/comissao-aprova-pulseira-com-dados-para-identificar-pacientes-com-epidermolise-bolhosa-noticias\/","title":{"rendered":"Comiss\u00e3o aprova pulseira com dados para identificar pacientes com epiderm\u00f3lise bolhosa &#8211; Not\u00edcias"},"content":{"rendered":"<p> <br \/>\n<\/p>\n<div>\n<p class=\"g-artigo__data-hora\">\n                      25\/09\/2025 &#8211; 15:17 \u00a0\n                    <\/p>\n<div id=\"image-container-1204557\" class=\"image-container\" style=\"float: none; margin: 45px 0px; width: 100%;\" data-midia=\"1204557\">\n<p><em>Kayo Magalh\u00e3es \/ C\u00e2mara dos Deputados<\/em><\/p>\n<p>Fernanda Pessoa \u00e9 a relatora do projeto<\/p>\n<\/p><\/div>\n<p>A Comiss\u00e3o de Sa\u00fade da C\u00e2mara dos Deputados aprovou o Projeto de Lei 269\/25, que prev\u00ea o uso de pulseira com QR Code por pessoas com epiderm\u00f3lise bolhosa \u2013 doen\u00e7a gen\u00e9tica rara e heredit\u00e1ria caracterizada pela forma\u00e7\u00e3o de bolhas e feridas na pele e em mucosas.<\/p>\n<p>O objetivo \u00e9 facilitar o acesso \u00e0 identifica\u00e7\u00e3o e ao prontu\u00e1rio m\u00e9dico desses pacientes. Entre os dados obrigat\u00f3rios est\u00e3o: nome completo, tipo sangu\u00edneo, alergias, medicamentos utilizados continuamente, ficha m\u00e9dica, telefones para contato e prontu\u00e1rio completo.<\/p>\n<p>Pelo texto, o uso das pulseiras dever\u00e1 ser justificado por declara\u00e7\u00e3o m\u00e9dica a pedido do pr\u00f3prio paciente, de familiares ou de respons\u00e1veis legais.<\/p>\n<p>A comiss\u00e3o aprovou a proposta sem altera\u00e7\u00f5es, conforme recomenda\u00e7\u00e3o da relatora, a deputada Fernanda Pessoa (Uni\u00e3o-CE). \u201cA r\u00e1pida identifica\u00e7\u00e3o e o reconhecimento pr\u00e9vio do estado de sa\u00fade do paciente podem ser diferenciais relevantes para o desfecho cl\u00ednico favor\u00e1vel, especialmente em situa\u00e7\u00f5es de emerg\u00eancia\u201d, disse a relatora.<\/p>\n<p>O projeto de lei foi apresentado pela deputada Yandra Moura (Uni\u00e3o-SE).<\/p>\n<p>A epiderm\u00f3lise bolhosa ganhou visibilidade nacional por meio do menino Guilherme Gandra Moura, de 10 anos. Gui ficou famoso depois que um v\u00eddeo compartilhado por sua m\u00e3e viralizou\u00a0nas redes sociais, em junho de 2023. Na \u00e9poca, Tayane Gandra registrou o encontro com o filho depois de ele ficar 16 dias em coma induzido.<\/p>\n<p><strong>Pr\u00f3ximas etapas<\/strong><br \/>A proposta ser\u00e1 analisada, em <span id=\"4322\" class=\"termoGlossario\" title=\"Rito de tramita\u00e7\u00e3o pelo qual o projeto \u00e9 votado apenas pelas comiss\u00f5es designadas para analis\u00e1-lo, dispensada a delibera\u00e7\u00e3o do Plen\u00e1rio. O projeto perde o car\u00e1ter conclusivo se houver decis\u00e3o divergente entre as comiss\u00f5es ou se, independentemente de ser aprovado ou rejeitado, houver recurso assinado por 52 deputados para a aprecia\u00e7\u00e3o da mat\u00e9ria no Plen\u00e1rio.\" contenteditable=\"false\" data-toggle=\"tooltip\" data-placement=\"top\">car\u00e1ter conclusivo<\/span>, pela Comiss\u00e3o de Constitui\u00e7\u00e3o e Justi\u00e7a e de Cidadania.<\/p>\n<p>Para virar lei, o texto deve ser aprovado pela C\u00e2mara e pelo Senado.<\/p>\n<p style=\"font-size: 0.8rem; font-weight: 700;\">Reportagem \u2013 Murilo Souza<br \/>Edi\u00e7\u00e3o \u2013 Rachel Librelon<\/p>\n<\/p><\/div>\n<p><br \/>\n<br \/><a href=\"https:\/\/www.camara.leg.br\/noticias\/1204477-comissao-aprova-pulseira-com-dados-para-identificar-pacientes-com-epidermolise-bolhosa\/\">postagem original <\/a><\/p>\n","protected":false},"excerpt":{"rendered":"<p>25\/09\/2025 &#8211; 15:17 \u00a0 Kayo Magalh\u00e3es \/ C\u00e2mara dos Deputados Fernanda Pessoa \u00e9 a relatora do projeto A Comiss\u00e3o de [&hellip;]<\/p>\n","protected":false},"author":1,"featured_media":3521,"comment_status":"open","ping_status":"open","sticky":false,"template":"","format":"standard","meta":{"site-sidebar-layout":"default","site-content-layout":"","ast-site-content-layout":"default","site-content-style":"default","site-sidebar-style":"default","ast-global-header-display":"","ast-banner-title-visibility":"","ast-main-header-display":"","ast-hfb-above-header-display":"","ast-hfb-below-header-display":"","ast-hfb-mobile-header-display":"","site-post-title":"","ast-breadcrumbs-content":"","ast-featured-img":"","footer-sml-layout":"","theme-transparent-header-meta":"","adv-header-id-meta":"","stick-header-meta":"","header-above-stick-meta":"","header-main-stick-meta":"","header-below-stick-meta":"","astra-migrate-meta-layouts":"default","ast-page-background-enabled":"default","ast-page-background-meta":{"desktop":{"background-color":"var(--ast-global-color-5)","background-image":"","background-repeat":"repeat","background-position":"center center","background-size":"auto","background-attachment":"scroll","background-type":"","background-media":"","overlay-type":"","overlay-color":"","overlay-opacity":"","overlay-gradient":""},"tablet":{"background-color":"","background-image":"","background-repeat":"repeat","background-position":"center center","background-size":"auto","background-attachment":"scroll","background-type":"","background-media":"","overlay-type":"","overlay-color":"","overlay-opacity":"","overlay-gradient":""},"mobile":{"background-color":"","background-image":"","background-repeat":"repeat","background-position":"center center","background-size":"auto","background-attachment":"scroll","background-type":"","background-media":"","overlay-type":"","overlay-color":"","overlay-opacity":"","overlay-gradient":""}},"ast-content-background-meta":{"desktop":{"background-color":"var(--ast-global-color-4)","background-image":"","background-repeat":"repeat","background-position":"center center","background-size":"auto","background-attachment":"scroll","background-type":"","background-media":"","overlay-type":"","overlay-color":"","overlay-opacity":"","overlay-gradient":""},"tablet":{"background-color":"var(--ast-global-color-4)","background-image":"","background-repeat":"repeat","background-position":"center center","background-size":"auto","background-attachment":"scroll","background-type":"","background-media":"","overlay-type":"","overlay-color":"","overlay-opacity":"","overlay-gradient":""},"mobile":{"background-color":"var(--ast-global-color-4)","background-image":"","background-repeat":"repeat","background-position":"center center","background-size":"auto","background-attachment":"scroll","background-type":"","background-media":"","overlay-type":"","overlay-color":"","overlay-opacity":"","overlay-gradient":""}},"_joinchat":[],"footnotes":""},"categories":[26],"tags":[],"_links":{"self":[{"href":"https:\/\/radiosantaclara.sitetopfm.com.br\/site\/wp-json\/wp\/v2\/posts\/3520"}],"collection":[{"href":"https:\/\/radiosantaclara.sitetopfm.com.br\/site\/wp-json\/wp\/v2\/posts"}],"about":[{"href":"https:\/\/radiosantaclara.sitetopfm.com.br\/site\/wp-json\/wp\/v2\/types\/post"}],"author":[{"embeddable":true,"href":"https:\/\/radiosantaclara.sitetopfm.com.br\/site\/wp-json\/wp\/v2\/users\/1"}],"replies":[{"embeddable":true,"href":"https:\/\/radiosantaclara.sitetopfm.com.br\/site\/wp-json\/wp\/v2\/comments?post=3520"}],"version-history":[{"count":0,"href":"https:\/\/radiosantaclara.sitetopfm.com.br\/site\/wp-json\/wp\/v2\/posts\/3520\/revisions"}],"wp:featuredmedia":[{"embeddable":true,"href":"https:\/\/radiosantaclara.sitetopfm.com.br\/site\/wp-json\/wp\/v2\/media\/3521"}],"wp:attachment":[{"href":"https:\/\/radiosantaclara.sitetopfm.com.br\/site\/wp-json\/wp\/v2\/media?parent=3520"}],"wp:term":[{"taxonomy":"category","embeddable":true,"href":"https:\/\/radiosantaclara.sitetopfm.com.br\/site\/wp-json\/wp\/v2\/categories?post=3520"},{"taxonomy":"post_tag","embeddable":true,"href":"https:\/\/radiosantaclara.sitetopfm.com.br\/site\/wp-json\/wp\/v2\/tags?post=3520"}],"curies":[{"name":"wp","href":"https:\/\/api.w.org\/{rel}","templated":true}]}}