{"id":3500,"date":"2025-09-25T09:20:55","date_gmt":"2025-09-25T12:20:55","guid":{"rendered":"https:\/\/radiosantaclara.sitetopfm.com.br\/site\/comissao-aprova-diretrizes-para-garantir-a-saude-mental-de-profissionais-de-seguranca-publica-noticias\/"},"modified":"2025-09-25T09:20:55","modified_gmt":"2025-09-25T12:20:55","slug":"comissao-aprova-diretrizes-para-garantir-a-saude-mental-de-profissionais-de-seguranca-publica-noticias","status":"publish","type":"post","link":"https:\/\/radiosantaclara.sitetopfm.com.br\/site\/comissao-aprova-diretrizes-para-garantir-a-saude-mental-de-profissionais-de-seguranca-publica-noticias\/","title":{"rendered":"Comiss\u00e3o aprova diretrizes para garantir a sa\u00fade mental de profissionais de seguran\u00e7a p\u00fablica &#8211; Not\u00edcias"},"content":{"rendered":"<p> <br \/>\n<\/p>\n<div>\n<div>\n<p class=\"g-artigo__data-hora\">\n                      25\/09\/2025 &#8211; 09:06 \u00a0\n                    <\/p>\n<div id=\"image-container-1204204\" class=\"image-container\" style=\"float: none; margin: 45px 0px; width: 100%;\" data-midia=\"1204204\">\n<p><em>Kayo Magalh\u00e3es \/ C\u00e2mara dos Deputados<\/em><\/p>\n<p>Allan Garc\u00eas \u00e9 o relator do projeto de lei<\/p>\n<\/p><\/div>\n<p>A Comiss\u00e3o de Seguran\u00e7a P\u00fablica da C\u00e2mara dos Deputados aprovou o Projeto de Lei 2814\/25, com diretrizes para sa\u00fade mental, qualidade de vida e valoriza\u00e7\u00e3o dos profissionais de seguran\u00e7a p\u00fablica.<\/p>\n<p>A proposta estabelece as seguintes diretrizes:<\/p>\n<ul>\n<li>regulamenta\u00e7\u00e3o de carga hor\u00e1ria humanizada, com limites m\u00e1ximos de jornada e regimes de descanso;<\/li>\n<li>escalas que minimizem a priva\u00e7\u00e3o cr\u00f4nica de sono e o esgotamento f\u00edsico e mental;<\/li>\n<li>fomento a uma cultura organizacional inclusiva;<\/li>\n<li>avalia\u00e7\u00e3o peri\u00f3dica e com transpar\u00eancia; e<\/li>\n<li>atendimento especializado aos profissionais de seguran\u00e7a em situa\u00e7\u00f5es traum\u00e1ticas.<\/li>\n<\/ul>\n<p>Se houver desgaste profissional intenso, estresse agudo ou transtorno de estresse p\u00f3s-traum\u00e1tico, o policial ou bombeiro militar poder\u00e1 ter descanso extra ou redu\u00e7\u00e3o tempor\u00e1ria da jornada. Para esses casos, ser\u00e1 necess\u00e1ria avalia\u00e7\u00e3o m\u00e9dica.<\/p>\n<p>O apoio psicossocial ser\u00e1 separado das avalia\u00e7\u00f5es de desempenho e progress\u00e3o na carreira, para n\u00e3o desmotivar o profissional a buscar ajuda. Ser\u00e3o criados programas espec\u00edficos para acolher e acompanhar os profissionais e suas fam\u00edlias.<\/p>\n<p>A vota\u00e7\u00e3o seguiu o parecer do relator, deputado Allan Garc\u00eas (PP-MA). &#8220;A urg\u00eancia dessas medidas \u00e9 respaldada pelos alarmantes indicadores de adoecimento mental e suic\u00eddio no Pa\u00eds, os quais demonstram a necessidade de implementa\u00e7\u00e3o de pol\u00edticas p\u00fablicas padronizadas e coordenadas para enfrentar o problema&#8221;, alerta o relator.<\/p>\n<p>A proposta foi apresentada pelos deputados Capit\u00e3o Augusto (PL-SP) e Dayany Bittencourt (Uni\u00e3o-CE).<\/p>\n<p><strong>Pr\u00f3ximos passos<\/strong><br \/>A proposta segue para an\u00e1lise, em <span id=\"4322\" class=\"termoGlossario\" title=\"Rito de tramita\u00e7\u00e3o pelo qual o projeto \u00e9 votado apenas pelas comiss\u00f5es designadas para analis\u00e1-lo, dispensada a delibera\u00e7\u00e3o do Plen\u00e1rio. O projeto perde o car\u00e1ter conclusivo se houver decis\u00e3o divergente entre as comiss\u00f5es ou se, independentemente de ser aprovado ou rejeitado, houver recurso assinado por 52 deputados para a aprecia\u00e7\u00e3o da mat\u00e9ria no Plen\u00e1rio.\" contenteditable=\"false\" data-toggle=\"tooltip\" data-placement=\"top\">car\u00e1ter conclusivo<\/span>, da Comiss\u00e3o de Constitui\u00e7\u00e3o e Justi\u00e7a e de Cidadania. Para virar lei, o projeto deve ser aprovado pela C\u00e2mara e pelo Senado.<\/p>\n<p style=\"font-size: 0.8rem; font-weight: 700;\">Reportagem \u2013 Francisco Brand\u00e3o<br \/>Edi\u00e7\u00e3o \u2013 Rachel Librelon<\/p>\n<\/p><\/div>\n<\/p><\/div>\n<p><br \/>\n<br \/><a href=\"https:\/\/www.camara.leg.br\/noticias\/1203899-comissao-aprova-diretrizes-para-garantir-a-saude-mental-de-profissionais-de-seguranca-publica\/\">postagem original <\/a><\/p>\n","protected":false},"excerpt":{"rendered":"<p>25\/09\/2025 &#8211; 09:06 \u00a0 Kayo Magalh\u00e3es \/ C\u00e2mara dos Deputados Allan Garc\u00eas \u00e9 o relator do projeto de lei A [&hellip;]<\/p>\n","protected":false},"author":1,"featured_media":3501,"comment_status":"open","ping_status":"open","sticky":false,"template":"","format":"standard","meta":{"site-sidebar-layout":"default","site-content-layout":"","ast-site-content-layout":"default","site-content-style":"default","site-sidebar-style":"default","ast-global-header-display":"","ast-banner-title-visibility":"","ast-main-header-display":"","ast-hfb-above-header-display":"","ast-hfb-below-header-display":"","ast-hfb-mobile-header-display":"","site-post-title":"","ast-breadcrumbs-content":"","ast-featured-img":"","footer-sml-layout":"","theme-transparent-header-meta":"","adv-header-id-meta":"","stick-header-meta":"","header-above-stick-meta":"","header-main-stick-meta":"","header-below-stick-meta":"","astra-migrate-meta-layouts":"default","ast-page-background-enabled":"default","ast-page-background-meta":{"desktop":{"background-color":"var(--ast-global-color-5)","background-image":"","background-repeat":"repeat","background-position":"center center","background-size":"auto","background-attachment":"scroll","background-type":"","background-media":"","overlay-type":"","overlay-color":"","overlay-opacity":"","overlay-gradient":""},"tablet":{"background-color":"","background-image":"","background-repeat":"repeat","background-position":"center center","background-size":"auto","background-attachment":"scroll","background-type":"","background-media":"","overlay-type":"","overlay-color":"","overlay-opacity":"","overlay-gradient":""},"mobile":{"background-color":"","background-image":"","background-repeat":"repeat","background-position":"center center","background-size":"auto","background-attachment":"scroll","background-type":"","background-media":"","overlay-type":"","overlay-color":"","overlay-opacity":"","overlay-gradient":""}},"ast-content-background-meta":{"desktop":{"background-color":"var(--ast-global-color-4)","background-image":"","background-repeat":"repeat","background-position":"center center","background-size":"auto","background-attachment":"scroll","background-type":"","background-media":"","overlay-type":"","overlay-color":"","overlay-opacity":"","overlay-gradient":""},"tablet":{"background-color":"var(--ast-global-color-4)","background-image":"","background-repeat":"repeat","background-position":"center center","background-size":"auto","background-attachment":"scroll","background-type":"","background-media":"","overlay-type":"","overlay-color":"","overlay-opacity":"","overlay-gradient":""},"mobile":{"background-color":"var(--ast-global-color-4)","background-image":"","background-repeat":"repeat","background-position":"center center","background-size":"auto","background-attachment":"scroll","background-type":"","background-media":"","overlay-type":"","overlay-color":"","overlay-opacity":"","overlay-gradient":""}},"_joinchat":[],"footnotes":""},"categories":[26],"tags":[],"_links":{"self":[{"href":"https:\/\/radiosantaclara.sitetopfm.com.br\/site\/wp-json\/wp\/v2\/posts\/3500"}],"collection":[{"href":"https:\/\/radiosantaclara.sitetopfm.com.br\/site\/wp-json\/wp\/v2\/posts"}],"about":[{"href":"https:\/\/radiosantaclara.sitetopfm.com.br\/site\/wp-json\/wp\/v2\/types\/post"}],"author":[{"embeddable":true,"href":"https:\/\/radiosantaclara.sitetopfm.com.br\/site\/wp-json\/wp\/v2\/users\/1"}],"replies":[{"embeddable":true,"href":"https:\/\/radiosantaclara.sitetopfm.com.br\/site\/wp-json\/wp\/v2\/comments?post=3500"}],"version-history":[{"count":0,"href":"https:\/\/radiosantaclara.sitetopfm.com.br\/site\/wp-json\/wp\/v2\/posts\/3500\/revisions"}],"wp:featuredmedia":[{"embeddable":true,"href":"https:\/\/radiosantaclara.sitetopfm.com.br\/site\/wp-json\/wp\/v2\/media\/3501"}],"wp:attachment":[{"href":"https:\/\/radiosantaclara.sitetopfm.com.br\/site\/wp-json\/wp\/v2\/media?parent=3500"}],"wp:term":[{"taxonomy":"category","embeddable":true,"href":"https:\/\/radiosantaclara.sitetopfm.com.br\/site\/wp-json\/wp\/v2\/categories?post=3500"},{"taxonomy":"post_tag","embeddable":true,"href":"https:\/\/radiosantaclara.sitetopfm.com.br\/site\/wp-json\/wp\/v2\/tags?post=3500"}],"curies":[{"name":"wp","href":"https:\/\/api.w.org\/{rel}","templated":true}]}}