{"id":3496,"date":"2025-09-25T06:43:08","date_gmt":"2025-09-25T09:43:08","guid":{"rendered":"https:\/\/radiosantaclara.sitetopfm.com.br\/site\/comissao-aprova-renovacao-do-plano-nacional-de-assistencia-social-a-cada-dez-anos-noticias\/"},"modified":"2025-09-25T06:43:08","modified_gmt":"2025-09-25T09:43:08","slug":"comissao-aprova-renovacao-do-plano-nacional-de-assistencia-social-a-cada-dez-anos-noticias","status":"publish","type":"post","link":"https:\/\/radiosantaclara.sitetopfm.com.br\/site\/comissao-aprova-renovacao-do-plano-nacional-de-assistencia-social-a-cada-dez-anos-noticias\/","title":{"rendered":"Comiss\u00e3o aprova renova\u00e7\u00e3o do Plano Nacional de Assist\u00eancia Social a cada dez anos &#8211; Not\u00edcias"},"content":{"rendered":"<p> <br \/>\n<\/p>\n<div>\n<div>\n<p class=\"g-artigo__data-hora\">\n                      24\/09\/2025 &#8211; 20:29 \u00a0\n                    <\/p>\n<div id=\"image-container-1204114\" class=\"image-container\" style=\"float: none; margin: 45px 0px; width: 100%;\" data-midia=\"1204114\">\n<p><em>Vinicius Loures\/C\u00e2mara dos Deputados<\/em><\/p>\n<p>Laura Carneiro, relatora da proposta na CCJ<\/p>\n<\/p><\/div>\n<p>A Comiss\u00e3o de Constitui\u00e7\u00e3o e Justi\u00e7a e de Cidadania da C\u00e2mara dos Deputados aprovou projeto de lei que determina que seja estabelecido em lei, a cada dez anos, um Plano Nacional de Assist\u00eancia Social, com objetivos, estrat\u00e9gias e metas para o aperfei\u00e7oamento da \u00e1rea.<\/p>\n<p>Aprovado em <span id=\"4322\" class=\"termoGlossario\" title=\"Rito de tramita\u00e7\u00e3o pelo qual o projeto \u00e9 votado apenas pelas comiss\u00f5es designadas para analis\u00e1-lo, dispensada a delibera\u00e7\u00e3o do Plen\u00e1rio. O projeto perde o car\u00e1ter conclusivo se houver decis\u00e3o divergente entre as comiss\u00f5es ou se, independentemente de ser aprovado ou rejeitado, houver recurso assinado por 52 deputados para a aprecia\u00e7\u00e3o da mat\u00e9ria no Plen\u00e1rio.\" contenteditable=\"false\" data-toggle=\"tooltip\" data-placement=\"top\">car\u00e1ter conclusivo<\/span>, o projeto seguir\u00e1 para o Senado, a menos que haja recurso para vota\u00e7\u00e3o no Plen\u00e1rio.<\/p>\n<p>Pela proposta, o cumprimento das metas do Plano deve ser atestado com base nos dados do Sistema \u00danico de Assist\u00eancia Social (Suas). Caber\u00e1 ao Conselho Nacional de Assist\u00eancia Social (CNAS) elaborar o documento.<\/p>\n<p>O <a href=\"https:\/\/www.camara.leg.br\/proposicoesWeb\/prop_mostrarintegra?codteor=2353201&amp;filename=Parecer-CCJC-2023-10-30\">texto aprovado<\/a> \u00e9 o <span id=\"4098\" class=\"termoGlossario\" title=\"Nome que se d\u00e1 ao texto que altera substancialmente o conte\u00fado original da proposta. O substitutivo \u00e9 apresentado pelo relator e tem prefer\u00eancia na vota\u00e7\u00e3o sobre o projeto original.\" contenteditable=\"false\" data-toggle=\"tooltip\" data-placement=\"top\">substitutivo<\/span> ao <a class=\"linkProposicao\" href=\"https:\/\/www.camara.leg.br\/noticias\/542679-projeto-quer-transformar-em-lei-plano-nacional-de-assistencia-social\">Projeto de Lei 9250\/17<\/a>, do ex-deputado Eduardo Barbosa, que pretendia transformar em lei as diretrizes e metas do Plano Nacional de Assist\u00eancia Social (PNAS). A relatora, deputada Laura Carneiro (PSD-RJ), optou por adotar o parecer de sua autoria, aprovado anteriormente pela Comiss\u00e3o de Previd\u00eancia, Assist\u00eancia Social, Inf\u00e2ncia, Adolesc\u00eancia e Fam\u00edlia.<\/p>\n<p>Laura Carneiro observou que o PNAS previsto na vers\u00e3o original j\u00e1 se encaminha para o fim de sua vig\u00eancia em 2026. Nesse sentido, ela optou por estipular em lei a ado\u00e7\u00e3o de planos decenais sobre o tema, inserindo essa medida na <a class=\"linkLegislacao\" href=\"https:\/\/www2.camara.gov.br\/legin\/fed\/lei\/1993\/lei-8742-7-dezembro-1993-363163-norma-pl.html\">Lei 8.742\/93,<\/a> que trata da organiza\u00e7\u00e3o da assist\u00eancia social.<\/p>\n<p><a href=\"https:\/\/www.camara.leg.br\/noticias\/573454-SAIBA-MAIS-SOBRE-A-TRAMITACAO-DE-PROJETOS-DE-LEI\">Saiba mais sobre a tramita\u00e7\u00e3o de projetos de lei<\/a><\/p>\n<p style=\"font-size: 0.8rem; font-weight: 700;\">Reportagem \u2013 Emanuelle Brasil<br \/>Edi\u00e7\u00e3o \u2013 Ana Chalub<\/p>\n<\/p><\/div>\n<\/p><\/div>\n<p><br \/>\n<br \/><a href=\"https:\/\/www.camara.leg.br\/noticias\/1203997-comissao-aprova-renovacao-do-plano-nacional-de-assistencia-social-a-cada-dez-anos\/\">postagem original <\/a><\/p>\n","protected":false},"excerpt":{"rendered":"<p>24\/09\/2025 &#8211; 20:29 \u00a0 Vinicius Loures\/C\u00e2mara dos Deputados Laura Carneiro, relatora da proposta na CCJ A Comiss\u00e3o de Constitui\u00e7\u00e3o e [&hellip;]<\/p>\n","protected":false},"author":1,"featured_media":3497,"comment_status":"open","ping_status":"open","sticky":false,"template":"","format":"standard","meta":{"site-sidebar-layout":"default","site-content-layout":"","ast-site-content-layout":"default","site-content-style":"default","site-sidebar-style":"default","ast-global-header-display":"","ast-banner-title-visibility":"","ast-main-header-display":"","ast-hfb-above-header-display":"","ast-hfb-below-header-display":"","ast-hfb-mobile-header-display":"","site-post-title":"","ast-breadcrumbs-content":"","ast-featured-img":"","footer-sml-layout":"","theme-transparent-header-meta":"","adv-header-id-meta":"","stick-header-meta":"","header-above-stick-meta":"","header-main-stick-meta":"","header-below-stick-meta":"","astra-migrate-meta-layouts":"default","ast-page-background-enabled":"default","ast-page-background-meta":{"desktop":{"background-color":"var(--ast-global-color-5)","background-image":"","background-repeat":"repeat","background-position":"center center","background-size":"auto","background-attachment":"scroll","background-type":"","background-media":"","overlay-type":"","overlay-color":"","overlay-opacity":"","overlay-gradient":""},"tablet":{"background-color":"","background-image":"","background-repeat":"repeat","background-position":"center center","background-size":"auto","background-attachment":"scroll","background-type":"","background-media":"","overlay-type":"","overlay-color":"","overlay-opacity":"","overlay-gradient":""},"mobile":{"background-color":"","background-image":"","background-repeat":"repeat","background-position":"center center","background-size":"auto","background-attachment":"scroll","background-type":"","background-media":"","overlay-type":"","overlay-color":"","overlay-opacity":"","overlay-gradient":""}},"ast-content-background-meta":{"desktop":{"background-color":"var(--ast-global-color-4)","background-image":"","background-repeat":"repeat","background-position":"center center","background-size":"auto","background-attachment":"scroll","background-type":"","background-media":"","overlay-type":"","overlay-color":"","overlay-opacity":"","overlay-gradient":""},"tablet":{"background-color":"var(--ast-global-color-4)","background-image":"","background-repeat":"repeat","background-position":"center center","background-size":"auto","background-attachment":"scroll","background-type":"","background-media":"","overlay-type":"","overlay-color":"","overlay-opacity":"","overlay-gradient":""},"mobile":{"background-color":"var(--ast-global-color-4)","background-image":"","background-repeat":"repeat","background-position":"center center","background-size":"auto","background-attachment":"scroll","background-type":"","background-media":"","overlay-type":"","overlay-color":"","overlay-opacity":"","overlay-gradient":""}},"_joinchat":[],"footnotes":""},"categories":[32],"tags":[],"_links":{"self":[{"href":"https:\/\/radiosantaclara.sitetopfm.com.br\/site\/wp-json\/wp\/v2\/posts\/3496"}],"collection":[{"href":"https:\/\/radiosantaclara.sitetopfm.com.br\/site\/wp-json\/wp\/v2\/posts"}],"about":[{"href":"https:\/\/radiosantaclara.sitetopfm.com.br\/site\/wp-json\/wp\/v2\/types\/post"}],"author":[{"embeddable":true,"href":"https:\/\/radiosantaclara.sitetopfm.com.br\/site\/wp-json\/wp\/v2\/users\/1"}],"replies":[{"embeddable":true,"href":"https:\/\/radiosantaclara.sitetopfm.com.br\/site\/wp-json\/wp\/v2\/comments?post=3496"}],"version-history":[{"count":0,"href":"https:\/\/radiosantaclara.sitetopfm.com.br\/site\/wp-json\/wp\/v2\/posts\/3496\/revisions"}],"wp:featuredmedia":[{"embeddable":true,"href":"https:\/\/radiosantaclara.sitetopfm.com.br\/site\/wp-json\/wp\/v2\/media\/3497"}],"wp:attachment":[{"href":"https:\/\/radiosantaclara.sitetopfm.com.br\/site\/wp-json\/wp\/v2\/media?parent=3496"}],"wp:term":[{"taxonomy":"category","embeddable":true,"href":"https:\/\/radiosantaclara.sitetopfm.com.br\/site\/wp-json\/wp\/v2\/categories?post=3496"},{"taxonomy":"post_tag","embeddable":true,"href":"https:\/\/radiosantaclara.sitetopfm.com.br\/site\/wp-json\/wp\/v2\/tags?post=3496"}],"curies":[{"name":"wp","href":"https:\/\/api.w.org\/{rel}","templated":true}]}}