{"id":3480,"date":"2025-09-24T18:04:07","date_gmt":"2025-09-24T21:04:07","guid":{"rendered":"https:\/\/radiosantaclara.sitetopfm.com.br\/site\/comissao-aprova-uso-de-pulseira-lilas-para-identificar-pacientes-autistas-em-unidades-de-saude-noticias\/"},"modified":"2025-09-24T18:04:07","modified_gmt":"2025-09-24T21:04:07","slug":"comissao-aprova-uso-de-pulseira-lilas-para-identificar-pacientes-autistas-em-unidades-de-saude-noticias","status":"publish","type":"post","link":"https:\/\/radiosantaclara.sitetopfm.com.br\/site\/comissao-aprova-uso-de-pulseira-lilas-para-identificar-pacientes-autistas-em-unidades-de-saude-noticias\/","title":{"rendered":"Comiss\u00e3o aprova uso de pulseira lil\u00e1s para identificar pacientes autistas em unidades de sa\u00fade &#8211; Not\u00edcias"},"content":{"rendered":"<p> <br \/>\n<\/p>\n<div>\n<div>\n<p class=\"g-artigo__data-hora\">\n                      24\/09\/2025 &#8211; 17:51 \u00a0\n                    <\/p>\n<div id=\"image-container-1204038\" class=\"image-container\" style=\"float: none; margin: 45px 0px; width: 100%;\" data-midia=\"1204038\">\n<p><em>Vinicius Loures\/C\u00e2mara dos Deputados<\/em><\/p>\n<p>Marangoni, relator da proposta<\/p>\n<\/p><\/div>\n<p>A Comiss\u00e3o de Constitui\u00e7\u00e3o e Justi\u00e7a e de Cidadania (CCJ) da C\u00e2mara dos Deputados aprovou o Projeto de Lei 2179\/24, que assegura a pacientes autistas e familiares o direito de usar pulseira lil\u00e1s durante atendimentos em institui\u00e7\u00f5es de sa\u00fade p\u00fablicas e privadas. A medida altera a Pol\u00edtica Nacional de Prote\u00e7\u00e3o dos Direitos da Pessoa com Transtorno do Espectro Autista.<\/p>\n<p>A proposta seguir\u00e1 para o Senado caso n\u00e3o haja recurso para vota\u00e7\u00e3o no Plen\u00e1rio da C\u00e2mara.<\/p>\n<p>O objetivo do projeto \u00e9 facilitar a identifica\u00e7\u00e3o de pessoas com transtorno do espectro autista (TEA) em hospitais, cl\u00ednicas e outros estabelecimentos de sa\u00fade. O uso da pulseira ser\u00e1 opcional, e sua aus\u00eancia n\u00e3o compromete direitos e garantias previstos em lei.<\/p>\n<p><strong>Atendimento facilitado<\/strong><br \/>O relator, deputado Marangoni (Uni\u00e3o-SP), defendeu a aprova\u00e7\u00e3o do projeto de autoria do Rubens Pereira J\u00fanior (PT-MA). Segundo Marangoni, a iniciativa, al\u00e9m de facilitar o atendimento priorit\u00e1rio desse p\u00fablico, &#8220;pode reduzir riscos de fuga, ansiedade e confus\u00e3o em ambiente hospitalar, melhorando a experi\u00eancia e a seguran\u00e7a do paciente&#8221;.<\/p>\n<p>Em seu parecer, o relator esclarece que, diferentemente da Carteira de Identifica\u00e7\u00e3o da Pessoa com Transtorno do Espectro Autista (CIPTEA), a pulseira ser\u00e1 utilizada durante o per\u00edodo de perman\u00eancia em institui\u00e7\u00f5es de sa\u00fade, facilitando a comunica\u00e7\u00e3o entre profissionais e pacientes, reduzindo situa\u00e7\u00f5es<br \/>de estresse e assegurando prioridade no atendimento.<\/p>\n<p><a href=\"https:\/\/www.camara.leg.br\/noticias\/573454-SAIBA-MAIS-SOBRE-A-TRAMITACAO-DE-PROJETOS-DE-LEI\">Saiba mais sobre a tramita\u00e7\u00e3o de projetos de lei<\/a><\/p>\n<p style=\"font-size: 0.8rem; font-weight: 700;\">Reportagem  \u2013  Emanuelle Brasil<br \/>Edi\u00e7\u00e3o \u2013 Pierre Triboli<\/p>\n<\/p><\/div>\n<\/p><\/div>\n<p><br \/>\n<br \/><a href=\"https:\/\/www.camara.leg.br\/noticias\/1203957-comissao-aprova-uso-de-pulseira-lilas-para-identificar-pacientes-autistas-em-unidades-de-saude\/\">postagem original <\/a><\/p>\n","protected":false},"excerpt":{"rendered":"<p>24\/09\/2025 &#8211; 17:51 \u00a0 Vinicius Loures\/C\u00e2mara dos Deputados Marangoni, relator da proposta A Comiss\u00e3o de Constitui\u00e7\u00e3o e Justi\u00e7a e de [&hellip;]<\/p>\n","protected":false},"author":1,"featured_media":3481,"comment_status":"open","ping_status":"open","sticky":false,"template":"","format":"standard","meta":{"site-sidebar-layout":"default","site-content-layout":"","ast-site-content-layout":"default","site-content-style":"default","site-sidebar-style":"default","ast-global-header-display":"","ast-banner-title-visibility":"","ast-main-header-display":"","ast-hfb-above-header-display":"","ast-hfb-below-header-display":"","ast-hfb-mobile-header-display":"","site-post-title":"","ast-breadcrumbs-content":"","ast-featured-img":"","footer-sml-layout":"","theme-transparent-header-meta":"","adv-header-id-meta":"","stick-header-meta":"","header-above-stick-meta":"","header-main-stick-meta":"","header-below-stick-meta":"","astra-migrate-meta-layouts":"default","ast-page-background-enabled":"default","ast-page-background-meta":{"desktop":{"background-color":"var(--ast-global-color-5)","background-image":"","background-repeat":"repeat","background-position":"center center","background-size":"auto","background-attachment":"scroll","background-type":"","background-media":"","overlay-type":"","overlay-color":"","overlay-opacity":"","overlay-gradient":""},"tablet":{"background-color":"","background-image":"","background-repeat":"repeat","background-position":"center center","background-size":"auto","background-attachment":"scroll","background-type":"","background-media":"","overlay-type":"","overlay-color":"","overlay-opacity":"","overlay-gradient":""},"mobile":{"background-color":"","background-image":"","background-repeat":"repeat","background-position":"center center","background-size":"auto","background-attachment":"scroll","background-type":"","background-media":"","overlay-type":"","overlay-color":"","overlay-opacity":"","overlay-gradient":""}},"ast-content-background-meta":{"desktop":{"background-color":"var(--ast-global-color-4)","background-image":"","background-repeat":"repeat","background-position":"center center","background-size":"auto","background-attachment":"scroll","background-type":"","background-media":"","overlay-type":"","overlay-color":"","overlay-opacity":"","overlay-gradient":""},"tablet":{"background-color":"var(--ast-global-color-4)","background-image":"","background-repeat":"repeat","background-position":"center center","background-size":"auto","background-attachment":"scroll","background-type":"","background-media":"","overlay-type":"","overlay-color":"","overlay-opacity":"","overlay-gradient":""},"mobile":{"background-color":"var(--ast-global-color-4)","background-image":"","background-repeat":"repeat","background-position":"center center","background-size":"auto","background-attachment":"scroll","background-type":"","background-media":"","overlay-type":"","overlay-color":"","overlay-opacity":"","overlay-gradient":""}},"_joinchat":[],"footnotes":""},"categories":[31],"tags":[],"_links":{"self":[{"href":"https:\/\/radiosantaclara.sitetopfm.com.br\/site\/wp-json\/wp\/v2\/posts\/3480"}],"collection":[{"href":"https:\/\/radiosantaclara.sitetopfm.com.br\/site\/wp-json\/wp\/v2\/posts"}],"about":[{"href":"https:\/\/radiosantaclara.sitetopfm.com.br\/site\/wp-json\/wp\/v2\/types\/post"}],"author":[{"embeddable":true,"href":"https:\/\/radiosantaclara.sitetopfm.com.br\/site\/wp-json\/wp\/v2\/users\/1"}],"replies":[{"embeddable":true,"href":"https:\/\/radiosantaclara.sitetopfm.com.br\/site\/wp-json\/wp\/v2\/comments?post=3480"}],"version-history":[{"count":0,"href":"https:\/\/radiosantaclara.sitetopfm.com.br\/site\/wp-json\/wp\/v2\/posts\/3480\/revisions"}],"wp:featuredmedia":[{"embeddable":true,"href":"https:\/\/radiosantaclara.sitetopfm.com.br\/site\/wp-json\/wp\/v2\/media\/3481"}],"wp:attachment":[{"href":"https:\/\/radiosantaclara.sitetopfm.com.br\/site\/wp-json\/wp\/v2\/media?parent=3480"}],"wp:term":[{"taxonomy":"category","embeddable":true,"href":"https:\/\/radiosantaclara.sitetopfm.com.br\/site\/wp-json\/wp\/v2\/categories?post=3480"},{"taxonomy":"post_tag","embeddable":true,"href":"https:\/\/radiosantaclara.sitetopfm.com.br\/site\/wp-json\/wp\/v2\/tags?post=3480"}],"curies":[{"name":"wp","href":"https:\/\/api.w.org\/{rel}","templated":true}]}}