{"id":3476,"date":"2025-09-24T10:43:42","date_gmt":"2025-09-24T13:43:42","guid":{"rendered":"https:\/\/radiosantaclara.sitetopfm.com.br\/site\/comissao-aprova-prioridade-para-processos-de-crime-contra-crianca-noticias\/"},"modified":"2025-09-24T10:43:42","modified_gmt":"2025-09-24T13:43:42","slug":"comissao-aprova-prioridade-para-processos-de-crime-contra-crianca-noticias","status":"publish","type":"post","link":"https:\/\/radiosantaclara.sitetopfm.com.br\/site\/comissao-aprova-prioridade-para-processos-de-crime-contra-crianca-noticias\/","title":{"rendered":"Comiss\u00e3o aprova prioridade para processos de crime contra crian\u00e7a &#8211; Not\u00edcias"},"content":{"rendered":"<p> <br \/>\n<\/p>\n<div>\n<div>\n<p class=\"g-artigo__data-hora\">\n                      24\/09\/2025 &#8211; 09:22 \u00a0\n                    <\/p>\n<div id=\"image-container-1203694\" class=\"image-container\" style=\"float: none; margin: 45px 0px; width: 100%;\" data-midia=\"1203694\">\n<p><em>Kayo Magalh\u00e3es \/ C\u00e2mara dos Deputados<\/em><\/p>\n<p>Rubens Pereira J\u00fanior: medida garante prote\u00e7\u00e3o adequada<\/p>\n<\/p><\/div>\n<p class=\"pf0\"><span class=\"cf0\">A Comiss\u00e3o de Constitui\u00e7\u00e3o e Justi\u00e7a e de Cidadania da C\u00e2mara dos Deputados aprovou projeto de lei que garante prioridade, em todas as inst\u00e2ncias, na tramita\u00e7\u00e3o de processos envolvendo crimes contra crian\u00e7a e adolescente. Esses processos tamb\u00e9m ser\u00e3o isentos do pagamento de custas, taxas e despesas processuais. <\/span><\/p>\n<p class=\"pf0\"><span class=\"cf0\">O texto assegura ainda que crian\u00e7as e adolescentes recebam atendimento priorit\u00e1rio pela autoridade policial, pelo <span id=\"4140\" class=\"termoGlossario\" title=\"\u00c9 formado pelo Minist\u00e9rio P\u00fablico da Uni\u00e3o (MPU) e pelos minist\u00e9rios p\u00fablicos estaduais. No primeiro atuam os procuradores. Nos estados, os promotores. O MPU, por sua vez, \u00e9 composto pelo Minist\u00e9rio P\u00fablico Federal, pelo Minist\u00e9rio P\u00fablico do Trabalho, pelo Minist\u00e9rio P\u00fablico Militar e pelo Minist\u00e9rio P\u00fablico do Distrito Federal e Territ\u00f3rios.\" contenteditable=\"false\" data-toggle=\"tooltip\" data-placement=\"top\">Minist\u00e9rio P\u00fablico<\/span> e pela Defensoria P\u00fablica.<\/span><\/p>\n<p class=\"pf0\"><span class=\"cf0\"><strong>Pessoa com defici\u00eancia ou idosa<\/strong><br \/>No caso de crime cometido contra pessoas com defici\u00eancia ou idosas, o juiz poder\u00e1 determinar que o agressor compare\u00e7a a programas de recupera\u00e7\u00e3o e reeduca\u00e7\u00e3o.<\/span><\/p>\n<p class=\"pf0\"><span class=\"cf0\"><strong>Mulheres<\/strong><br \/>No caso de mulheres v\u00edtimas de viol\u00eancia dom\u00e9stica e familiar, a prioridade \u00e9 estendida a processos administrativos e criminais.\u00a0<\/span><span class=\"cf0\">Atualmente, o C\u00f3digo de Processo Civil estabelece essa prioridade apenas a processos de natureza c\u00edvel. <\/span><\/p>\n<p class=\"pf0\"><strong>Mudan\u00e7as no texto original<\/strong><br \/><span class=\"cf0\">A comiss\u00e3o aprovou a vers\u00e3o do relator, deputado Rubens Pereira J\u00fanior (PT-MA), que re\u00fane o<\/span><span class=\"cf0\">\u00a0<a class=\"linkProposicao\" href=\"https:\/\/www.camara.leg.br\/noticias\/120973-projeto-agiliza-julgamento-de-estupro-e-crime-contra-menor\">Projeto de Lei 3388\/08<\/a> e alguns <span id=\"4069\" class=\"termoGlossario\" title=\"Projeto que tramita em conjunto com outro que trate de mat\u00e9ria semelhante. O relator deve analisar todas as proposi\u00e7\u00f5es apensadas, que dever\u00e3o constar do seu parecer.\" contenteditable=\"false\" data-toggle=\"tooltip\" data-placement=\"top\">apensados<\/span>.<\/span><\/p>\n<p class=\"pf0\"><span class=\"cf0\">&#8220;Determinar tramita\u00e7\u00e3o priorit\u00e1ria nos processos em que se apura crimes de qualquer natureza em que sejam v\u00edtimas crian\u00e7as ou adolescentes ir\u00e1 fortalecer a prote\u00e7\u00e3o desse grupo vulner\u00e1vel&#8221;, afirma o relator.<\/span><\/p>\n<p class=\"pf0\"><strong><span class=\"cf0\">Pr\u00f3ximos passos<br \/><\/span><\/strong><span class=\"cf0\">A proposta segue para an\u00e1lise do Plen\u00e1rio. Para virar lei, deve ser aprovada pela C\u00e2mara e pelo Senado.<\/span><\/p>\n<p style=\"font-size: 0.8rem; font-weight: 700;\">Reportagem \u2013 Francisco Brand\u00e3o<br \/>Edi\u00e7\u00e3o \u2013 Natalia Doederlein<\/p>\n<\/p><\/div>\n<\/p><\/div>\n<p><br \/>\n<br \/><a href=\"https:\/\/www.camara.leg.br\/noticias\/1203577-comissao-aprova-prioridade-para-processos-de-crime-contra-crianca\/\">postagem original <\/a><\/p>\n","protected":false},"excerpt":{"rendered":"<p>24\/09\/2025 &#8211; 09:22 \u00a0 Kayo Magalh\u00e3es \/ C\u00e2mara dos Deputados Rubens Pereira J\u00fanior: medida garante prote\u00e7\u00e3o adequada A Comiss\u00e3o de [&hellip;]<\/p>\n","protected":false},"author":1,"featured_media":3477,"comment_status":"open","ping_status":"open","sticky":false,"template":"","format":"standard","meta":{"site-sidebar-layout":"default","site-content-layout":"","ast-site-content-layout":"default","site-content-style":"default","site-sidebar-style":"default","ast-global-header-display":"","ast-banner-title-visibility":"","ast-main-header-display":"","ast-hfb-above-header-display":"","ast-hfb-below-header-display":"","ast-hfb-mobile-header-display":"","site-post-title":"","ast-breadcrumbs-content":"","ast-featured-img":"","footer-sml-layout":"","theme-transparent-header-meta":"","adv-header-id-meta":"","stick-header-meta":"","header-above-stick-meta":"","header-main-stick-meta":"","header-below-stick-meta":"","astra-migrate-meta-layouts":"default","ast-page-background-enabled":"default","ast-page-background-meta":{"desktop":{"background-color":"var(--ast-global-color-5)","background-image":"","background-repeat":"repeat","background-position":"center center","background-size":"auto","background-attachment":"scroll","background-type":"","background-media":"","overlay-type":"","overlay-color":"","overlay-opacity":"","overlay-gradient":""},"tablet":{"background-color":"","background-image":"","background-repeat":"repeat","background-position":"center center","background-size":"auto","background-attachment":"scroll","background-type":"","background-media":"","overlay-type":"","overlay-color":"","overlay-opacity":"","overlay-gradient":""},"mobile":{"background-color":"","background-image":"","background-repeat":"repeat","background-position":"center center","background-size":"auto","background-attachment":"scroll","background-type":"","background-media":"","overlay-type":"","overlay-color":"","overlay-opacity":"","overlay-gradient":""}},"ast-content-background-meta":{"desktop":{"background-color":"var(--ast-global-color-4)","background-image":"","background-repeat":"repeat","background-position":"center center","background-size":"auto","background-attachment":"scroll","background-type":"","background-media":"","overlay-type":"","overlay-color":"","overlay-opacity":"","overlay-gradient":""},"tablet":{"background-color":"var(--ast-global-color-4)","background-image":"","background-repeat":"repeat","background-position":"center center","background-size":"auto","background-attachment":"scroll","background-type":"","background-media":"","overlay-type":"","overlay-color":"","overlay-opacity":"","overlay-gradient":""},"mobile":{"background-color":"var(--ast-global-color-4)","background-image":"","background-repeat":"repeat","background-position":"center center","background-size":"auto","background-attachment":"scroll","background-type":"","background-media":"","overlay-type":"","overlay-color":"","overlay-opacity":"","overlay-gradient":""}},"_joinchat":[],"footnotes":""},"categories":[36],"tags":[],"_links":{"self":[{"href":"https:\/\/radiosantaclara.sitetopfm.com.br\/site\/wp-json\/wp\/v2\/posts\/3476"}],"collection":[{"href":"https:\/\/radiosantaclara.sitetopfm.com.br\/site\/wp-json\/wp\/v2\/posts"}],"about":[{"href":"https:\/\/radiosantaclara.sitetopfm.com.br\/site\/wp-json\/wp\/v2\/types\/post"}],"author":[{"embeddable":true,"href":"https:\/\/radiosantaclara.sitetopfm.com.br\/site\/wp-json\/wp\/v2\/users\/1"}],"replies":[{"embeddable":true,"href":"https:\/\/radiosantaclara.sitetopfm.com.br\/site\/wp-json\/wp\/v2\/comments?post=3476"}],"version-history":[{"count":0,"href":"https:\/\/radiosantaclara.sitetopfm.com.br\/site\/wp-json\/wp\/v2\/posts\/3476\/revisions"}],"wp:featuredmedia":[{"embeddable":true,"href":"https:\/\/radiosantaclara.sitetopfm.com.br\/site\/wp-json\/wp\/v2\/media\/3477"}],"wp:attachment":[{"href":"https:\/\/radiosantaclara.sitetopfm.com.br\/site\/wp-json\/wp\/v2\/media?parent=3476"}],"wp:term":[{"taxonomy":"category","embeddable":true,"href":"https:\/\/radiosantaclara.sitetopfm.com.br\/site\/wp-json\/wp\/v2\/categories?post=3476"},{"taxonomy":"post_tag","embeddable":true,"href":"https:\/\/radiosantaclara.sitetopfm.com.br\/site\/wp-json\/wp\/v2\/tags?post=3476"}],"curies":[{"name":"wp","href":"https:\/\/api.w.org\/{rel}","templated":true}]}}