{"id":3450,"date":"2025-09-23T19:29:25","date_gmt":"2025-09-23T22:29:25","guid":{"rendered":"https:\/\/radiosantaclara.sitetopfm.com.br\/site\/grupo-recebe-sugestoes-para-minimizar-impacto-de-ambiente-digital-sobre-criancas-noticias\/"},"modified":"2025-09-23T19:29:25","modified_gmt":"2025-09-23T22:29:25","slug":"grupo-recebe-sugestoes-para-minimizar-impacto-de-ambiente-digital-sobre-criancas-noticias","status":"publish","type":"post","link":"https:\/\/radiosantaclara.sitetopfm.com.br\/site\/grupo-recebe-sugestoes-para-minimizar-impacto-de-ambiente-digital-sobre-criancas-noticias\/","title":{"rendered":"Grupo recebe sugest\u00f5es para minimizar impacto de ambiente digital sobre crian\u00e7as &#8211; Not\u00edcias"},"content":{"rendered":"<p> <br \/>\n<\/p>\n<div>\n<p class=\"g-artigo__data-hora\">\n                      23\/09\/2025 &#8211; 19:17 \u00a0\n                    <\/p>\n<div id=\"image-container-1203568\" class=\"image-container\" style=\"float: none; margin: 45px 0px; width: 100%;\" data-midia=\"1203568\">\n<p><em>Vinicius Loures\/C\u00e2mara dos Deputados<\/em><\/p>\n<p>Grupo de Trabalho sobre Prote\u00e7\u00e3o de Crian\u00e7as e Adolescentes em Ambiente Digital<\/p>\n<\/p><\/div>\n<p>O Grupo de Trabalho sobre Prote\u00e7\u00e3o de Crian\u00e7as e Adolescentes em Ambiente Digital da C\u00e2mara dos Deputados ouviu nesta ter\u00e7a-feira (23) sugest\u00f5es para reduzir os riscos da internet a esse p\u00fablico.<\/p>\n<p>Entre as propostas apresentadas est\u00e3o:<\/p>\n<ul>\n<li>responsabilizar plataformas digitais pelo conte\u00fado e pela falta de prote\u00e7\u00e3o adequada a crian\u00e7as e adolescentes;<\/li>\n<li>investir em educa\u00e7\u00e3o para ajudar crian\u00e7as a distinguir realidade e fantasia no mundo digital;<\/li>\n<li>fortalecer pol\u00edticas sociais e aprimorar canais de den\u00fancia;<\/li>\n<li>criar espa\u00e7os seguros nas escolas e nas comunidades para discutir os desafios on-line.<\/li>\n<\/ul>\n<p>A representante do Comit\u00ea Nacional de Enfrentamento \u00e0 Viol\u00eancia Sexual contra Crian\u00e7as e Adolescentes, Karina Figueiredo, defendeu que o Pa\u00eds invista em preven\u00e7\u00e3o, al\u00e9m do atendimento \u00e0s v\u00edtimas e da puni\u00e7\u00e3o dos agressores. Ela ressaltou a necessidade de aten\u00e7\u00e3o especial \u00e0s crian\u00e7as de baixa renda, com mais programas de esporte, cultura e conviv\u00eancia.<\/p>\n<p>\u201cO acesso ao mundo digital \u00e9 maior nas crian\u00e7as de baixa renda do que nas crian\u00e7as das classes m\u00e9dias ou mais favorecidas economicamente\u201d, disse Karina. Segundo ela, muitas m\u00e3es consideram mais seguro manter os filhos em casa com o celular do que expostos \u00e0 viol\u00eancia das ruas.<\/p>\n<p>A assessora da Plan International Brasil, Paula Alegria, destacou a import\u00e2ncia de solu\u00e7\u00f5es comunit\u00e1rias. Ela apresentou relatos de crian\u00e7as e adolescentes que pedem espa\u00e7os seguros em escolas e comunidades para compartilhar experi\u00eancias e preocupa\u00e7\u00f5es sobre o uso da internet.<\/p>\n<div id=\"image-container-1203570\" class=\"image-container\" style=\"float: none; margin: 45px 0px; width: 100%;\" data-midia=\"1203570\">\n<p><em>Vinicius Loures\/C\u00e2mara dos Deputados<\/em><\/p>\n<p>Rog\u00e9ria Santos sugeriu ampliar atua\u00e7\u00e3o das delegacias especializadas<\/p>\n<\/p><\/div>\n<p><strong>Delegacias especializadas<br \/><\/strong>As deputadas Ant\u00f4nia L\u00facia (Republicanos-AC) e Delegada Ione (Avante-MG) defenderam a cria\u00e7\u00e3o de uma delegacia especializada em crimes contra crian\u00e7as e adolescentes no ambiente digital.<\/p>\n<p>A coordenadora do grupo de trabalho, deputada Rog\u00e9ria Santos (Republicanos-BA), ponderou que o ideal pode ser ampliar a atua\u00e7\u00e3o das delegacias j\u00e1 existentes. \u201cJ\u00e1 existem as especializadas, mas ainda n\u00e3o h\u00e1 foco no ambiente digital. O esfor\u00e7o pode ser menor do que criar uma nova delegacia\u201d, disse.<\/p>\n<p><strong>Ferramentas de den\u00fancia<br \/><\/strong>A chefe de gabinete da Secretaria Nacional dos Direitos da Crian\u00e7a e do Adolescente, Mayara Silva de Souza, lembrou que o Brasil tem legisla\u00e7\u00e3o avan\u00e7ada, mas ainda registra alto n\u00famero de den\u00fancias.<\/p>\n<p>Ela destacou a import\u00e2ncia do Disque 100, que recebe den\u00fancias de viola\u00e7\u00f5es de direitos humanos, al\u00e9m de outras ferramentas dispon\u00edveis \u00e0 popula\u00e7\u00e3o.<\/p>\n<p style=\"font-size: 0.8rem; font-weight: 700;\">Reportagem \u2013 No\u00e9li Nobre<br \/>Edi\u00e7\u00e3o \u2013 Ge\u00f3rgia Moraes<\/p>\n<\/p><\/div>\n<p><br \/>\n<br \/><a href=\"https:\/\/www.camara.leg.br\/noticias\/1203549-grupo-recebe-sugestoes-para-minimizar-impacto-de-ambiente-digital-sobre-criancas\/\">postagem original <\/a><\/p>\n","protected":false},"excerpt":{"rendered":"<p>23\/09\/2025 &#8211; 19:17 \u00a0 Vinicius Loures\/C\u00e2mara dos Deputados Grupo de Trabalho sobre Prote\u00e7\u00e3o de Crian\u00e7as e Adolescentes em Ambiente Digital [&hellip;]<\/p>\n","protected":false},"author":1,"featured_media":3451,"comment_status":"open","ping_status":"open","sticky":false,"template":"","format":"standard","meta":{"site-sidebar-layout":"default","site-content-layout":"","ast-site-content-layout":"default","site-content-style":"default","site-sidebar-style":"default","ast-global-header-display":"","ast-banner-title-visibility":"","ast-main-header-display":"","ast-hfb-above-header-display":"","ast-hfb-below-header-display":"","ast-hfb-mobile-header-display":"","site-post-title":"","ast-breadcrumbs-content":"","ast-featured-img":"","footer-sml-layout":"","theme-transparent-header-meta":"","adv-header-id-meta":"","stick-header-meta":"","header-above-stick-meta":"","header-main-stick-meta":"","header-below-stick-meta":"","astra-migrate-meta-layouts":"default","ast-page-background-enabled":"default","ast-page-background-meta":{"desktop":{"background-color":"var(--ast-global-color-5)","background-image":"","background-repeat":"repeat","background-position":"center center","background-size":"auto","background-attachment":"scroll","background-type":"","background-media":"","overlay-type":"","overlay-color":"","overlay-opacity":"","overlay-gradient":""},"tablet":{"background-color":"","background-image":"","background-repeat":"repeat","background-position":"center center","background-size":"auto","background-attachment":"scroll","background-type":"","background-media":"","overlay-type":"","overlay-color":"","overlay-opacity":"","overlay-gradient":""},"mobile":{"background-color":"","background-image":"","background-repeat":"repeat","background-position":"center center","background-size":"auto","background-attachment":"scroll","background-type":"","background-media":"","overlay-type":"","overlay-color":"","overlay-opacity":"","overlay-gradient":""}},"ast-content-background-meta":{"desktop":{"background-color":"var(--ast-global-color-4)","background-image":"","background-repeat":"repeat","background-position":"center center","background-size":"auto","background-attachment":"scroll","background-type":"","background-media":"","overlay-type":"","overlay-color":"","overlay-opacity":"","overlay-gradient":""},"tablet":{"background-color":"var(--ast-global-color-4)","background-image":"","background-repeat":"repeat","background-position":"center center","background-size":"auto","background-attachment":"scroll","background-type":"","background-media":"","overlay-type":"","overlay-color":"","overlay-opacity":"","overlay-gradient":""},"mobile":{"background-color":"var(--ast-global-color-4)","background-image":"","background-repeat":"repeat","background-position":"center center","background-size":"auto","background-attachment":"scroll","background-type":"","background-media":"","overlay-type":"","overlay-color":"","overlay-opacity":"","overlay-gradient":""}},"_joinchat":[],"footnotes":""},"categories":[31],"tags":[],"_links":{"self":[{"href":"https:\/\/radiosantaclara.sitetopfm.com.br\/site\/wp-json\/wp\/v2\/posts\/3450"}],"collection":[{"href":"https:\/\/radiosantaclara.sitetopfm.com.br\/site\/wp-json\/wp\/v2\/posts"}],"about":[{"href":"https:\/\/radiosantaclara.sitetopfm.com.br\/site\/wp-json\/wp\/v2\/types\/post"}],"author":[{"embeddable":true,"href":"https:\/\/radiosantaclara.sitetopfm.com.br\/site\/wp-json\/wp\/v2\/users\/1"}],"replies":[{"embeddable":true,"href":"https:\/\/radiosantaclara.sitetopfm.com.br\/site\/wp-json\/wp\/v2\/comments?post=3450"}],"version-history":[{"count":0,"href":"https:\/\/radiosantaclara.sitetopfm.com.br\/site\/wp-json\/wp\/v2\/posts\/3450\/revisions"}],"wp:featuredmedia":[{"embeddable":true,"href":"https:\/\/radiosantaclara.sitetopfm.com.br\/site\/wp-json\/wp\/v2\/media\/3451"}],"wp:attachment":[{"href":"https:\/\/radiosantaclara.sitetopfm.com.br\/site\/wp-json\/wp\/v2\/media?parent=3450"}],"wp:term":[{"taxonomy":"category","embeddable":true,"href":"https:\/\/radiosantaclara.sitetopfm.com.br\/site\/wp-json\/wp\/v2\/categories?post=3450"},{"taxonomy":"post_tag","embeddable":true,"href":"https:\/\/radiosantaclara.sitetopfm.com.br\/site\/wp-json\/wp\/v2\/tags?post=3450"}],"curies":[{"name":"wp","href":"https:\/\/api.w.org\/{rel}","templated":true}]}}