{"id":3439,"date":"2025-09-23T17:10:20","date_gmt":"2025-09-23T20:10:20","guid":{"rendered":"https:\/\/radiosantaclara.sitetopfm.com.br\/site\/combate-ao-crime-organizado-deve-incluir-bloqueio-do-trafico-e-descapitalizacao-das-faccoes-dizem-especialistas-noticias\/"},"modified":"2025-09-23T17:10:20","modified_gmt":"2025-09-23T20:10:20","slug":"combate-ao-crime-organizado-deve-incluir-bloqueio-do-trafico-e-descapitalizacao-das-faccoes-dizem-especialistas-noticias","status":"publish","type":"post","link":"https:\/\/radiosantaclara.sitetopfm.com.br\/site\/combate-ao-crime-organizado-deve-incluir-bloqueio-do-trafico-e-descapitalizacao-das-faccoes-dizem-especialistas-noticias\/","title":{"rendered":"Combate ao crime organizado deve incluir bloqueio do tr\u00e1fico e descapitaliza\u00e7\u00e3o das fac\u00e7\u00f5es, dizem especialistas &#8211; Not\u00edcias"},"content":{"rendered":"<p> <br \/>\n<\/p>\n<div>\n<p class=\"g-artigo__data-hora\">\n                      23\/09\/2025 &#8211; 16:19 \u00a0\n                    <\/p>\n<div id=\"image-container-1203439\" class=\"image-container\" style=\"float: none; margin: 45px 0px; width: 100%;\" data-midia=\"1203439\">\n<p><em>Renato Ara\u00fajo\/C\u00e2mara dos Deputados<\/em><\/p>\n<p>Debate foi promovido pela comiss\u00e3o especial que analisa a PEC da Seguran\u00e7a P\u00fablica<\/p>\n<\/p><\/div>\n<p>O combate ao crime organizado passa pelo bloqueio do tr\u00e1fico de drogas e pela descapitaliza\u00e7\u00e3o das fac\u00e7\u00f5es. A avalia\u00e7\u00e3o \u00e9 do delegado da Pol\u00edcia Federal Osvaldo Scalezi J\u00fanior e do promotor de Justi\u00e7a de S\u00e3o Paulo Lincoln Gakiya. Eles participaram de audi\u00eancia na comiss\u00e3o especial que analisa a <a class=\"linkProposicao\" href=\"https:\/\/www.camara.leg.br\/noticias\/1153668-proposta-do-governo-muda-estrutura-da-seguranca-publica-em-busca-de-maior-integracao-na-area\">Proposta de Emenda \u00e0 Constitui\u00e7\u00e3o (PEC) 18\/25<\/a>, sobre seguran\u00e7a p\u00fablica, na C\u00e2mara dos Deputados.<\/p>\n<p>Scalezi afirmou que o tr\u00e1fico de drogas \u00e9 a principal fonte de financiamento das organiza\u00e7\u00f5es criminosas. Segundo ele, o combate ao tr\u00e1fico e \u00e0 lavagem de dinheiro s\u00e3o ferramentas essenciais para enfraquecer essas organiza\u00e7\u00f5es. O delegado tamb\u00e9m destacou a import\u00e2ncia da pris\u00e3o de lideran\u00e7as, da coopera\u00e7\u00e3o internacional e da integra\u00e7\u00e3o entre institui\u00e7\u00f5es.<\/p>\n<p>Gakiya citou o caso do Primeiro Comando da Capital (PCC). Fundada em 1993, a fac\u00e7\u00e3o atua hoje em pa\u00edses da Am\u00e9rica do Sul e em outros 28 pa\u00edses. Segundo o promotor, a arrecada\u00e7\u00e3o do grupo passou de R$ 12 milh\u00f5es em 2010 para R$ 1 bilh\u00e3o em 2020.<\/p>\n<p>Ele explicou que cerca de 20% desse valor v\u00eam do tr\u00e1fico interno, e 80% do tr\u00e1fico internacional de coca\u00edna para a Europa. \u201cEstamos falando em mais de R$ 4 bilh\u00f5es, arrecadados diretamente na Europa, que retornam ao Brasil em forma de investimentos na economia formal, inclusive no sistema financeiro\u201d, disse. O promotor afirmou ainda que j\u00e1 \u00e9 poss\u00edvel falar na exist\u00eancia de uma m\u00e1fia no Brasil.<\/p>\n<div id=\"image-container-1203438\" class=\"image-container\" style=\"float: none; margin: 45px 0px; width: 100%;\" data-midia=\"1203438\">\n<p><em>Renato Ara\u00fajo\/C\u00e2mara dos Deputados<\/em><\/p>\n<p>Lincoln Gakiya criticou a amplia\u00e7\u00e3o de poderes da Pol\u00edcia Federal prevista na PEC<\/p>\n<\/p><\/div>\n<p><strong>Compet\u00eancias<\/strong><br \/>Lincoln Gakiya criticou a amplia\u00e7\u00e3o de poderes da Pol\u00edcia Federal prevista na PEC da Seguran\u00e7a P\u00fablica. Segundo ele, o Pa\u00eds conta com 700 mil policiais estaduais e apenas 10 mil federais, o que pode gerar disputas judiciais sobre atribui\u00e7\u00f5es.<\/p>\n<p>O deputado Delegado Paulo Bilynskyj (PL-SP) tamb\u00e9m se posicionou contra a concentra\u00e7\u00e3o de poder na Uni\u00e3o.<\/p>\n<p>J\u00e1 o relator da proposta, deputado Mendon\u00e7a Filho (Uni\u00e3o-PE), disse que o crime organizado transnacional \u00e9 uma das maiores amea\u00e7as \u00e0 seguran\u00e7a p\u00fablica, \u00e0 Justi\u00e7a e \u00e0 democracia. Para ele, a resposta do Estado exige integra\u00e7\u00e3o entre Uni\u00e3o, estados e munic\u00edpios, al\u00e9m de articula\u00e7\u00e3o entre seguran\u00e7a p\u00fablica e intelig\u00eancia.<\/p>\n<p>A PEC da Seguran\u00e7a P\u00fablica inclui na Constitui\u00e7\u00e3o o Sistema \u00danico de Seguran\u00e7a P\u00fablica, hoje previsto na <a class=\"linkLegislacao\" href=\"https:\/\/www2.camara.gov.br\/legin\/fed\/lei\/2018\/lei-13675-11-junho-2018-786843-norma-pl.html\">Lei 13.675\/18<\/a>. O texto tamb\u00e9m amplia compet\u00eancias da Pol\u00edcia Federal e fortalece o papel da Uni\u00e3o no planejamento e coordena\u00e7\u00e3o da seguran\u00e7a.<\/p>\n<p>A proposta ainda precisa ser votada na comiss\u00e3o especial antes de seguir para o Plen\u00e1rio.<\/p>\n<p style=\"font-size: 0.8rem; font-weight: 700;\">Reportagem &#8211; Luiz Cl\u00e1udio Canuto<br \/>Edi\u00e7\u00e3o &#8211; Ge\u00f3rgia Moraes<\/p>\n<\/p><\/div>\n<p><br \/>\n<br \/><a href=\"https:\/\/www.camara.leg.br\/noticias\/1203419-combate-ao-crime-organizado-deve-incluir-bloqueio-do-trafico-e-descapitalizacao-das-faccoes-dizem-especialistas\/\">postagem original <\/a><\/p>\n","protected":false},"excerpt":{"rendered":"<p>23\/09\/2025 &#8211; 16:19 \u00a0 Renato Ara\u00fajo\/C\u00e2mara dos Deputados Debate foi promovido pela comiss\u00e3o especial que analisa a PEC da Seguran\u00e7a [&hellip;]<\/p>\n","protected":false},"author":1,"featured_media":3440,"comment_status":"open","ping_status":"open","sticky":false,"template":"","format":"standard","meta":{"site-sidebar-layout":"default","site-content-layout":"","ast-site-content-layout":"default","site-content-style":"default","site-sidebar-style":"default","ast-global-header-display":"","ast-banner-title-visibility":"","ast-main-header-display":"","ast-hfb-above-header-display":"","ast-hfb-below-header-display":"","ast-hfb-mobile-header-display":"","site-post-title":"","ast-breadcrumbs-content":"","ast-featured-img":"","footer-sml-layout":"","theme-transparent-header-meta":"","adv-header-id-meta":"","stick-header-meta":"","header-above-stick-meta":"","header-main-stick-meta":"","header-below-stick-meta":"","astra-migrate-meta-layouts":"default","ast-page-background-enabled":"default","ast-page-background-meta":{"desktop":{"background-color":"var(--ast-global-color-5)","background-image":"","background-repeat":"repeat","background-position":"center center","background-size":"auto","background-attachment":"scroll","background-type":"","background-media":"","overlay-type":"","overlay-color":"","overlay-opacity":"","overlay-gradient":""},"tablet":{"background-color":"","background-image":"","background-repeat":"repeat","background-position":"center center","background-size":"auto","background-attachment":"scroll","background-type":"","background-media":"","overlay-type":"","overlay-color":"","overlay-opacity":"","overlay-gradient":""},"mobile":{"background-color":"","background-image":"","background-repeat":"repeat","background-position":"center center","background-size":"auto","background-attachment":"scroll","background-type":"","background-media":"","overlay-type":"","overlay-color":"","overlay-opacity":"","overlay-gradient":""}},"ast-content-background-meta":{"desktop":{"background-color":"var(--ast-global-color-4)","background-image":"","background-repeat":"repeat","background-position":"center center","background-size":"auto","background-attachment":"scroll","background-type":"","background-media":"","overlay-type":"","overlay-color":"","overlay-opacity":"","overlay-gradient":""},"tablet":{"background-color":"var(--ast-global-color-4)","background-image":"","background-repeat":"repeat","background-position":"center center","background-size":"auto","background-attachment":"scroll","background-type":"","background-media":"","overlay-type":"","overlay-color":"","overlay-opacity":"","overlay-gradient":""},"mobile":{"background-color":"var(--ast-global-color-4)","background-image":"","background-repeat":"repeat","background-position":"center center","background-size":"auto","background-attachment":"scroll","background-type":"","background-media":"","overlay-type":"","overlay-color":"","overlay-opacity":"","overlay-gradient":""}},"_joinchat":[],"footnotes":""},"categories":[29],"tags":[],"_links":{"self":[{"href":"https:\/\/radiosantaclara.sitetopfm.com.br\/site\/wp-json\/wp\/v2\/posts\/3439"}],"collection":[{"href":"https:\/\/radiosantaclara.sitetopfm.com.br\/site\/wp-json\/wp\/v2\/posts"}],"about":[{"href":"https:\/\/radiosantaclara.sitetopfm.com.br\/site\/wp-json\/wp\/v2\/types\/post"}],"author":[{"embeddable":true,"href":"https:\/\/radiosantaclara.sitetopfm.com.br\/site\/wp-json\/wp\/v2\/users\/1"}],"replies":[{"embeddable":true,"href":"https:\/\/radiosantaclara.sitetopfm.com.br\/site\/wp-json\/wp\/v2\/comments?post=3439"}],"version-history":[{"count":0,"href":"https:\/\/radiosantaclara.sitetopfm.com.br\/site\/wp-json\/wp\/v2\/posts\/3439\/revisions"}],"wp:featuredmedia":[{"embeddable":true,"href":"https:\/\/radiosantaclara.sitetopfm.com.br\/site\/wp-json\/wp\/v2\/media\/3440"}],"wp:attachment":[{"href":"https:\/\/radiosantaclara.sitetopfm.com.br\/site\/wp-json\/wp\/v2\/media?parent=3439"}],"wp:term":[{"taxonomy":"category","embeddable":true,"href":"https:\/\/radiosantaclara.sitetopfm.com.br\/site\/wp-json\/wp\/v2\/categories?post=3439"},{"taxonomy":"post_tag","embeddable":true,"href":"https:\/\/radiosantaclara.sitetopfm.com.br\/site\/wp-json\/wp\/v2\/tags?post=3439"}],"curies":[{"name":"wp","href":"https:\/\/api.w.org\/{rel}","templated":true}]}}