{"id":3422,"date":"2025-09-23T08:28:04","date_gmt":"2025-09-23T11:28:04","guid":{"rendered":"https:\/\/radiosantaclara.sitetopfm.com.br\/site\/comissao-aprova-projeto-que-obriga-plataformas-digitais-a-prevenir-suicidio-e-automutilacao-noticias\/"},"modified":"2025-09-23T08:28:04","modified_gmt":"2025-09-23T11:28:04","slug":"comissao-aprova-projeto-que-obriga-plataformas-digitais-a-prevenir-suicidio-e-automutilacao-noticias","status":"publish","type":"post","link":"https:\/\/radiosantaclara.sitetopfm.com.br\/site\/comissao-aprova-projeto-que-obriga-plataformas-digitais-a-prevenir-suicidio-e-automutilacao-noticias\/","title":{"rendered":"Comiss\u00e3o aprova projeto que obriga plataformas digitais a prevenir suic\u00eddio e automutila\u00e7\u00e3o &#8211; Not\u00edcias"},"content":{"rendered":"<p> <br \/>\n<\/p>\n<div data-start-index=\"1622\">\n<div id=\"image-container-1202854\" class=\"image-container\" style=\"float: none; margin: 45px 0px; width: 100%;\" data-midia=\"1202854\">\n<p><em>Kayo Magalh\u00e3es\/C\u00e2mara dos Deputados<\/em><\/p>\n<p>Geovania de S\u00e1, relatora da proposta<\/p>\n<\/p><\/div>\n<p>A Comiss\u00e3o de Sa\u00fade da C\u00e2mara dos Deputados aprovou proposta que altera o marco civil da internet para estabelecer medidas obrigat\u00f3rias de preven\u00e7\u00e3o ao suic\u00eddio e \u00e0 automutila\u00e7\u00e3o a serem cumpridas pelas plataformas digitais.<\/p>\n<p>De acordo com o texto, as plataformas ser\u00e3o obrigadas a adotar as seguintes a\u00e7\u00f5es:<\/p>\n<ul>\n<li>exibir contatos de ajuda, como o do Centro de Valoriza\u00e7\u00e3o da Vida (CVV), sempre que for detectado conte\u00fado que possa indicar risco \u00e0 vida do usu\u00e1rio;<\/li>\n<li>bloquear conte\u00fados que promovam ou incentivem o suic\u00eddio e a automutila\u00e7\u00e3o, substituindo-os por informa\u00e7\u00f5es e orienta\u00e7\u00f5es para servi\u00e7os de aux\u00edlio;<\/li>\n<li>publicar relat\u00f3rios a cada dois meses, com dados sobre a ocorr\u00eancia de conte\u00fado relacionado ao tema;<\/li>\n<li>proteger dados dos usu\u00e1rios conforme a Lei Geral de Prote\u00e7\u00e3o de Dados Pessoais (LGPD), respeitando a privacidade no tratamento das informa\u00e7\u00f5es;<\/li>\n<li>apoiar campanhas para capacitar profissionais de sa\u00fade e educadores em a\u00e7\u00f5es de preven\u00e7\u00e3o.<\/li>\n<\/ul>\n<p>As empresas que n\u00e3o cumprirem as novas obriga\u00e7\u00f5es estar\u00e3o sujeitas \u00e0s penalidades previstas no marco civil da internet, que podem variar de advert\u00eancia, multa e at\u00e9 a proibi\u00e7\u00e3o de suas atividades no Pa\u00eds.<\/p>\n<p><strong>Apoio especializado<\/strong><br \/>A relatora do texto, deputada Geovania de S\u00e1 (PSDB-SC), recomendou a aprova\u00e7\u00e3o do Projeto de Lei 668\/25, do deputado Benes Leoc\u00e1dio (Uni\u00e3o-RN). A deputada afirmou que a obriga\u00e7\u00e3o de exibir contatos de servi\u00e7os de preven\u00e7\u00e3o poder\u00e1 ampliar o acesso de pessoas em situa\u00e7\u00e3o de risco a apoio especializado, &#8220;contribuindo para a redu\u00e7\u00e3o do tempo de resposta em momentos cr\u00edticos&#8221;.<\/p>\n<p>Em sua justificativa, Benes Leoc\u00e1dio aponta que o suic\u00eddio \u00e9 a quarta principal causa de morte entre jovens de 15 a 29 anos, segundo dados da Organiza\u00e7\u00e3o das Na\u00e7\u00f5es Unidas (ONU). O autor tamb\u00e9m cita estudo do Minist\u00e9rio da Sa\u00fade que registrou mais de 11 mil casos de suic\u00eddio em 2016, o que equivale a uma morte a cada 46 minutos.<\/p>\n<p><strong>Pr\u00f3ximos passos<br \/><\/strong>A proposta, que tramita em <span id=\"4322\" class=\"termoGlossario\" title=\"Rito de tramita\u00e7\u00e3o pelo qual o projeto \u00e9 votado apenas pelas comiss\u00f5es designadas para analis\u00e1-lo, dispensada a delibera\u00e7\u00e3o do Plen\u00e1rio. O projeto perde o car\u00e1ter conclusivo se houver decis\u00e3o divergente entre as comiss\u00f5es ou se, independentemente de ser aprovado ou rejeitado, houver recurso assinado por 52 deputados para a aprecia\u00e7\u00e3o da mat\u00e9ria no Plen\u00e1rio.\" contenteditable=\"false\" data-toggle=\"tooltip\" data-placement=\"top\">car\u00e1ter conclusivo<\/span>, ser\u00e1 analisada pelas comiss\u00f5es de Comunica\u00e7\u00e3o; e de Constitui\u00e7\u00e3o e Justi\u00e7a e de Cidadania. Para virar lei, o texto precisa ser aprovado pela C\u00e2mara e pelo Senado.<\/p>\n<p><a href=\"https:\/\/www.camara.leg.br\/noticias\/573454-SAIBA-MAIS-SOBRE-A-TRAMITACAO-DE-PROJETOS-DE-LEI\">Saiba mais sobre a tramita\u00e7\u00e3o de projetos de lei<\/a><\/p>\n<\/p><\/div>\n<p><br \/>\n<br \/><a href=\"https:\/\/www.camara.leg.br\/noticias\/1202832-comissao-aprova-projeto-que-obriga-plataformas-digitais-a-prevenir-suicidio-e-automutilacao\/\">postagem original <\/a><\/p>\n","protected":false},"excerpt":{"rendered":"<p>Kayo Magalh\u00e3es\/C\u00e2mara dos Deputados Geovania de S\u00e1, relatora da proposta A Comiss\u00e3o de Sa\u00fade da C\u00e2mara dos Deputados aprovou proposta [&hellip;]<\/p>\n","protected":false},"author":1,"featured_media":3423,"comment_status":"open","ping_status":"open","sticky":false,"template":"","format":"standard","meta":{"site-sidebar-layout":"default","site-content-layout":"","ast-site-content-layout":"default","site-content-style":"default","site-sidebar-style":"default","ast-global-header-display":"","ast-banner-title-visibility":"","ast-main-header-display":"","ast-hfb-above-header-display":"","ast-hfb-below-header-display":"","ast-hfb-mobile-header-display":"","site-post-title":"","ast-breadcrumbs-content":"","ast-featured-img":"","footer-sml-layout":"","theme-transparent-header-meta":"","adv-header-id-meta":"","stick-header-meta":"","header-above-stick-meta":"","header-main-stick-meta":"","header-below-stick-meta":"","astra-migrate-meta-layouts":"default","ast-page-background-enabled":"default","ast-page-background-meta":{"desktop":{"background-color":"var(--ast-global-color-5)","background-image":"","background-repeat":"repeat","background-position":"center center","background-size":"auto","background-attachment":"scroll","background-type":"","background-media":"","overlay-type":"","overlay-color":"","overlay-opacity":"","overlay-gradient":""},"tablet":{"background-color":"","background-image":"","background-repeat":"repeat","background-position":"center center","background-size":"auto","background-attachment":"scroll","background-type":"","background-media":"","overlay-type":"","overlay-color":"","overlay-opacity":"","overlay-gradient":""},"mobile":{"background-color":"","background-image":"","background-repeat":"repeat","background-position":"center center","background-size":"auto","background-attachment":"scroll","background-type":"","background-media":"","overlay-type":"","overlay-color":"","overlay-opacity":"","overlay-gradient":""}},"ast-content-background-meta":{"desktop":{"background-color":"var(--ast-global-color-4)","background-image":"","background-repeat":"repeat","background-position":"center center","background-size":"auto","background-attachment":"scroll","background-type":"","background-media":"","overlay-type":"","overlay-color":"","overlay-opacity":"","overlay-gradient":""},"tablet":{"background-color":"var(--ast-global-color-4)","background-image":"","background-repeat":"repeat","background-position":"center center","background-size":"auto","background-attachment":"scroll","background-type":"","background-media":"","overlay-type":"","overlay-color":"","overlay-opacity":"","overlay-gradient":""},"mobile":{"background-color":"var(--ast-global-color-4)","background-image":"","background-repeat":"repeat","background-position":"center center","background-size":"auto","background-attachment":"scroll","background-type":"","background-media":"","overlay-type":"","overlay-color":"","overlay-opacity":"","overlay-gradient":""}},"_joinchat":[],"footnotes":""},"categories":[26],"tags":[],"_links":{"self":[{"href":"https:\/\/radiosantaclara.sitetopfm.com.br\/site\/wp-json\/wp\/v2\/posts\/3422"}],"collection":[{"href":"https:\/\/radiosantaclara.sitetopfm.com.br\/site\/wp-json\/wp\/v2\/posts"}],"about":[{"href":"https:\/\/radiosantaclara.sitetopfm.com.br\/site\/wp-json\/wp\/v2\/types\/post"}],"author":[{"embeddable":true,"href":"https:\/\/radiosantaclara.sitetopfm.com.br\/site\/wp-json\/wp\/v2\/users\/1"}],"replies":[{"embeddable":true,"href":"https:\/\/radiosantaclara.sitetopfm.com.br\/site\/wp-json\/wp\/v2\/comments?post=3422"}],"version-history":[{"count":0,"href":"https:\/\/radiosantaclara.sitetopfm.com.br\/site\/wp-json\/wp\/v2\/posts\/3422\/revisions"}],"wp:featuredmedia":[{"embeddable":true,"href":"https:\/\/radiosantaclara.sitetopfm.com.br\/site\/wp-json\/wp\/v2\/media\/3423"}],"wp:attachment":[{"href":"https:\/\/radiosantaclara.sitetopfm.com.br\/site\/wp-json\/wp\/v2\/media?parent=3422"}],"wp:term":[{"taxonomy":"category","embeddable":true,"href":"https:\/\/radiosantaclara.sitetopfm.com.br\/site\/wp-json\/wp\/v2\/categories?post=3422"},{"taxonomy":"post_tag","embeddable":true,"href":"https:\/\/radiosantaclara.sitetopfm.com.br\/site\/wp-json\/wp\/v2\/tags?post=3422"}],"curies":[{"name":"wp","href":"https:\/\/api.w.org\/{rel}","templated":true}]}}