{"id":3389,"date":"2025-09-21T20:02:39","date_gmt":"2025-09-21T23:02:39","guid":{"rendered":"https:\/\/radiosantaclara.sitetopfm.com.br\/site\/comissao-debate-exploracao-sexual-infantojuvenil-e-trafico-de-pessoas-no-brasil-noticias\/"},"modified":"2025-09-21T20:02:39","modified_gmt":"2025-09-21T23:02:39","slug":"comissao-debate-exploracao-sexual-infantojuvenil-e-trafico-de-pessoas-no-brasil-noticias","status":"publish","type":"post","link":"https:\/\/radiosantaclara.sitetopfm.com.br\/site\/comissao-debate-exploracao-sexual-infantojuvenil-e-trafico-de-pessoas-no-brasil-noticias\/","title":{"rendered":"Comiss\u00e3o debate explora\u00e7\u00e3o sexual infantojuvenil e tr\u00e1fico de pessoas no Brasil &#8211; Not\u00edcias"},"content":{"rendered":"<p> <br \/>\n<\/p>\n<div>\n<div>\n<p class=\"g-artigo__data-hora\">\n                      19\/09\/2025 &#8211; 14:03 \u00a0\n                    <\/p>\n<div id=\"image-container-1202217\" class=\"image-container\" style=\"float: none; margin: 45px 0px; width: 100%;\" data-midia=\"1202217\">\n<p><em>Depositphotos<\/em><\/p>\n<p>Crimes configuram graves viola\u00e7\u00f5es de direitos humanos<\/p>\n<\/p><\/div>\n<p>A Comiss\u00e3o de Direitos Humanos, Minorias e Igualdade Racial da C\u00e2mara dos Deputados promove audi\u00eancia p\u00fablica nesta ter\u00e7a-feira (23) para discutir a explora\u00e7\u00e3o sexual infantojuvenil e o tr\u00e1fico de pessoas no Brasil.<\/p>\n<p>O debate ser\u00e1 realizado \u00e0s 16 horas, no plen\u00e1rio 9, e ser\u00e1 interativo.<\/p>\n<p>A audi\u00eancia foi solicitada pelo deputado Reimont (PT-RJ). Segundo o parlamentar, os crimes configuram graves viola\u00e7\u00f5es de direitos humanos que comprometem de forma irrevers\u00edvel a dignidade, a sa\u00fade e o desenvolvimento das v\u00edtimas.<\/p>\n<p>Ele observa que esses crimes envolvem aliciamento para redes de explora\u00e7\u00e3o, tr\u00e1fico interno e internacional, uso de plataformas digitais para coopta\u00e7\u00e3o e pr\u00e1ticas culturais que silenciam ou invisibilizam as v\u00edtimas.<\/p>\n<p>\u201cDados de organismos nacionais e internacionais apontam para o crescimento da explora\u00e7\u00e3o sexual online, para a sofistica\u00e7\u00e3o das redes de tr\u00e1fico de pessoas e para a necessidade de respostas interinstitucionais mais robustas\u201d, afirma Reimont.<\/p>\n<p style=\"font-size: 0.8rem; font-weight: 700;\">Da Reda\u00e7\u00e3o \u2013 RL<\/p>\n<\/p><\/div>\n<\/p><\/div>\n<p><br \/>\n<br \/><a href=\"https:\/\/www.camara.leg.br\/noticias\/1202062-comissao-debate-exploracao-sexual-infantojuvenil-e-trafico-de-pessoas-no-brasil\/\">postagem original <\/a><\/p>\n","protected":false},"excerpt":{"rendered":"<p>19\/09\/2025 &#8211; 14:03 \u00a0 Depositphotos Crimes configuram graves viola\u00e7\u00f5es de direitos humanos A Comiss\u00e3o de Direitos Humanos, Minorias e Igualdade [&hellip;]<\/p>\n","protected":false},"author":1,"featured_media":3390,"comment_status":"open","ping_status":"open","sticky":false,"template":"","format":"standard","meta":{"site-sidebar-layout":"default","site-content-layout":"","ast-site-content-layout":"default","site-content-style":"default","site-sidebar-style":"default","ast-global-header-display":"","ast-banner-title-visibility":"","ast-main-header-display":"","ast-hfb-above-header-display":"","ast-hfb-below-header-display":"","ast-hfb-mobile-header-display":"","site-post-title":"","ast-breadcrumbs-content":"","ast-featured-img":"","footer-sml-layout":"","theme-transparent-header-meta":"","adv-header-id-meta":"","stick-header-meta":"","header-above-stick-meta":"","header-main-stick-meta":"","header-below-stick-meta":"","astra-migrate-meta-layouts":"default","ast-page-background-enabled":"default","ast-page-background-meta":{"desktop":{"background-color":"var(--ast-global-color-5)","background-image":"","background-repeat":"repeat","background-position":"center center","background-size":"auto","background-attachment":"scroll","background-type":"","background-media":"","overlay-type":"","overlay-color":"","overlay-opacity":"","overlay-gradient":""},"tablet":{"background-color":"","background-image":"","background-repeat":"repeat","background-position":"center center","background-size":"auto","background-attachment":"scroll","background-type":"","background-media":"","overlay-type":"","overlay-color":"","overlay-opacity":"","overlay-gradient":""},"mobile":{"background-color":"","background-image":"","background-repeat":"repeat","background-position":"center center","background-size":"auto","background-attachment":"scroll","background-type":"","background-media":"","overlay-type":"","overlay-color":"","overlay-opacity":"","overlay-gradient":""}},"ast-content-background-meta":{"desktop":{"background-color":"var(--ast-global-color-4)","background-image":"","background-repeat":"repeat","background-position":"center center","background-size":"auto","background-attachment":"scroll","background-type":"","background-media":"","overlay-type":"","overlay-color":"","overlay-opacity":"","overlay-gradient":""},"tablet":{"background-color":"var(--ast-global-color-4)","background-image":"","background-repeat":"repeat","background-position":"center center","background-size":"auto","background-attachment":"scroll","background-type":"","background-media":"","overlay-type":"","overlay-color":"","overlay-opacity":"","overlay-gradient":""},"mobile":{"background-color":"var(--ast-global-color-4)","background-image":"","background-repeat":"repeat","background-position":"center center","background-size":"auto","background-attachment":"scroll","background-type":"","background-media":"","overlay-type":"","overlay-color":"","overlay-opacity":"","overlay-gradient":""}},"_joinchat":[],"footnotes":""},"categories":[31],"tags":[],"_links":{"self":[{"href":"https:\/\/radiosantaclara.sitetopfm.com.br\/site\/wp-json\/wp\/v2\/posts\/3389"}],"collection":[{"href":"https:\/\/radiosantaclara.sitetopfm.com.br\/site\/wp-json\/wp\/v2\/posts"}],"about":[{"href":"https:\/\/radiosantaclara.sitetopfm.com.br\/site\/wp-json\/wp\/v2\/types\/post"}],"author":[{"embeddable":true,"href":"https:\/\/radiosantaclara.sitetopfm.com.br\/site\/wp-json\/wp\/v2\/users\/1"}],"replies":[{"embeddable":true,"href":"https:\/\/radiosantaclara.sitetopfm.com.br\/site\/wp-json\/wp\/v2\/comments?post=3389"}],"version-history":[{"count":0,"href":"https:\/\/radiosantaclara.sitetopfm.com.br\/site\/wp-json\/wp\/v2\/posts\/3389\/revisions"}],"wp:featuredmedia":[{"embeddable":true,"href":"https:\/\/radiosantaclara.sitetopfm.com.br\/site\/wp-json\/wp\/v2\/media\/3390"}],"wp:attachment":[{"href":"https:\/\/radiosantaclara.sitetopfm.com.br\/site\/wp-json\/wp\/v2\/media?parent=3389"}],"wp:term":[{"taxonomy":"category","embeddable":true,"href":"https:\/\/radiosantaclara.sitetopfm.com.br\/site\/wp-json\/wp\/v2\/categories?post=3389"},{"taxonomy":"post_tag","embeddable":true,"href":"https:\/\/radiosantaclara.sitetopfm.com.br\/site\/wp-json\/wp\/v2\/tags?post=3389"}],"curies":[{"name":"wp","href":"https:\/\/api.w.org\/{rel}","templated":true}]}}