{"id":3324,"date":"2025-09-19T13:14:16","date_gmt":"2025-09-19T16:14:16","guid":{"rendered":"https:\/\/radiosantaclara.sitetopfm.com.br\/site\/delegados-afirmam-que-quadrilhas-usam-redes-sociais-para-exploracao-de-criancas-assista-noticias\/"},"modified":"2025-09-19T13:14:16","modified_gmt":"2025-09-19T16:14:16","slug":"delegados-afirmam-que-quadrilhas-usam-redes-sociais-para-exploracao-de-criancas-assista-noticias","status":"publish","type":"post","link":"https:\/\/radiosantaclara.sitetopfm.com.br\/site\/delegados-afirmam-que-quadrilhas-usam-redes-sociais-para-exploracao-de-criancas-assista-noticias\/","title":{"rendered":"Delegados afirmam que quadrilhas usam redes sociais para explora\u00e7\u00e3o de crian\u00e7as; assista &#8211; Not\u00edcias"},"content":{"rendered":"<p> <br \/>\n<\/p>\n<div>\n<div>\n<p class=\"g-artigo__data-hora\">\n                      18\/09\/2025 &#8211; 13:17 \u00a0\n                    <\/p>\n<div id=\"video-container-1201734\" class=\"embed-responsive embed-responsive-16by9\" style=\"margin-bottom: 18px;\" data-youtube-id=\"b0smSR2wzgg\">\n<p><em>YouTube<\/em><\/p>\n<p><div class=\"ast-oembed-container \" style=\"height: 100%;\"><iframe title=\"Quadrilhas usam redes sociais para explora\u00e7\u00e3o de crian\u00e7as - 17\/09\/25\" width=\"500\" height=\"281\" src=\"https:\/\/www.youtube.com\/embed\/b0smSR2wzgg?feature=oembed\" frameborder=\"0\" allow=\"accelerometer; autoplay; clipboard-write; encrypted-media; gyroscope; picture-in-picture; web-share\" referrerpolicy=\"strict-origin-when-cross-origin\" allowfullscreen><\/iframe><\/div>\n<\/p><\/div>\n<p>\u00a0<\/p>\n<p>Quadrilhas especializadas estariam usando as plataformas digitais para atrair e explorar sexualmente crian\u00e7as e adolescentes. A den\u00fancia \u00e9 de delegados especializados no combate a esse tipo de crime virtual, ouvidos durante uma audi\u00eancia na Comiss\u00e3o de Seguran\u00e7a P\u00fablica da C\u00e2mara dos Deputados. Confira o debate em reportagem da TV C\u00e2mara.<\/p>\n<p style=\"font-size: 0.8rem; font-weight: 700;\">Da TV C\u00e2mara<br \/>Edi\u00e7\u00e3o &#8211; ND<\/p>\n<\/p><\/div>\n<\/p><\/div>\n<p><br \/>\n<br \/><a href=\"https:\/\/www.camara.leg.br\/noticias\/1201732-delegados-afirmam-que-quadrilhas-usam-redes-sociais-para-exploracao-de-criancas-assista\/\">postagem original <\/a><\/p>\n","protected":false},"excerpt":{"rendered":"<p>18\/09\/2025 &#8211; 13:17 \u00a0 YouTube \u00a0 Quadrilhas especializadas estariam usando as plataformas digitais para atrair e explorar sexualmente crian\u00e7as e [&hellip;]<\/p>\n","protected":false},"author":1,"featured_media":1301,"comment_status":"open","ping_status":"open","sticky":false,"template":"","format":"standard","meta":{"site-sidebar-layout":"default","site-content-layout":"","ast-site-content-layout":"default","site-content-style":"default","site-sidebar-style":"default","ast-global-header-display":"","ast-banner-title-visibility":"","ast-main-header-display":"","ast-hfb-above-header-display":"","ast-hfb-below-header-display":"","ast-hfb-mobile-header-display":"","site-post-title":"","ast-breadcrumbs-content":"","ast-featured-img":"","footer-sml-layout":"","theme-transparent-header-meta":"","adv-header-id-meta":"","stick-header-meta":"","header-above-stick-meta":"","header-main-stick-meta":"","header-below-stick-meta":"","astra-migrate-meta-layouts":"default","ast-page-background-enabled":"default","ast-page-background-meta":{"desktop":{"background-color":"var(--ast-global-color-5)","background-image":"","background-repeat":"repeat","background-position":"center center","background-size":"auto","background-attachment":"scroll","background-type":"","background-media":"","overlay-type":"","overlay-color":"","overlay-opacity":"","overlay-gradient":""},"tablet":{"background-color":"","background-image":"","background-repeat":"repeat","background-position":"center center","background-size":"auto","background-attachment":"scroll","background-type":"","background-media":"","overlay-type":"","overlay-color":"","overlay-opacity":"","overlay-gradient":""},"mobile":{"background-color":"","background-image":"","background-repeat":"repeat","background-position":"center center","background-size":"auto","background-attachment":"scroll","background-type":"","background-media":"","overlay-type":"","overlay-color":"","overlay-opacity":"","overlay-gradient":""}},"ast-content-background-meta":{"desktop":{"background-color":"var(--ast-global-color-4)","background-image":"","background-repeat":"repeat","background-position":"center center","background-size":"auto","background-attachment":"scroll","background-type":"","background-media":"","overlay-type":"","overlay-color":"","overlay-opacity":"","overlay-gradient":""},"tablet":{"background-color":"var(--ast-global-color-4)","background-image":"","background-repeat":"repeat","background-position":"center center","background-size":"auto","background-attachment":"scroll","background-type":"","background-media":"","overlay-type":"","overlay-color":"","overlay-opacity":"","overlay-gradient":""},"mobile":{"background-color":"var(--ast-global-color-4)","background-image":"","background-repeat":"repeat","background-position":"center center","background-size":"auto","background-attachment":"scroll","background-type":"","background-media":"","overlay-type":"","overlay-color":"","overlay-opacity":"","overlay-gradient":""}},"_joinchat":[],"footnotes":""},"categories":[29],"tags":[],"_links":{"self":[{"href":"https:\/\/radiosantaclara.sitetopfm.com.br\/site\/wp-json\/wp\/v2\/posts\/3324"}],"collection":[{"href":"https:\/\/radiosantaclara.sitetopfm.com.br\/site\/wp-json\/wp\/v2\/posts"}],"about":[{"href":"https:\/\/radiosantaclara.sitetopfm.com.br\/site\/wp-json\/wp\/v2\/types\/post"}],"author":[{"embeddable":true,"href":"https:\/\/radiosantaclara.sitetopfm.com.br\/site\/wp-json\/wp\/v2\/users\/1"}],"replies":[{"embeddable":true,"href":"https:\/\/radiosantaclara.sitetopfm.com.br\/site\/wp-json\/wp\/v2\/comments?post=3324"}],"version-history":[{"count":0,"href":"https:\/\/radiosantaclara.sitetopfm.com.br\/site\/wp-json\/wp\/v2\/posts\/3324\/revisions"}],"wp:featuredmedia":[{"embeddable":true,"href":"https:\/\/radiosantaclara.sitetopfm.com.br\/site\/wp-json\/wp\/v2\/media\/1301"}],"wp:attachment":[{"href":"https:\/\/radiosantaclara.sitetopfm.com.br\/site\/wp-json\/wp\/v2\/media?parent=3324"}],"wp:term":[{"taxonomy":"category","embeddable":true,"href":"https:\/\/radiosantaclara.sitetopfm.com.br\/site\/wp-json\/wp\/v2\/categories?post=3324"},{"taxonomy":"post_tag","embeddable":true,"href":"https:\/\/radiosantaclara.sitetopfm.com.br\/site\/wp-json\/wp\/v2\/tags?post=3324"}],"curies":[{"name":"wp","href":"https:\/\/api.w.org\/{rel}","templated":true}]}}