{"id":3316,"date":"2025-09-18T17:04:17","date_gmt":"2025-09-18T20:04:17","guid":{"rendered":"https:\/\/radiosantaclara.sitetopfm.com.br\/site\/comissao-aprova-politica-de-protecao-economica-e-juridica-aos-produtores-rurais-noticias\/"},"modified":"2025-09-18T17:04:17","modified_gmt":"2025-09-18T20:04:17","slug":"comissao-aprova-politica-de-protecao-economica-e-juridica-aos-produtores-rurais-noticias","status":"publish","type":"post","link":"https:\/\/radiosantaclara.sitetopfm.com.br\/site\/comissao-aprova-politica-de-protecao-economica-e-juridica-aos-produtores-rurais-noticias\/","title":{"rendered":"Comiss\u00e3o aprova pol\u00edtica de prote\u00e7\u00e3o econ\u00f4mica e jur\u00eddica aos produtores rurais &#8211; Not\u00edcias"},"content":{"rendered":"<p> <br \/>\n<\/p>\n<div>\n<div>\n<p class=\"g-artigo__data-hora\">\n                      18\/09\/2025 &#8211; 16:44 \u00a0\n                    <\/p>\n<div id=\"image-container-1201883\" class=\"image-container\" style=\"float: none; margin: 45px 0px; width: 100%;\" data-midia=\"1201883\">\n<p><em>Kayo Magalh\u00e3es \/ C\u00e2mara dos Deputados<\/em><\/p>\n<p>Coronel Fernanda: proposta garante \u201cprevisibilidade para o mercado e seguran\u00e7a jur\u00eddica aos produtores\u201d<\/p>\n<\/p><\/div>\n<p>A Comiss\u00e3o de Agricultura, Pecu\u00e1ria, Abastecimento e Desenvolvimento Rural da C\u00e2mara dos Deputados aprovou projeto de lei\u00a0que cria a Pol\u00edtica Nacional de Prote\u00e7\u00e3o ao Produtor Rural. O objetivo \u00e9 resguardar os interesses econ\u00f4micos e jur\u00eddicos de produtores de todos os portes, evitando pr\u00e1ticas abusivas e situa\u00e7\u00f5es que prejudiquem a atividade.<\/p>\n<p>O texto aprovado \u00e9 o substitutivo da relatora, deputada Coronel Fernanda (PL-MT), para o <a class=\"linkProposicao\" href=\"https:\/\/www.camara.leg.br\/noticias\/851852-projeto-cria-politica-de-protecao-aos-produtores-rurais-brasileiros\">Projeto de Lei 4588\/21<\/a>, do deputado Sergio Souza (MDB-PR). A parlamentar afirmou que a proposta garante \u201cprevisibilidade para o mercado e seguran\u00e7a jur\u00eddica aos produtores\u201d.<\/p>\n<p>Entre as mudan\u00e7as feitas pela relatora est\u00e1 o aumento dos limites de renda para classifica\u00e7\u00e3o dos produtores rurais. Pelo texto, ser\u00e3o considerados de:<\/p>\n<ul>\n<li>pequeno porte: at\u00e9 R$ 4,8 milh\u00f5es de renda bruta anual;<\/li>\n<li>m\u00e9dio porte: entre R$ 4,8 milh\u00f5es e R$ 8,7 milh\u00f5es;<\/li>\n<li>grande porte: acima de R$ 8,7 milh\u00f5es.<\/li>\n<\/ul>\n<p>Outra altera\u00e7\u00e3o foi a retirada da previs\u00e3o de cria\u00e7\u00e3o de varas especializadas para julgar recursos relacionados \u00e0 atividade agr\u00edcola.<\/p>\n<p><strong>Direitos previstos<\/strong><br \/>O substitutivo estabelece diversos benef\u00edcios, entre eles:<\/p>\n<ul>\n<li>assist\u00eancia t\u00e9cnica e jur\u00eddica gratuita ao produtor rural hipossuficiente;<\/li>\n<li>possibilidade de readequar cl\u00e1usulas contratuais em caso de choques clim\u00e1ticos, como secas e enchentes;<\/li>\n<li>interpreta\u00e7\u00e3o contratual mais favor\u00e1vel ao produtor em caso de d\u00favida;<\/li>\n<li>obriga\u00e7\u00e3o de que encargos e penalidades contratuais sejam bilaterais;<\/li>\n<li>proibi\u00e7\u00e3o de condicionar a concess\u00e3o de cr\u00e9dito ao fornecimento de outros servi\u00e7os banc\u00e1rios, como seguros;<\/li>\n<li>garantia de libera\u00e7\u00e3o do financiamento em prazo razo\u00e1vel, com direito a indeniza\u00e7\u00e3o em caso de atraso injustificado;<\/li>\n<li>cronograma de pagamento do cr\u00e9dito rural compat\u00edvel com a atividade financiada;<\/li>\n<li>taxas de cr\u00e9dito rural mais vantajosas que as praticadas no mercado;<\/li>\n<li>possibilidade de concilia\u00e7\u00e3o em a\u00e7\u00f5es judiciais, com media\u00e7\u00e3o e suspens\u00e3o do processo;<\/li>\n<li>desmembramento da matr\u00edcula de m\u00e9dia ou grande propriedade em caso de penhora, preservando \u00e1rea equivalente a quatro m\u00f3dulos fiscais.<\/li>\n<\/ul>\n<p>As regras tamb\u00e9m se aplicam a atividades de pesca, aquicultura, extra\u00e7\u00e3o vegetal e cultivo comercial de florestas.<\/p>\n<p><strong>Pr\u00f3ximos passos<br \/><\/strong>O projeto ainda ser\u00e1 analisado em <span id=\"4322\" class=\"termoGlossario\" title=\"Rito de tramita\u00e7\u00e3o pelo qual o projeto \u00e9 votado apenas pelas comiss\u00f5es designadas para analis\u00e1-lo, dispensada a delibera\u00e7\u00e3o do Plen\u00e1rio. O projeto perde o car\u00e1ter conclusivo se houver decis\u00e3o divergente entre as comiss\u00f5es ou se, independentemente de ser aprovado ou rejeitado, houver recurso assinado por 52 deputados para a aprecia\u00e7\u00e3o da mat\u00e9ria no Plen\u00e1rio.\" contenteditable=\"false\" data-toggle=\"tooltip\" data-placement=\"top\">car\u00e1ter conclusivo<\/span> pelas comiss\u00f5es de Finan\u00e7as e Tributa\u00e7\u00e3o; e de Constitui\u00e7\u00e3o e Justi\u00e7a e de Cidadania.<\/p>\n<p><a href=\"https:\/\/www.camara.leg.br\/noticias\/573454-SAIBA-MAIS-SOBRE-A-TRAMITACAO-DE-PROJETOS-DE-LEI\">Saiba mais sobre a tramita\u00e7\u00e3o de projetos de lei<\/a><\/p>\n<p style=\"font-size: 0.8rem; font-weight: 700;\">Reportagem &#8211; Emanuelle Brasil<br \/>Edi\u00e7\u00e3o &#8211; Ge\u00f3rgia Moraes<\/p>\n<\/p><\/div>\n<\/p><\/div>\n<p><br \/>\n<br \/><a href=\"https:\/\/www.camara.leg.br\/noticias\/1201813-comissao-aprova-politica-de-protecao-economica-e-juridica-aos-produtores-rurais\/\">postagem original <\/a><\/p>\n","protected":false},"excerpt":{"rendered":"<p>18\/09\/2025 &#8211; 16:44 \u00a0 Kayo Magalh\u00e3es \/ C\u00e2mara dos Deputados Coronel Fernanda: proposta garante \u201cprevisibilidade para o mercado e seguran\u00e7a [&hellip;]<\/p>\n","protected":false},"author":1,"featured_media":3317,"comment_status":"open","ping_status":"open","sticky":false,"template":"","format":"standard","meta":{"site-sidebar-layout":"default","site-content-layout":"","ast-site-content-layout":"default","site-content-style":"default","site-sidebar-style":"default","ast-global-header-display":"","ast-banner-title-visibility":"","ast-main-header-display":"","ast-hfb-above-header-display":"","ast-hfb-below-header-display":"","ast-hfb-mobile-header-display":"","site-post-title":"","ast-breadcrumbs-content":"","ast-featured-img":"","footer-sml-layout":"","theme-transparent-header-meta":"","adv-header-id-meta":"","stick-header-meta":"","header-above-stick-meta":"","header-main-stick-meta":"","header-below-stick-meta":"","astra-migrate-meta-layouts":"default","ast-page-background-enabled":"default","ast-page-background-meta":{"desktop":{"background-color":"var(--ast-global-color-5)","background-image":"","background-repeat":"repeat","background-position":"center center","background-size":"auto","background-attachment":"scroll","background-type":"","background-media":"","overlay-type":"","overlay-color":"","overlay-opacity":"","overlay-gradient":""},"tablet":{"background-color":"","background-image":"","background-repeat":"repeat","background-position":"center center","background-size":"auto","background-attachment":"scroll","background-type":"","background-media":"","overlay-type":"","overlay-color":"","overlay-opacity":"","overlay-gradient":""},"mobile":{"background-color":"","background-image":"","background-repeat":"repeat","background-position":"center center","background-size":"auto","background-attachment":"scroll","background-type":"","background-media":"","overlay-type":"","overlay-color":"","overlay-opacity":"","overlay-gradient":""}},"ast-content-background-meta":{"desktop":{"background-color":"var(--ast-global-color-4)","background-image":"","background-repeat":"repeat","background-position":"center center","background-size":"auto","background-attachment":"scroll","background-type":"","background-media":"","overlay-type":"","overlay-color":"","overlay-opacity":"","overlay-gradient":""},"tablet":{"background-color":"var(--ast-global-color-4)","background-image":"","background-repeat":"repeat","background-position":"center center","background-size":"auto","background-attachment":"scroll","background-type":"","background-media":"","overlay-type":"","overlay-color":"","overlay-opacity":"","overlay-gradient":""},"mobile":{"background-color":"var(--ast-global-color-4)","background-image":"","background-repeat":"repeat","background-position":"center center","background-size":"auto","background-attachment":"scroll","background-type":"","background-media":"","overlay-type":"","overlay-color":"","overlay-opacity":"","overlay-gradient":""}},"_joinchat":[],"footnotes":""},"categories":[35],"tags":[],"_links":{"self":[{"href":"https:\/\/radiosantaclara.sitetopfm.com.br\/site\/wp-json\/wp\/v2\/posts\/3316"}],"collection":[{"href":"https:\/\/radiosantaclara.sitetopfm.com.br\/site\/wp-json\/wp\/v2\/posts"}],"about":[{"href":"https:\/\/radiosantaclara.sitetopfm.com.br\/site\/wp-json\/wp\/v2\/types\/post"}],"author":[{"embeddable":true,"href":"https:\/\/radiosantaclara.sitetopfm.com.br\/site\/wp-json\/wp\/v2\/users\/1"}],"replies":[{"embeddable":true,"href":"https:\/\/radiosantaclara.sitetopfm.com.br\/site\/wp-json\/wp\/v2\/comments?post=3316"}],"version-history":[{"count":0,"href":"https:\/\/radiosantaclara.sitetopfm.com.br\/site\/wp-json\/wp\/v2\/posts\/3316\/revisions"}],"wp:featuredmedia":[{"embeddable":true,"href":"https:\/\/radiosantaclara.sitetopfm.com.br\/site\/wp-json\/wp\/v2\/media\/3317"}],"wp:attachment":[{"href":"https:\/\/radiosantaclara.sitetopfm.com.br\/site\/wp-json\/wp\/v2\/media?parent=3316"}],"wp:term":[{"taxonomy":"category","embeddable":true,"href":"https:\/\/radiosantaclara.sitetopfm.com.br\/site\/wp-json\/wp\/v2\/categories?post=3316"},{"taxonomy":"post_tag","embeddable":true,"href":"https:\/\/radiosantaclara.sitetopfm.com.br\/site\/wp-json\/wp\/v2\/tags?post=3316"}],"curies":[{"name":"wp","href":"https:\/\/api.w.org\/{rel}","templated":true}]}}