{"id":3266,"date":"2025-09-12T17:24:09","date_gmt":"2025-09-12T20:24:09","guid":{"rendered":"https:\/\/radiosantaclara.sitetopfm.com.br\/site\/comissao-aprova-politica-para-democratizar-acesso-e-valorizar-a-musica-noticias\/"},"modified":"2025-09-12T17:24:09","modified_gmt":"2025-09-12T20:24:09","slug":"comissao-aprova-politica-para-democratizar-acesso-e-valorizar-a-musica-noticias","status":"publish","type":"post","link":"https:\/\/radiosantaclara.sitetopfm.com.br\/site\/comissao-aprova-politica-para-democratizar-acesso-e-valorizar-a-musica-noticias\/","title":{"rendered":"Comiss\u00e3o aprova pol\u00edtica para democratizar acesso e valorizar a m\u00fasica &#8211; Not\u00edcias"},"content":{"rendered":"<p> <br \/>\n<\/p>\n<div>\n<div>\n<p class=\"g-artigo__data-hora\">\n                      12\/09\/2025 &#8211; 17:19 \u00a0\n                    <\/p>\n<div id=\"image-container-1199823\" class=\"image-container\" style=\"float: none; margin: 45px 0px; width: 100%;\" data-midia=\"1199823\">\n<p><em>Bruno Spada\/C\u00e2mara dos Deputados<\/em><\/p>\n<p>Reimont: medida tem impactos positivos na sa\u00fade f\u00edsica e mental<\/p>\n<\/p><\/div>\n<p>A Comiss\u00e3o de Educa\u00e7\u00e3o da C\u00e2mara dos Deputados aprovou o Projeto de Lei 1143\/25, que institui a Pol\u00edtica Nacional de Incentivo \u00e0 M\u00fasica. O objetivo \u00e9 democratizar o acesso a material did\u00e1tico e instrumentos musicais, al\u00e9m de espa\u00e7os de apresenta\u00e7\u00e3o musical. A m\u00fasica ser\u00e1 valorizada com educa\u00e7\u00e3o musical e eventos.<\/p>\n<p>A pol\u00edtica conta com oito diretrizes:<\/p>\n<ul>\n<li>\u00a0promo\u00e7\u00e3o da educa\u00e7\u00e3o musical;<\/li>\n<li>\u00a0distribui\u00e7\u00e3o de material did\u00e1tico e equipamentos musicais \u00e0s escolas;<\/li>\n<li>\u00a0forma\u00e7\u00e3o e valoriza\u00e7\u00e3o dos profissionais do magist\u00e9rio que ministram a educa\u00e7\u00e3o musical;<\/li>\n<li>\u00a0valoriza\u00e7\u00e3o dos m\u00fasicos e profissionais que integram as cadeias criativa, produtiva, distributiva e mediadora dos instrumentos musicais, partituras e mat\u00e9rias did\u00e1ticos e substratos para grava\u00e7\u00e3o de \u00e1udios com conte\u00fado musical;<\/li>\n<li>\u00a0concess\u00e3o de pr\u00eamios a criadores, autores, artistas, t\u00e9cnicos e suas obras, filmes, espet\u00e1culos musicais;<\/li>\n<li>\u00a0fomento a festivais de m\u00fasica;<\/li>\n<li>\u00a0admiss\u00e3o de doa\u00e7\u00f5es e os patroc\u00ednios na produ\u00e7\u00e3o cultural em rela\u00e7\u00e3o a todos os g\u00eaneros musicais;<\/li>\n<li>\u00a0incentivo \u00e0 cria\u00e7\u00e3o e manuten\u00e7\u00e3o de espa\u00e7os de apresenta\u00e7\u00e3o musical e a museus e espa\u00e7os de preserva\u00e7\u00e3o da mem\u00f3ria musical brasileira.<\/li>\n<\/ul>\n<p>O relator, deputado Reimont (PT-RJ), concordou com o autor da proposta, deputado Augusto Puppio (MDB-AP). &#8220;A integra\u00e7\u00e3o da m\u00fasica na educa\u00e7\u00e3o escolar oferece \u00e0s crian\u00e7as e adolescentes tanto a aprendizagem musical em si quanto a melhoria do desempenho escolar em geral, al\u00e9m de ter impactos positivos em sua sa\u00fade f\u00edsica e mental&#8221;, argumentou Reimont.<\/p>\n<p><strong>Pr\u00f3ximas etapas<\/strong><br \/>A proposta segue para an\u00e1lise, em <span id=\"4322\" class=\"termoGlossario\" title=\"Rito de tramita\u00e7\u00e3o pelo qual o projeto \u00e9 votado apenas pelas comiss\u00f5es designadas para analis\u00e1-lo, dispensada a delibera\u00e7\u00e3o do Plen\u00e1rio. O projeto perde o car\u00e1ter conclusivo se houver decis\u00e3o divergente entre as comiss\u00f5es ou se, independentemente de ser aprovado ou rejeitado, houver recurso assinado por 52 deputados para a aprecia\u00e7\u00e3o da mat\u00e9ria no Plen\u00e1rio.\" contenteditable=\"false\" data-toggle=\"tooltip\" data-placement=\"top\">car\u00e1ter conclusivo<\/span>, das comiss\u00f5es de Cultura; Finan\u00e7as e Tributa\u00e7\u00e3o; e de Constitui\u00e7\u00e3o e Justi\u00e7a e de Cidadania. Para virar lei, o texto precisa ser aprovado pela C\u00e2mara dos Deputados e pelo Senado Federal.<\/p>\n<p><a href=\"https:\/\/www.camara.leg.br\/noticias\/573454-SAIBA-MAIS-SOBRE-A-TRAMITACAO-DE-PROJETOS-DE-LEI\">Saiba mais sobre a tramita\u00e7\u00e3o de projetos de lei<\/a><\/p>\n<p style=\"font-size: 0.8rem; font-weight: 700;\">Reportagem &#8211; Francisco Brand\u00e3o<br \/>Edi\u00e7\u00e3o &#8211; Ge\u00f3rgia Moraes<\/p>\n<\/p><\/div>\n<\/p><\/div>\n<p><br \/>\n<br \/><a href=\"https:\/\/www.camara.leg.br\/noticias\/1199578-comissao-aprova-politica-para-democratizar-acesso-e-valorizar-a-musica\/\">postagem original <\/a><\/p>\n","protected":false},"excerpt":{"rendered":"<p>12\/09\/2025 &#8211; 17:19 \u00a0 Bruno Spada\/C\u00e2mara dos Deputados Reimont: medida tem impactos positivos na sa\u00fade f\u00edsica e mental A Comiss\u00e3o [&hellip;]<\/p>\n","protected":false},"author":1,"featured_media":3267,"comment_status":"open","ping_status":"open","sticky":false,"template":"","format":"standard","meta":{"site-sidebar-layout":"default","site-content-layout":"","ast-site-content-layout":"default","site-content-style":"default","site-sidebar-style":"default","ast-global-header-display":"","ast-banner-title-visibility":"","ast-main-header-display":"","ast-hfb-above-header-display":"","ast-hfb-below-header-display":"","ast-hfb-mobile-header-display":"","site-post-title":"","ast-breadcrumbs-content":"","ast-featured-img":"","footer-sml-layout":"","theme-transparent-header-meta":"","adv-header-id-meta":"","stick-header-meta":"","header-above-stick-meta":"","header-main-stick-meta":"","header-below-stick-meta":"","astra-migrate-meta-layouts":"default","ast-page-background-enabled":"default","ast-page-background-meta":{"desktop":{"background-color":"var(--ast-global-color-5)","background-image":"","background-repeat":"repeat","background-position":"center center","background-size":"auto","background-attachment":"scroll","background-type":"","background-media":"","overlay-type":"","overlay-color":"","overlay-opacity":"","overlay-gradient":""},"tablet":{"background-color":"","background-image":"","background-repeat":"repeat","background-position":"center center","background-size":"auto","background-attachment":"scroll","background-type":"","background-media":"","overlay-type":"","overlay-color":"","overlay-opacity":"","overlay-gradient":""},"mobile":{"background-color":"","background-image":"","background-repeat":"repeat","background-position":"center center","background-size":"auto","background-attachment":"scroll","background-type":"","background-media":"","overlay-type":"","overlay-color":"","overlay-opacity":"","overlay-gradient":""}},"ast-content-background-meta":{"desktop":{"background-color":"var(--ast-global-color-4)","background-image":"","background-repeat":"repeat","background-position":"center center","background-size":"auto","background-attachment":"scroll","background-type":"","background-media":"","overlay-type":"","overlay-color":"","overlay-opacity":"","overlay-gradient":""},"tablet":{"background-color":"var(--ast-global-color-4)","background-image":"","background-repeat":"repeat","background-position":"center center","background-size":"auto","background-attachment":"scroll","background-type":"","background-media":"","overlay-type":"","overlay-color":"","overlay-opacity":"","overlay-gradient":""},"mobile":{"background-color":"var(--ast-global-color-4)","background-image":"","background-repeat":"repeat","background-position":"center center","background-size":"auto","background-attachment":"scroll","background-type":"","background-media":"","overlay-type":"","overlay-color":"","overlay-opacity":"","overlay-gradient":""}},"_joinchat":[],"footnotes":""},"categories":[36],"tags":[],"_links":{"self":[{"href":"https:\/\/radiosantaclara.sitetopfm.com.br\/site\/wp-json\/wp\/v2\/posts\/3266"}],"collection":[{"href":"https:\/\/radiosantaclara.sitetopfm.com.br\/site\/wp-json\/wp\/v2\/posts"}],"about":[{"href":"https:\/\/radiosantaclara.sitetopfm.com.br\/site\/wp-json\/wp\/v2\/types\/post"}],"author":[{"embeddable":true,"href":"https:\/\/radiosantaclara.sitetopfm.com.br\/site\/wp-json\/wp\/v2\/users\/1"}],"replies":[{"embeddable":true,"href":"https:\/\/radiosantaclara.sitetopfm.com.br\/site\/wp-json\/wp\/v2\/comments?post=3266"}],"version-history":[{"count":0,"href":"https:\/\/radiosantaclara.sitetopfm.com.br\/site\/wp-json\/wp\/v2\/posts\/3266\/revisions"}],"wp:featuredmedia":[{"embeddable":true,"href":"https:\/\/radiosantaclara.sitetopfm.com.br\/site\/wp-json\/wp\/v2\/media\/3267"}],"wp:attachment":[{"href":"https:\/\/radiosantaclara.sitetopfm.com.br\/site\/wp-json\/wp\/v2\/media?parent=3266"}],"wp:term":[{"taxonomy":"category","embeddable":true,"href":"https:\/\/radiosantaclara.sitetopfm.com.br\/site\/wp-json\/wp\/v2\/categories?post=3266"},{"taxonomy":"post_tag","embeddable":true,"href":"https:\/\/radiosantaclara.sitetopfm.com.br\/site\/wp-json\/wp\/v2\/tags?post=3266"}],"curies":[{"name":"wp","href":"https:\/\/api.w.org\/{rel}","templated":true}]}}