{"id":3197,"date":"2025-09-10T22:50:49","date_gmt":"2025-09-11T01:50:49","guid":{"rendered":"https:\/\/radiosantaclara.sitetopfm.com.br\/site\/ministro-da-saude-detalha-aumento-das-despesas-e-pede-mais-recursos-para-a-pasta-noticias\/"},"modified":"2025-09-10T22:50:49","modified_gmt":"2025-09-11T01:50:49","slug":"ministro-da-saude-detalha-aumento-das-despesas-e-pede-mais-recursos-para-a-pasta-noticias","status":"publish","type":"post","link":"https:\/\/radiosantaclara.sitetopfm.com.br\/site\/ministro-da-saude-detalha-aumento-das-despesas-e-pede-mais-recursos-para-a-pasta-noticias\/","title":{"rendered":"Ministro da Sa\u00fade detalha aumento das despesas e pede mais recursos para a pasta &#8211; Not\u00edcias"},"content":{"rendered":"<p> <br \/>\n<\/p>\n<div>\n<p class=\"g-artigo__data-hora\">\n                      10\/09\/2025 &#8211; 19:01 \u00a0\n                    <\/p>\n<div id=\"image-container-1199021\" class=\"image-container\" style=\"float: none; margin: 45px 0px; width: 100%;\" data-midia=\"1199021\">\n<p><em>Renato Ara\u00fajo\/C\u00e2mara dos Deputados<\/em><\/p>\n<p>Padilha falou a parlamentares da Comiss\u00e3o Mista de Or\u00e7amento<\/p>\n<\/p><\/div>\n<p>O ministro da Sa\u00fade, Alexandre Padilha, manifestou aos parlamentares da <span id=\"4053\" class=\"termoGlossario\" title=\"Comiss\u00e3o de deputados e senadores respons\u00e1vel pela an\u00e1lise das propostas or\u00e7ament\u00e1rias elaboradas pelo Executivo: Lei de Diretrizes Or\u00e7ament\u00e1rias (LDO), Lei Or\u00e7ament\u00e1ria Anual (LOA) e Plano Plurianual (PPA).\" contenteditable=\"false\" data-toggle=\"tooltip\" data-placement=\"top\">Comiss\u00e3o Mista de Or\u00e7amento<\/span> a sua preocupa\u00e7\u00e3o com algumas despesas que cresceram e que n\u00e3o est\u00e3o no Or\u00e7amento deste ano. Ele foi \u00e0 comiss\u00e3o para atender uma regra que estabelece presta\u00e7\u00e3o de contas quadrimestral ao colegiado (<a class=\"linkLegislacao\" href=\"https:\/\/www2.camara.gov.br\/legin\/fed\/leicom\/2012\/leicomplementar-141-13-janeiro-2012-612270-norma-pl.html\">Lei Complementar 141\/12<\/a>).<\/p>\n<p>O ministro citou o custo do programa Farm\u00e1cia Popular, que passou de R$ 2,2 bilh\u00f5es em 2022 para R$ 6 bilh\u00f5es neste ano. Ele explicou que houve um aumento da lista de medicamentos gratuitos e a distribui\u00e7\u00e3o de fraldas geri\u00e1tricas. Segundo Padilha, s\u00e3o 60 milh\u00f5es de fraldas por m\u00eas.<\/p>\n<p>Tamb\u00e9m o programa Agora Tem Especialistas, criado recentemente, n\u00e3o tem todos os recursos necess\u00e1rios. O ministro pediu a colabora\u00e7\u00e3o dos parlamentares com o remanejamento de emendas or\u00e7ament\u00e1rias de bancadas estaduais e de comiss\u00e3o para a\u00e7\u00f5es como a contrata\u00e7\u00e3o de carretas e de mutir\u00f5es de procedimentos especializados; al\u00e9m da aquisi\u00e7\u00e3o de ve\u00edculos de transporte, como ambul\u00e2ncias.<\/p>\n<p>\u201c\u00c0s vezes, um recurso de emenda de comiss\u00e3o j\u00e1 est\u00e1 na ata para colocar R$ 1 milh\u00e3o na cidade. Em vez de botar R$ 1 milh\u00e3o no fundo municipal, no fundo estadual, voc\u00ea transformar isso numa carreta que fique l\u00e1 um m\u00eas, d\u00e1 at\u00e9 um protagonismo maior para o parlamentar, para a a\u00e7\u00e3o da comiss\u00e3o\u201d, disse.<\/p>\n<div id=\"image-container-1199022\" class=\"image-container\" style=\"float: none; margin: 45px 0px; width: 100%;\" data-midia=\"1199022\">\n<p><em>Renato Ara\u00fajo\/C\u00e2mara dos Deputados<\/em><\/p>\n<p>Mauro Benevides Filho sugeriu aumento das emendas obrigat\u00f3rias para sa\u00fade, de 50% para 65%<\/p>\n<\/p><\/div>\n<p><strong>Decis\u00f5es judiciais<\/strong><br \/>A terceira fonte de press\u00e3o de gastos, segundo Alexandre Padilha, \u00e9 o cumprimento de decis\u00f5es judiciais para a compra de medicamentos e realiza\u00e7\u00e3o de procedimentos de m\u00e9dia e alta complexidade. O total passou de R$ 1,5 bilh\u00e3o em 2022 para R$ 2,5 bilh\u00f5es neste ano.<\/p>\n<p>Apesar do aumento das demandas, o ministro disse que houve um crescimento de 75% na aplica\u00e7\u00e3o m\u00ednima em sa\u00fade entre 2022 e 2025. Para 2026, s\u00e3o R$ 245,5 bilh\u00f5es. Ainda assim, Padilha afirmou que o pa\u00eds aplica 4,5% do <span id=\"4128\" class=\"termoGlossario\" title=\"Indicador que mede a produ\u00e7\u00e3o total de bens e servi\u00e7os finais de um pa\u00eds, levando em conta tr\u00eas grupos principais: (1) agropecu\u00e1ria, abrangendo agricultura extrativa vegetal e pecu\u00e1ria; (2) ind\u00fastria, que engloba as \u00e1reas de extra\u00e7\u00e3o mineral, de transforma\u00e7\u00e3o, de servi\u00e7os industriais de utilidade p\u00fablica e de constru\u00e7\u00e3o civil; e (3) servi\u00e7os, que incluem com\u00e9rcio, transporte, comunica\u00e7\u00e3o, servi\u00e7os da administra\u00e7\u00e3o p\u00fablica e outros. A partir de uma compara\u00e7\u00e3o entre a produ\u00e7\u00e3o de um ano e do anterior, encontra-se a varia\u00e7\u00e3o anual do PIB.\" contenteditable=\"false\" data-toggle=\"tooltip\" data-placement=\"top\">PIB<\/span> em sa\u00fade enquanto pa\u00edses desenvolvidos da <span id=\"4401\" class=\"termoGlossario\" title=\"Organiza\u00e7\u00e3o internacional e intergovernamental que re\u00fane os 34 pa\u00edses mais industrializados da economia do mercado. \u00c9 tamb\u00e9m chamada de Grupo dos Ricos, pois, juntos, os pa\u00edses membros da OCDE produzem dois ter\u00e7os de toda a riqueza mundial. S\u00e3o Estados democr\u00e1ticos cujo sistema econ\u00f4mico se baseia na economia de livre mercado. A organiza\u00e7\u00e3o foi criada em 1961 e tem sua sede em Paris, na Fran\u00e7a. Entre seus objetivos est\u00e1 o de ajudar o desenvolvimento econ\u00f4mico e social no mundo inteiro, estimulando investimentos nos pa\u00edses em desenvolvimento.\" contenteditable=\"false\" data-toggle=\"tooltip\" data-placement=\"top\">OCDE<\/span> aplicam 7,4%.<\/p>\n<p><strong>Emendas obrigat\u00f3rias<\/strong><br \/>O deputado Mauro Benevides Filho (PDT-CE) disse que vai propor que a destina\u00e7\u00e3o obrigat\u00f3ria das emendas or\u00e7ament\u00e1rias parlamentares para a sa\u00fade passe de 50% para 65%.\u00a0\u201cApesar da cr\u00edtica que isso \u00e9 muito centralizado e a emenda tenta dar essa descentraliza\u00e7\u00e3o, mas eu acho que o parlamentar ainda consegue visualizar melhor esses lugares onde ainda falta uma interven\u00e7\u00e3o mais precisa\u201d, afirmou.<strong>\u00a0<\/strong><\/p>\n<p style=\"font-size: 0.8rem; font-weight: 700;\">Reportagem &#8211; Silvia Mugnatto<br \/>Edi\u00e7\u00e3o &#8211; Ge\u00f3rgia Moraes<\/p>\n<\/p><\/div>\n<p><br \/>\n<br \/><a href=\"https:\/\/www.camara.leg.br\/noticias\/1199002-ministro-da-saude-detalha-aumento-das-despesas-e-pede-mais-recursos-para-a-pasta\/\">postagem original <\/a><\/p>\n","protected":false},"excerpt":{"rendered":"<p>10\/09\/2025 &#8211; 19:01 \u00a0 Renato Ara\u00fajo\/C\u00e2mara dos Deputados Padilha falou a parlamentares da Comiss\u00e3o Mista de Or\u00e7amento O ministro da [&hellip;]<\/p>\n","protected":false},"author":1,"featured_media":3198,"comment_status":"open","ping_status":"open","sticky":false,"template":"","format":"standard","meta":{"site-sidebar-layout":"default","site-content-layout":"","ast-site-content-layout":"default","site-content-style":"default","site-sidebar-style":"default","ast-global-header-display":"","ast-banner-title-visibility":"","ast-main-header-display":"","ast-hfb-above-header-display":"","ast-hfb-below-header-display":"","ast-hfb-mobile-header-display":"","site-post-title":"","ast-breadcrumbs-content":"","ast-featured-img":"","footer-sml-layout":"","theme-transparent-header-meta":"","adv-header-id-meta":"","stick-header-meta":"","header-above-stick-meta":"","header-main-stick-meta":"","header-below-stick-meta":"","astra-migrate-meta-layouts":"default","ast-page-background-enabled":"default","ast-page-background-meta":{"desktop":{"background-color":"var(--ast-global-color-5)","background-image":"","background-repeat":"repeat","background-position":"center center","background-size":"auto","background-attachment":"scroll","background-type":"","background-media":"","overlay-type":"","overlay-color":"","overlay-opacity":"","overlay-gradient":""},"tablet":{"background-color":"","background-image":"","background-repeat":"repeat","background-position":"center center","background-size":"auto","background-attachment":"scroll","background-type":"","background-media":"","overlay-type":"","overlay-color":"","overlay-opacity":"","overlay-gradient":""},"mobile":{"background-color":"","background-image":"","background-repeat":"repeat","background-position":"center center","background-size":"auto","background-attachment":"scroll","background-type":"","background-media":"","overlay-type":"","overlay-color":"","overlay-opacity":"","overlay-gradient":""}},"ast-content-background-meta":{"desktop":{"background-color":"var(--ast-global-color-4)","background-image":"","background-repeat":"repeat","background-position":"center center","background-size":"auto","background-attachment":"scroll","background-type":"","background-media":"","overlay-type":"","overlay-color":"","overlay-opacity":"","overlay-gradient":""},"tablet":{"background-color":"var(--ast-global-color-4)","background-image":"","background-repeat":"repeat","background-position":"center center","background-size":"auto","background-attachment":"scroll","background-type":"","background-media":"","overlay-type":"","overlay-color":"","overlay-opacity":"","overlay-gradient":""},"mobile":{"background-color":"var(--ast-global-color-4)","background-image":"","background-repeat":"repeat","background-position":"center center","background-size":"auto","background-attachment":"scroll","background-type":"","background-media":"","overlay-type":"","overlay-color":"","overlay-opacity":"","overlay-gradient":""}},"_joinchat":[],"footnotes":""},"categories":[36],"tags":[],"_links":{"self":[{"href":"https:\/\/radiosantaclara.sitetopfm.com.br\/site\/wp-json\/wp\/v2\/posts\/3197"}],"collection":[{"href":"https:\/\/radiosantaclara.sitetopfm.com.br\/site\/wp-json\/wp\/v2\/posts"}],"about":[{"href":"https:\/\/radiosantaclara.sitetopfm.com.br\/site\/wp-json\/wp\/v2\/types\/post"}],"author":[{"embeddable":true,"href":"https:\/\/radiosantaclara.sitetopfm.com.br\/site\/wp-json\/wp\/v2\/users\/1"}],"replies":[{"embeddable":true,"href":"https:\/\/radiosantaclara.sitetopfm.com.br\/site\/wp-json\/wp\/v2\/comments?post=3197"}],"version-history":[{"count":0,"href":"https:\/\/radiosantaclara.sitetopfm.com.br\/site\/wp-json\/wp\/v2\/posts\/3197\/revisions"}],"wp:featuredmedia":[{"embeddable":true,"href":"https:\/\/radiosantaclara.sitetopfm.com.br\/site\/wp-json\/wp\/v2\/media\/3198"}],"wp:attachment":[{"href":"https:\/\/radiosantaclara.sitetopfm.com.br\/site\/wp-json\/wp\/v2\/media?parent=3197"}],"wp:term":[{"taxonomy":"category","embeddable":true,"href":"https:\/\/radiosantaclara.sitetopfm.com.br\/site\/wp-json\/wp\/v2\/categories?post=3197"},{"taxonomy":"post_tag","embeddable":true,"href":"https:\/\/radiosantaclara.sitetopfm.com.br\/site\/wp-json\/wp\/v2\/tags?post=3197"}],"curies":[{"name":"wp","href":"https:\/\/api.w.org\/{rel}","templated":true}]}}