{"id":3156,"date":"2025-09-10T04:11:53","date_gmt":"2025-09-10T07:11:53","guid":{"rendered":"https:\/\/radiosantaclara.sitetopfm.com.br\/site\/brasil-passa-a-integrar-a-rede-global-de-parlamentares-junto-ao-fmi-e-ao-banco-mundial-noticias\/"},"modified":"2025-09-10T04:11:53","modified_gmt":"2025-09-10T07:11:53","slug":"brasil-passa-a-integrar-a-rede-global-de-parlamentares-junto-ao-fmi-e-ao-banco-mundial-noticias","status":"publish","type":"post","link":"https:\/\/radiosantaclara.sitetopfm.com.br\/site\/brasil-passa-a-integrar-a-rede-global-de-parlamentares-junto-ao-fmi-e-ao-banco-mundial-noticias\/","title":{"rendered":"Brasil passa a integrar a rede global de parlamentares junto ao FMI e ao Banco Mundial &#8211; Not\u00edcias"},"content":{"rendered":"<p> <br \/>\n<\/p>\n<div>\n<p class=\"g-artigo__data-hora\">\n                      09\/09\/2025 &#8211; 19:26 \u00a0\n                    <\/p>\n<div id=\"image-container-1198500\" class=\"image-container\" style=\"float: none; margin: 45px 0px; width: 100%;\" data-midia=\"1198500\">\n<p><em>Kayo Magalh\u00e3es \/ C\u00e2mara dos Deputados<\/em><\/p>\n<p>Z\u00e9 Neto far\u00e1 a coordena\u00e7\u00e3o no Brasil dessa iniciativa<\/p>\n<\/p><\/div>\n<p>Em cerim\u00f4nia na C\u00e2mara dos Deputados nesta ter\u00e7a-feira (9), foi instalado o Cap\u00edtulo Brasil da Rede Parlamentar do Banco Mundial e do Fundo Monet\u00e1rio Internacional (FMI). Trata-se de uma plataforma global que conecta os parlamentares a dados, especialistas e f\u00f3runs internacionais, com influ\u00eancia nas pol\u00edticas e nos investimentos das duas institui\u00e7\u00f5es financeiras multilaterais.<\/p>\n<p>A coordena\u00e7\u00e3o no Brasil ficar\u00e1 a cargo do deputado Z\u00e9 Neto (PT-BA), com foco em coopera\u00e7\u00e3o interparlamentar e di\u00e1logo. Ele destacou a relev\u00e2ncia da iniciativa:\u00a0\u201cEles est\u00e3o com muitos investimentos no agro, na ind\u00fastria e na energia limpa: 40% de tudo que investem no Brasil vai para infraestrutura. Os parlamentares v\u00e3o trazer demandas, teremos mais estudos de viabilidade e faremos a intermedia\u00e7\u00e3o. O mais importante \u00e9 que estamos tratando do assunto de forma suprapartid\u00e1ria.\u201d<\/p>\n<p>Z\u00e9 Neto \u00e9 integrante das Comiss\u00f5es de Desenvolvimento Econ\u00f4mico e de Finan\u00e7as e Tributa\u00e7\u00e3o da C\u00e2mara, al\u00e9m de participar de frentes parlamentares ligadas a setores que recebem financiamentos do Banco Mundial e do FMI. Ele pretende manter interlocu\u00e7\u00e3o permanente com os Minist\u00e9rios da Fazenda e do Desenvolvimento, Ind\u00fastria, Com\u00e9rcio e Servi\u00e7os.<\/p>\n<p>O deputado Luiz Gast\u00e3o (PSD-CE), da Comiss\u00e3o de Fiscaliza\u00e7\u00e3o Financeira e Controle, tamb\u00e9m participou da cerim\u00f4nia. Para ele, o evento abre caminho para novos investimentos:<\/p>\n<p>\u201cA import\u00e2ncia desse evento \u00e9 estreitar a rela\u00e7\u00e3o do Parlamento com o FMI e com os bancos internacionais na busca de solu\u00e7\u00f5es que v\u00e3o al\u00e9m das ideologias e das quest\u00f5es partid\u00e1rias, em favor do desenvolvimento comercial, econ\u00f4mico e humano de todos os brasileiros.\u201d<\/p>\n<p>A cerim\u00f4nia contou com a presen\u00e7a da diretora regional do Banco Mundial, Cecile Fruman, e do diretor da Corpora\u00e7\u00e3o Financeira Internacional (IFC), Manuel Reyes-Retana.<\/p>\n<p>O Banco Mundial e o FMI foram criados em 1944 para financiar a reconstru\u00e7\u00e3o de pa\u00edses ap\u00f3s a Segunda Guerra Mundial e garantir a estabilidade do sistema monet\u00e1rio internacional. Com o tempo, passaram a apoiar o desenvolvimento de pa\u00edses mais pobres.<\/p>\n<p style=\"font-size: 0.8rem; font-weight: 700;\">Reportagem &#8211; Jos\u00e9 Carlos Oliveira<br \/>Edi\u00e7\u00e3o &#8211; Ge\u00f3rgia Moraes<\/p>\n<\/p><\/div>\n<p><br \/>\n<br \/><a href=\"https:\/\/www.camara.leg.br\/noticias\/1198485-brasil-passa-a-integrar-a-rede-global-de-parlamentares-junto-ao-fmi-e-ao-banco-mundial\/\">postagem original <\/a><\/p>\n","protected":false},"excerpt":{"rendered":"<p>09\/09\/2025 &#8211; 19:26 \u00a0 Kayo Magalh\u00e3es \/ C\u00e2mara dos Deputados Z\u00e9 Neto far\u00e1 a coordena\u00e7\u00e3o no Brasil dessa iniciativa Em [&hellip;]<\/p>\n","protected":false},"author":1,"featured_media":3157,"comment_status":"open","ping_status":"open","sticky":false,"template":"","format":"standard","meta":{"site-sidebar-layout":"default","site-content-layout":"","ast-site-content-layout":"default","site-content-style":"default","site-sidebar-style":"default","ast-global-header-display":"","ast-banner-title-visibility":"","ast-main-header-display":"","ast-hfb-above-header-display":"","ast-hfb-below-header-display":"","ast-hfb-mobile-header-display":"","site-post-title":"","ast-breadcrumbs-content":"","ast-featured-img":"","footer-sml-layout":"","theme-transparent-header-meta":"","adv-header-id-meta":"","stick-header-meta":"","header-above-stick-meta":"","header-main-stick-meta":"","header-below-stick-meta":"","astra-migrate-meta-layouts":"default","ast-page-background-enabled":"default","ast-page-background-meta":{"desktop":{"background-color":"var(--ast-global-color-5)","background-image":"","background-repeat":"repeat","background-position":"center center","background-size":"auto","background-attachment":"scroll","background-type":"","background-media":"","overlay-type":"","overlay-color":"","overlay-opacity":"","overlay-gradient":""},"tablet":{"background-color":"","background-image":"","background-repeat":"repeat","background-position":"center center","background-size":"auto","background-attachment":"scroll","background-type":"","background-media":"","overlay-type":"","overlay-color":"","overlay-opacity":"","overlay-gradient":""},"mobile":{"background-color":"","background-image":"","background-repeat":"repeat","background-position":"center center","background-size":"auto","background-attachment":"scroll","background-type":"","background-media":"","overlay-type":"","overlay-color":"","overlay-opacity":"","overlay-gradient":""}},"ast-content-background-meta":{"desktop":{"background-color":"var(--ast-global-color-4)","background-image":"","background-repeat":"repeat","background-position":"center center","background-size":"auto","background-attachment":"scroll","background-type":"","background-media":"","overlay-type":"","overlay-color":"","overlay-opacity":"","overlay-gradient":""},"tablet":{"background-color":"var(--ast-global-color-4)","background-image":"","background-repeat":"repeat","background-position":"center center","background-size":"auto","background-attachment":"scroll","background-type":"","background-media":"","overlay-type":"","overlay-color":"","overlay-opacity":"","overlay-gradient":""},"mobile":{"background-color":"var(--ast-global-color-4)","background-image":"","background-repeat":"repeat","background-position":"center center","background-size":"auto","background-attachment":"scroll","background-type":"","background-media":"","overlay-type":"","overlay-color":"","overlay-opacity":"","overlay-gradient":""}},"_joinchat":[],"footnotes":""},"categories":[36],"tags":[],"_links":{"self":[{"href":"https:\/\/radiosantaclara.sitetopfm.com.br\/site\/wp-json\/wp\/v2\/posts\/3156"}],"collection":[{"href":"https:\/\/radiosantaclara.sitetopfm.com.br\/site\/wp-json\/wp\/v2\/posts"}],"about":[{"href":"https:\/\/radiosantaclara.sitetopfm.com.br\/site\/wp-json\/wp\/v2\/types\/post"}],"author":[{"embeddable":true,"href":"https:\/\/radiosantaclara.sitetopfm.com.br\/site\/wp-json\/wp\/v2\/users\/1"}],"replies":[{"embeddable":true,"href":"https:\/\/radiosantaclara.sitetopfm.com.br\/site\/wp-json\/wp\/v2\/comments?post=3156"}],"version-history":[{"count":0,"href":"https:\/\/radiosantaclara.sitetopfm.com.br\/site\/wp-json\/wp\/v2\/posts\/3156\/revisions"}],"wp:featuredmedia":[{"embeddable":true,"href":"https:\/\/radiosantaclara.sitetopfm.com.br\/site\/wp-json\/wp\/v2\/media\/3157"}],"wp:attachment":[{"href":"https:\/\/radiosantaclara.sitetopfm.com.br\/site\/wp-json\/wp\/v2\/media?parent=3156"}],"wp:term":[{"taxonomy":"category","embeddable":true,"href":"https:\/\/radiosantaclara.sitetopfm.com.br\/site\/wp-json\/wp\/v2\/categories?post=3156"},{"taxonomy":"post_tag","embeddable":true,"href":"https:\/\/radiosantaclara.sitetopfm.com.br\/site\/wp-json\/wp\/v2\/tags?post=3156"}],"curies":[{"name":"wp","href":"https:\/\/api.w.org\/{rel}","templated":true}]}}