{"id":3155,"date":"2025-09-10T01:08:15","date_gmt":"2025-09-10T04:08:15","guid":{"rendered":"https:\/\/radiosantaclara.sitetopfm.com.br\/site\/camara-aprova-regime-de-urgencia-para-sete-projetos-de-lei-noticias\/"},"modified":"2025-09-10T01:08:15","modified_gmt":"2025-09-10T04:08:15","slug":"camara-aprova-regime-de-urgencia-para-sete-projetos-de-lei-noticias","status":"publish","type":"post","link":"https:\/\/radiosantaclara.sitetopfm.com.br\/site\/camara-aprova-regime-de-urgencia-para-sete-projetos-de-lei-noticias\/","title":{"rendered":"C\u00e2mara aprova regime de urg\u00eancia para sete projetos de lei &#8211; Not\u00edcias"},"content":{"rendered":"<p> <br \/>\n<\/p>\n<div>\n<div>\n<p class=\"g-artigo__data-hora\">\n                      09\/09\/2025 &#8211; 19:29 \u00a0\n                    <\/p>\n<div id=\"image-container-1198506\" class=\"image-container\" style=\"float: none; margin: 45px 0px; width: 100%;\" data-midia=\"1198506\">\n<p><em>Vinicius Loures\/C\u00e2mara dos Deputados<\/em><\/p>\n<p>Deputados na sess\u00e3o do Plen\u00e1rio<\/p>\n<\/p><\/div>\n<p>A C\u00e2mara dos Deputados aprovou nesta ter\u00e7a-feira (9) o regime de <span id=\"4227\" class=\"termoGlossario\" title=\"Regime de tramita\u00e7\u00e3o que dispensa exig\u00eancias, interst\u00edcios e formalidades regimentais (salvo a publica\u00e7\u00e3o, o qu\u00f3rum e os pareceres) para que uma proposi\u00e7\u00e3o seja apreciada pela C\u00e2mara de forma mais c\u00e9lere. Pode-se dizer que as proposi\u00e7\u00f5es s\u00e3o urgentes em raz\u00e3o da natureza da mat\u00e9ria; em raz\u00e3o de serem de iniciativa do Poder Executivo, com solicita\u00e7\u00e3o de urg\u00eancia do presidente da Rep\u00fablica; ou em virtude de terem sido reconhecidas, por delibera\u00e7\u00e3o do Plen\u00e1rio, com esse car\u00e1ter. Alguns projetos j\u00e1 tramitam automaticamente em regime de urg\u00eancia, como os que tratam de acordos internacionais.\" contenteditable=\"false\" data-toggle=\"tooltip\" data-placement=\"top\">urg\u00eancia<\/span> para sete propostas. Os projetos com urg\u00eancia podem ser votados diretamente no Plen\u00e1rio, sem passar antes pelas comiss\u00f5es da C\u00e2mara.<\/p>\n<p>Confira as propostas que passam a tramitar com urg\u00eancia:<\/p>\n<ul>\n<li>PL 2056\/25, do deputado Pastor Henrique Vieira (Psol-RJ), que prop\u00f5e transformar bens im\u00f3veis de origem il\u00edcita, localizados em favelas e periferias, em espa\u00e7os destinados a atividades sociais, culturais, esportivas para fortalecer a presen\u00e7a do Estado nesses territ\u00f3rios vulner\u00e1veis;<\/li>\n<li><a class=\"linkProposicao\" href=\"https:\/\/www.camara.leg.br\/noticias\/1098279-proposta-preve-novos-criterios-para-justica-decretar-prisao-preventiva\">PL 226\/24<\/a>, do Senado, que define novos crit\u00e9rios para a decreta\u00e7\u00e3o de pris\u00e3o preventiva e da convers\u00e3o da pris\u00e3o em flagrante em preventiva;<\/li>\n<li>PL 4392\/25, da deputada Camila Jara (PT-MS), que altera o Estatuto do Pantanal para prever, entre outros pontos, a cria\u00e7\u00e3o de programa de compensa\u00e7\u00e3o da reserva legal do bioma e de \u00e1reas da bacia do Alto Paraguai;<\/li>\n<li>PL 2829\/25, do Tribunal de Contas da Uni\u00e3o (<span id=\"4099\" class=\"termoGlossario\" title=\"\u00d3rg\u00e3o com poderes para, no auxilio ao Congresso Nacional, exercer o controle externo dos atos financeiros, or\u00e7ament\u00e1rios, cont\u00e1beis, operacionais e patrimoniais dos Poderes da Rep\u00fablica. Qualquer pessoa f\u00edsica ou jur\u00eddica, p\u00fablica ou privada, que utilize, arrecade, guarde, gerencie ou administre dinheiros, bens e valores p\u00fablicos ou pelos quais a Uni\u00e3o responda, ou que, em nome desta, assuma obriga\u00e7\u00f5es de natureza pecuni\u00e1ria tem o dever de prestar contas ao TCU.\" contenteditable=\"false\" data-toggle=\"tooltip\" data-placement=\"top\">TCU<\/span>), que altera a estrutura de carreira dos servidores e cria indeniza\u00e7\u00e3o de 25% da remunera\u00e7\u00e3o para servidor com fun\u00e7\u00e3o de confian\u00e7a, sem incid\u00eancia do Imposto de Renda;<\/li>\n<li>PL 4225\/23, dos deputados Alex Manente (Cidadania-SP), Any Ortiz (Cidadania-RS) e Amom Mandel (Cidadania-AM), que enquadra o Transtorno do D\u00e9ficit de Aten\u00e7\u00e3o com Hiperatividade (TDAH) como defici\u00eancia e garante a seus portadores direitos como educa\u00e7\u00e3o inclusiva com recursos adaptados e atendimento priorit\u00e1rio na sa\u00fade;<\/li>\n<li><a class=\"linkProposicao\" href=\"https:\/\/www.camara.leg.br\/noticias\/674175-proposta-normatiza-heranca-digital\">PL 3050\/20<\/a>, do deputado Gilberto Abramo (Republicanos-MG), que inclui no C\u00f3digo Civil o direito de heran\u00e7a digital, para transmitir aos herdeiros todos os conte\u00fados, contas e arquivos digitais do autor da heran\u00e7a;<\/li>\n<li>PL 4488\/23, da deputada Maria do Ros\u00e1rio (PT-RS), que institui a Pol\u00edtica Nacional de Preven\u00e7\u00e3o ao Assoreamento de Rios por meio da recomposi\u00e7\u00e3o de matas ciliares e do controle da eros\u00e3o.<\/li>\n<\/ul>\n<p><a href=\"https:\/\/www.camara.leg.br\/noticias\/573454-SAIBA-MAIS-SOBRE-A-TRAMITACAO-DE-PROJETOS-DE-LEI\">Saiba mais sobre a tramita\u00e7\u00e3o de projetos de lei<\/a><\/p>\n<p style=\"font-size: 0.8rem; font-weight: 700;\">Reportagem \u2013 Tiago Miranda<br \/>Edi\u00e7\u00e3o \u2013 Pierre Triboli<\/p>\n<\/p><\/div>\n<\/p><\/div>\n<p><br \/>\n<br \/><a href=\"https:\/\/www.camara.leg.br\/noticias\/1198478-camara-aprova-regime-de-urgencia-para-sete-projetos-de-lei\/\">postagem original <\/a><\/p>\n","protected":false},"excerpt":{"rendered":"<p>09\/09\/2025 &#8211; 19:29 \u00a0 Vinicius Loures\/C\u00e2mara dos Deputados Deputados na sess\u00e3o do Plen\u00e1rio A C\u00e2mara dos Deputados aprovou nesta ter\u00e7a-feira [&hellip;]<\/p>\n","protected":false},"author":1,"featured_media":3134,"comment_status":"open","ping_status":"open","sticky":false,"template":"","format":"standard","meta":{"site-sidebar-layout":"default","site-content-layout":"","ast-site-content-layout":"default","site-content-style":"default","site-sidebar-style":"default","ast-global-header-display":"","ast-banner-title-visibility":"","ast-main-header-display":"","ast-hfb-above-header-display":"","ast-hfb-below-header-display":"","ast-hfb-mobile-header-display":"","site-post-title":"","ast-breadcrumbs-content":"","ast-featured-img":"","footer-sml-layout":"","theme-transparent-header-meta":"","adv-header-id-meta":"","stick-header-meta":"","header-above-stick-meta":"","header-main-stick-meta":"","header-below-stick-meta":"","astra-migrate-meta-layouts":"default","ast-page-background-enabled":"default","ast-page-background-meta":{"desktop":{"background-color":"var(--ast-global-color-5)","background-image":"","background-repeat":"repeat","background-position":"center center","background-size":"auto","background-attachment":"scroll","background-type":"","background-media":"","overlay-type":"","overlay-color":"","overlay-opacity":"","overlay-gradient":""},"tablet":{"background-color":"","background-image":"","background-repeat":"repeat","background-position":"center center","background-size":"auto","background-attachment":"scroll","background-type":"","background-media":"","overlay-type":"","overlay-color":"","overlay-opacity":"","overlay-gradient":""},"mobile":{"background-color":"","background-image":"","background-repeat":"repeat","background-position":"center center","background-size":"auto","background-attachment":"scroll","background-type":"","background-media":"","overlay-type":"","overlay-color":"","overlay-opacity":"","overlay-gradient":""}},"ast-content-background-meta":{"desktop":{"background-color":"var(--ast-global-color-4)","background-image":"","background-repeat":"repeat","background-position":"center center","background-size":"auto","background-attachment":"scroll","background-type":"","background-media":"","overlay-type":"","overlay-color":"","overlay-opacity":"","overlay-gradient":""},"tablet":{"background-color":"var(--ast-global-color-4)","background-image":"","background-repeat":"repeat","background-position":"center center","background-size":"auto","background-attachment":"scroll","background-type":"","background-media":"","overlay-type":"","overlay-color":"","overlay-opacity":"","overlay-gradient":""},"mobile":{"background-color":"var(--ast-global-color-4)","background-image":"","background-repeat":"repeat","background-position":"center center","background-size":"auto","background-attachment":"scroll","background-type":"","background-media":"","overlay-type":"","overlay-color":"","overlay-opacity":"","overlay-gradient":""}},"_joinchat":[],"footnotes":""},"categories":[36],"tags":[],"_links":{"self":[{"href":"https:\/\/radiosantaclara.sitetopfm.com.br\/site\/wp-json\/wp\/v2\/posts\/3155"}],"collection":[{"href":"https:\/\/radiosantaclara.sitetopfm.com.br\/site\/wp-json\/wp\/v2\/posts"}],"about":[{"href":"https:\/\/radiosantaclara.sitetopfm.com.br\/site\/wp-json\/wp\/v2\/types\/post"}],"author":[{"embeddable":true,"href":"https:\/\/radiosantaclara.sitetopfm.com.br\/site\/wp-json\/wp\/v2\/users\/1"}],"replies":[{"embeddable":true,"href":"https:\/\/radiosantaclara.sitetopfm.com.br\/site\/wp-json\/wp\/v2\/comments?post=3155"}],"version-history":[{"count":0,"href":"https:\/\/radiosantaclara.sitetopfm.com.br\/site\/wp-json\/wp\/v2\/posts\/3155\/revisions"}],"wp:featuredmedia":[{"embeddable":true,"href":"https:\/\/radiosantaclara.sitetopfm.com.br\/site\/wp-json\/wp\/v2\/media\/3134"}],"wp:attachment":[{"href":"https:\/\/radiosantaclara.sitetopfm.com.br\/site\/wp-json\/wp\/v2\/media?parent=3155"}],"wp:term":[{"taxonomy":"category","embeddable":true,"href":"https:\/\/radiosantaclara.sitetopfm.com.br\/site\/wp-json\/wp\/v2\/categories?post=3155"},{"taxonomy":"post_tag","embeddable":true,"href":"https:\/\/radiosantaclara.sitetopfm.com.br\/site\/wp-json\/wp\/v2\/tags?post=3155"}],"curies":[{"name":"wp","href":"https:\/\/api.w.org\/{rel}","templated":true}]}}