{"id":3135,"date":"2025-09-09T20:35:33","date_gmt":"2025-09-09T23:35:33","guid":{"rendered":"https:\/\/radiosantaclara.sitetopfm.com.br\/site\/comissao-aprova-politica-nacional-de-atencao-a-gagueira-noticias\/"},"modified":"2025-09-09T20:35:33","modified_gmt":"2025-09-09T23:35:33","slug":"comissao-aprova-politica-nacional-de-atencao-a-gagueira-noticias","status":"publish","type":"post","link":"https:\/\/radiosantaclara.sitetopfm.com.br\/site\/comissao-aprova-politica-nacional-de-atencao-a-gagueira-noticias\/","title":{"rendered":"Comiss\u00e3o aprova pol\u00edtica nacional de aten\u00e7\u00e3o \u00e0 gagueira &#8211; Not\u00edcias"},"content":{"rendered":"<p> <br \/>\n<\/p>\n<div>\n<div>\n<p class=\"g-artigo__data-hora\">\n                      09\/09\/2025 &#8211; 15:31 \u00a0\n                    <\/p>\n<div id=\"image-container-1198270\" class=\"image-container\" style=\"float: none; margin: 45px 0px; width: 100%;\" data-midia=\"1198270\">\n<p><em>Vinicius Loures\/C\u00e2mara dos Deputados<\/em><\/p>\n<p>Luiz Lima, relator da proposta<\/p>\n<\/p><\/div>\n<p>A Comiss\u00e3o de Educa\u00e7\u00e3o da C\u00e2mara dos Deputados aprovou projeto de lei que cria a pol\u00edtica nacional de aten\u00e7\u00e3o \u00e0 gagueira. O objetivo \u00e9 assegurar o acesso \u00e0 sa\u00fade e \u00e0 inclus\u00e3o por meio do diagn\u00f3stico, do tratamento e da conscientiza\u00e7\u00e3o sobre essa condi\u00e7\u00e3o.<\/p>\n<p>O <a class=\"linkProposicao\" href=\"https:\/\/www.camara.leg.br\/noticias\/1130005-projeto-institui-politica-de-atencao-a-gagueira\">Projeto de Lei 4201\/24<\/a>, do deputado Juninho do Pneu (Uni\u00e3o-RJ), foi aprovado com emenda do relator, deputado Luiz Lima (Novo-RJ). O relator suprimiu parte do projeto que previa a\u00e7\u00f5es para o combate ao <em>bullying<\/em> em escolas e ambientes sociais. &#8220;O ordenamento jur\u00eddico brasileiro disp\u00f5e sobre o <em>bullying<\/em> de maneira abrangente na <a class=\"linkLegislacao\" href=\"https:\/\/www2.camara.gov.br\/legin\/fed\/lei\/2015\/lei-13185-6-novembro-2015-781868-norma-pl.html\">Lei 13.185\/2015<\/a>, que institui o Programa de Combate \u00e0 Intimida\u00e7\u00e3o Sistem\u00e1tica. N\u00e3o h\u00e1 necessidade de regramento espec\u00edfico para o <em>bullying<\/em> relacionado \u00e0 gagueira&#8221;, argumentou Luiz Lima.<\/p>\n<p><strong>Atendimento multiprofissional<\/strong><br \/>O texto prev\u00ea atendimento multiprofissional e especializado no Sistema \u00danico de Sa\u00fade (SUS), com acompanhamento de fonoaudi\u00f3logos, psic\u00f3logos e outros profissionais capacitados. O projeto busca incentivar o desenvolvimento de estudos e pesquisas sobre a gagueira, ampliando o conhecimento cient\u00edfico e melhorando as abordagens terap\u00eauticas.<\/p>\n<p>O poder p\u00fablico dever\u00e1 implementar, regulamentar e financiar as a\u00e7\u00f5es previstas na nova pol\u00edtica, mediante articula\u00e7\u00e3o com estados, munic\u00edpios e entidades da sociedade civil especializadas.<\/p>\n<p>A gagueira \u00e9 uma condi\u00e7\u00e3o neurol\u00f3gica que afeta a flu\u00eancia da fala e atinge milh\u00f5es de pessoas no Brasil, impactando a vida pessoal, educacional e profissional dos que convivem com essa condi\u00e7\u00e3o.<\/p>\n<p><strong>Pr\u00f3ximos passos<\/strong><br \/>O projeto tramita em <span id=\"4322\" class=\"termoGlossario\" title=\"Rito de tramita\u00e7\u00e3o pelo qual o projeto \u00e9 votado apenas pelas comiss\u00f5es designadas para analis\u00e1-lo, dispensada a delibera\u00e7\u00e3o do Plen\u00e1rio. O projeto perde o car\u00e1ter conclusivo se houver decis\u00e3o divergente entre as comiss\u00f5es ou se, independentemente de ser aprovado ou rejeitado, houver recurso assinado por 52 deputados para a aprecia\u00e7\u00e3o da mat\u00e9ria no Plen\u00e1rio.\" contenteditable=\"false\" data-toggle=\"tooltip\" data-placement=\"top\">car\u00e1ter conclusivo<\/span> e ser\u00e1 analisado pelas comiss\u00f5es de Sa\u00fade; de Finan\u00e7as e Tributa\u00e7\u00e3o; e de Constitui\u00e7\u00e3o e Justi\u00e7a e de Cidadania.<\/p>\n<p><a href=\"https:\/\/www.camara.leg.br\/noticias\/573454-SAIBA-MAIS-SOBRE-A-TRAMITACAO-DE-PROJETOS-DE-LEI\">Saiba mais sobre a tramita\u00e7\u00e3o de projetos de lei<\/a><\/p>\n<p style=\"font-size: 0.8rem; font-weight: 700;\">Reportagem &#8211; Francisco Brand\u00e3o<br \/>Edi\u00e7\u00e3o &#8211; Ge\u00f3rgia Moraes<\/p>\n<\/p><\/div>\n<\/p><\/div>\n<p><br \/>\n<br \/><a href=\"https:\/\/www.camara.leg.br\/noticias\/1198014-comissao-aprova-politica-nacional-de-atencao-a-gagueira\/\">postagem original <\/a><\/p>\n","protected":false},"excerpt":{"rendered":"<p>09\/09\/2025 &#8211; 15:31 \u00a0 Vinicius Loures\/C\u00e2mara dos Deputados Luiz Lima, relator da proposta A Comiss\u00e3o de Educa\u00e7\u00e3o da C\u00e2mara dos [&hellip;]<\/p>\n","protected":false},"author":1,"featured_media":3136,"comment_status":"open","ping_status":"open","sticky":false,"template":"","format":"standard","meta":{"site-sidebar-layout":"default","site-content-layout":"","ast-site-content-layout":"default","site-content-style":"default","site-sidebar-style":"default","ast-global-header-display":"","ast-banner-title-visibility":"","ast-main-header-display":"","ast-hfb-above-header-display":"","ast-hfb-below-header-display":"","ast-hfb-mobile-header-display":"","site-post-title":"","ast-breadcrumbs-content":"","ast-featured-img":"","footer-sml-layout":"","theme-transparent-header-meta":"","adv-header-id-meta":"","stick-header-meta":"","header-above-stick-meta":"","header-main-stick-meta":"","header-below-stick-meta":"","astra-migrate-meta-layouts":"default","ast-page-background-enabled":"default","ast-page-background-meta":{"desktop":{"background-color":"var(--ast-global-color-5)","background-image":"","background-repeat":"repeat","background-position":"center center","background-size":"auto","background-attachment":"scroll","background-type":"","background-media":"","overlay-type":"","overlay-color":"","overlay-opacity":"","overlay-gradient":""},"tablet":{"background-color":"","background-image":"","background-repeat":"repeat","background-position":"center center","background-size":"auto","background-attachment":"scroll","background-type":"","background-media":"","overlay-type":"","overlay-color":"","overlay-opacity":"","overlay-gradient":""},"mobile":{"background-color":"","background-image":"","background-repeat":"repeat","background-position":"center center","background-size":"auto","background-attachment":"scroll","background-type":"","background-media":"","overlay-type":"","overlay-color":"","overlay-opacity":"","overlay-gradient":""}},"ast-content-background-meta":{"desktop":{"background-color":"var(--ast-global-color-4)","background-image":"","background-repeat":"repeat","background-position":"center center","background-size":"auto","background-attachment":"scroll","background-type":"","background-media":"","overlay-type":"","overlay-color":"","overlay-opacity":"","overlay-gradient":""},"tablet":{"background-color":"var(--ast-global-color-4)","background-image":"","background-repeat":"repeat","background-position":"center center","background-size":"auto","background-attachment":"scroll","background-type":"","background-media":"","overlay-type":"","overlay-color":"","overlay-opacity":"","overlay-gradient":""},"mobile":{"background-color":"var(--ast-global-color-4)","background-image":"","background-repeat":"repeat","background-position":"center center","background-size":"auto","background-attachment":"scroll","background-type":"","background-media":"","overlay-type":"","overlay-color":"","overlay-opacity":"","overlay-gradient":""}},"_joinchat":[],"footnotes":""},"categories":[26],"tags":[],"_links":{"self":[{"href":"https:\/\/radiosantaclara.sitetopfm.com.br\/site\/wp-json\/wp\/v2\/posts\/3135"}],"collection":[{"href":"https:\/\/radiosantaclara.sitetopfm.com.br\/site\/wp-json\/wp\/v2\/posts"}],"about":[{"href":"https:\/\/radiosantaclara.sitetopfm.com.br\/site\/wp-json\/wp\/v2\/types\/post"}],"author":[{"embeddable":true,"href":"https:\/\/radiosantaclara.sitetopfm.com.br\/site\/wp-json\/wp\/v2\/users\/1"}],"replies":[{"embeddable":true,"href":"https:\/\/radiosantaclara.sitetopfm.com.br\/site\/wp-json\/wp\/v2\/comments?post=3135"}],"version-history":[{"count":0,"href":"https:\/\/radiosantaclara.sitetopfm.com.br\/site\/wp-json\/wp\/v2\/posts\/3135\/revisions"}],"wp:featuredmedia":[{"embeddable":true,"href":"https:\/\/radiosantaclara.sitetopfm.com.br\/site\/wp-json\/wp\/v2\/media\/3136"}],"wp:attachment":[{"href":"https:\/\/radiosantaclara.sitetopfm.com.br\/site\/wp-json\/wp\/v2\/media?parent=3135"}],"wp:term":[{"taxonomy":"category","embeddable":true,"href":"https:\/\/radiosantaclara.sitetopfm.com.br\/site\/wp-json\/wp\/v2\/categories?post=3135"},{"taxonomy":"post_tag","embeddable":true,"href":"https:\/\/radiosantaclara.sitetopfm.com.br\/site\/wp-json\/wp\/v2\/tags?post=3135"}],"curies":[{"name":"wp","href":"https:\/\/api.w.org\/{rel}","templated":true}]}}