{"id":3120,"date":"2025-09-09T17:18:26","date_gmt":"2025-09-09T20:18:26","guid":{"rendered":"https:\/\/radiosantaclara.sitetopfm.com.br\/site\/comissao-aprova-enquadramento-no-mei-para-21-categorias-de-profissionais-de-eventos-noticias\/"},"modified":"2025-09-09T17:18:26","modified_gmt":"2025-09-09T20:18:26","slug":"comissao-aprova-enquadramento-no-mei-para-21-categorias-de-profissionais-de-eventos-noticias","status":"publish","type":"post","link":"https:\/\/radiosantaclara.sitetopfm.com.br\/site\/comissao-aprova-enquadramento-no-mei-para-21-categorias-de-profissionais-de-eventos-noticias\/","title":{"rendered":"Comiss\u00e3o aprova enquadramento no MEI para 21 categorias de profissionais de eventos &#8211; Not\u00edcias"},"content":{"rendered":"<p> <br \/>\n<\/p>\n<div>\n<p class=\"g-artigo__data-hora\">\n                      09\/09\/2025 &#8211; 16:36 \u00a0\n                    <\/p>\n<div id=\"image-container-1198286\" class=\"image-container\" style=\"float: none; margin: 45px 0px; width: 100%;\" data-midia=\"1198286\">\n<p><em>Vinicius Loures\/C\u00e2mara dos Deputados<\/em><\/p>\n<p>Agrobom: &#8220;Setor de eventos tem natureza eventual e n\u00e3o se enquadra na contrata\u00e7\u00e3o por CLT&#8221;<\/p>\n<\/p><\/div>\n<p>A Comiss\u00e3o de Ind\u00fastria, Com\u00e9rcio e Servi\u00e7os da C\u00e2mara dos Deputados aprovou o enquadramento de profissionais de eventos entre as atividades que podem ser formalizadas no regime de Microempreendedor Individual (MEI).<\/p>\n<p>No total, ser\u00e3o beneficiadas 21 categorias: t\u00e9cnico de sistemas audiovisuais; mec\u00e2nico de manuten\u00e7\u00e3o de m\u00e1quinas; carpinteiro (cen\u00e1rio); montador de andaimes; eletricista de instala\u00e7\u00e3o (cen\u00e1rio); gar\u00e7om; ma\u00eetre; chefe de cozinha; trabalhador auxiliar de alimenta\u00e7\u00e3o; vigia; seguran\u00e7a de evento; faxineiro; recepcionista; organizador de evento; fot\u00f3grafo e videomaker para eventos; designer de ilumina\u00e7\u00e3o; profissional de decora\u00e7\u00e3o e cenografia; loca\u00e7\u00e3o de equipamentos para eventos; produtor cultural ou de eventos; DJ e m\u00fasico de eventos.<\/p>\n<p><strong>Mudan\u00e7as<\/strong><br \/>O texto aprovado \u00e9 o <a href=\"https:\/\/www.camara.leg.br\/proposicoesWeb\/prop_mostrarintegra?codteor=2958479&amp;filename=SBT+1+CICS+%3D%3E+PLP+102\/2025\">substitutivo<\/a> do relator, deputado Daniel Agrobom (PL-GO), ao Projeto de Lei Complementar 102\/25, do deputado Bibo Nunes (PL-RS). &#8220;A apresenta\u00e7\u00e3o do substitutivo apenas aperfei\u00e7oa o projeto do ponto de vista de boa t\u00e9cnica legislativa, eliminando repeti\u00e7\u00f5es de dispositivos com valor normativo id\u00eantico e corrigindo a numera\u00e7\u00e3o dos artigos referidos e dos anexos&#8221;, explicou o relator.<\/p>\n<p>Entre as mudan\u00e7as, o substitutivo fixa o prazo de 60 dias para o Comit\u00ea Gestor do Simples Nacional (CGSN) adaptar sua regulamenta\u00e7\u00e3o infralegal \u00e0 nova lei.<\/p>\n<p>De acordo com a Associa\u00e7\u00e3o Brasileira de Promotores de Eventos (Abrape), o setor hoje engloba 77 mil empresas, gerando R$ 291 bilh\u00f5es de faturamento anual, e representa 3,8% do <span id=\"4128\" class=\"termoGlossario\" title=\"Indicador que mede a produ\u00e7\u00e3o total de bens e servi\u00e7os finais de um pa\u00eds, levando em conta tr\u00eas grupos principais: (1) agropecu\u00e1ria, abrangendo agricultura extrativa vegetal e pecu\u00e1ria; (2) ind\u00fastria, que engloba as \u00e1reas de extra\u00e7\u00e3o mineral, de transforma\u00e7\u00e3o, de servi\u00e7os industriais de utilidade p\u00fablica e de constru\u00e7\u00e3o civil; e (3) servi\u00e7os, que incluem com\u00e9rcio, transporte, comunica\u00e7\u00e3o, servi\u00e7os da administra\u00e7\u00e3o p\u00fablica e outros. A partir de uma compara\u00e7\u00e3o entre a produ\u00e7\u00e3o de um ano e do anterior, encontra-se a varia\u00e7\u00e3o anual do PIB.\" contenteditable=\"false\" data-toggle=\"tooltip\" data-placement=\"top\">PIB<\/span>. No tocante ao emprego, o setor gera 93 mil vagas de emprego formal e 112 mil vagas informais.<\/p>\n<p>&#8220;As atividades do setor de eventos t\u00eam natureza eventual e sazonal, o que n\u00e3o se enquadra nos modelos tradicionais de contrata\u00e7\u00e3o por CLT&#8221;, argumenta Daniel Agrobom. &#8220;Precisamos dar uma resposta que atenda aos anseios da popula\u00e7\u00e3o de ingressar no setor formal da economia para ter acesso aos benef\u00edcios previdenci\u00e1rios, fiscais e ao cr\u00e9dito.&#8221;<\/p>\n<p><strong>Pr\u00f3ximos passos<\/strong><br \/>A proposta deve ser analisada pelas comiss\u00f5es de Finan\u00e7as e Tributa\u00e7\u00e3o; e Constitui\u00e7\u00e3o e Justi\u00e7a e de Cidadania, antes de seguir para o Plen\u00e1rio.<\/p>\n<p><a href=\"https:\/\/www.camara.leg.br\/noticias\/606442-conheca-a-tramitacao-de-projetos-de-lei-complementar\/\">Conhe\u00e7a a tramita\u00e7\u00e3o de projetos de lei complementar<\/a><\/p>\n<p style=\"font-size: 0.8rem; font-weight: 700;\">Reportagem &#8211; Francisco Brand\u00e3o<br \/>Edi\u00e7\u00e3o &#8211; Ge\u00f3rgia Moraes<\/p>\n<\/p><\/div>\n<p><br \/>\n<br \/><a href=\"https:\/\/www.camara.leg.br\/noticias\/1198064-comissao-aprova-enquadramento-no-mei-para-21-categorias-de-profissionais-de-eventos\/\">postagem original <\/a><\/p>\n","protected":false},"excerpt":{"rendered":"<p>09\/09\/2025 &#8211; 16:36 \u00a0 Vinicius Loures\/C\u00e2mara dos Deputados Agrobom: &#8220;Setor de eventos tem natureza eventual e n\u00e3o se enquadra na [&hellip;]<\/p>\n","protected":false},"author":1,"featured_media":3121,"comment_status":"open","ping_status":"open","sticky":false,"template":"","format":"standard","meta":{"site-sidebar-layout":"default","site-content-layout":"","ast-site-content-layout":"default","site-content-style":"default","site-sidebar-style":"default","ast-global-header-display":"","ast-banner-title-visibility":"","ast-main-header-display":"","ast-hfb-above-header-display":"","ast-hfb-below-header-display":"","ast-hfb-mobile-header-display":"","site-post-title":"","ast-breadcrumbs-content":"","ast-featured-img":"","footer-sml-layout":"","theme-transparent-header-meta":"","adv-header-id-meta":"","stick-header-meta":"","header-above-stick-meta":"","header-main-stick-meta":"","header-below-stick-meta":"","astra-migrate-meta-layouts":"default","ast-page-background-enabled":"default","ast-page-background-meta":{"desktop":{"background-color":"var(--ast-global-color-5)","background-image":"","background-repeat":"repeat","background-position":"center center","background-size":"auto","background-attachment":"scroll","background-type":"","background-media":"","overlay-type":"","overlay-color":"","overlay-opacity":"","overlay-gradient":""},"tablet":{"background-color":"","background-image":"","background-repeat":"repeat","background-position":"center center","background-size":"auto","background-attachment":"scroll","background-type":"","background-media":"","overlay-type":"","overlay-color":"","overlay-opacity":"","overlay-gradient":""},"mobile":{"background-color":"","background-image":"","background-repeat":"repeat","background-position":"center center","background-size":"auto","background-attachment":"scroll","background-type":"","background-media":"","overlay-type":"","overlay-color":"","overlay-opacity":"","overlay-gradient":""}},"ast-content-background-meta":{"desktop":{"background-color":"var(--ast-global-color-4)","background-image":"","background-repeat":"repeat","background-position":"center center","background-size":"auto","background-attachment":"scroll","background-type":"","background-media":"","overlay-type":"","overlay-color":"","overlay-opacity":"","overlay-gradient":""},"tablet":{"background-color":"var(--ast-global-color-4)","background-image":"","background-repeat":"repeat","background-position":"center center","background-size":"auto","background-attachment":"scroll","background-type":"","background-media":"","overlay-type":"","overlay-color":"","overlay-opacity":"","overlay-gradient":""},"mobile":{"background-color":"var(--ast-global-color-4)","background-image":"","background-repeat":"repeat","background-position":"center center","background-size":"auto","background-attachment":"scroll","background-type":"","background-media":"","overlay-type":"","overlay-color":"","overlay-opacity":"","overlay-gradient":""}},"_joinchat":[],"footnotes":""},"categories":[34],"tags":[],"_links":{"self":[{"href":"https:\/\/radiosantaclara.sitetopfm.com.br\/site\/wp-json\/wp\/v2\/posts\/3120"}],"collection":[{"href":"https:\/\/radiosantaclara.sitetopfm.com.br\/site\/wp-json\/wp\/v2\/posts"}],"about":[{"href":"https:\/\/radiosantaclara.sitetopfm.com.br\/site\/wp-json\/wp\/v2\/types\/post"}],"author":[{"embeddable":true,"href":"https:\/\/radiosantaclara.sitetopfm.com.br\/site\/wp-json\/wp\/v2\/users\/1"}],"replies":[{"embeddable":true,"href":"https:\/\/radiosantaclara.sitetopfm.com.br\/site\/wp-json\/wp\/v2\/comments?post=3120"}],"version-history":[{"count":0,"href":"https:\/\/radiosantaclara.sitetopfm.com.br\/site\/wp-json\/wp\/v2\/posts\/3120\/revisions"}],"wp:featuredmedia":[{"embeddable":true,"href":"https:\/\/radiosantaclara.sitetopfm.com.br\/site\/wp-json\/wp\/v2\/media\/3121"}],"wp:attachment":[{"href":"https:\/\/radiosantaclara.sitetopfm.com.br\/site\/wp-json\/wp\/v2\/media?parent=3120"}],"wp:term":[{"taxonomy":"category","embeddable":true,"href":"https:\/\/radiosantaclara.sitetopfm.com.br\/site\/wp-json\/wp\/v2\/categories?post=3120"},{"taxonomy":"post_tag","embeddable":true,"href":"https:\/\/radiosantaclara.sitetopfm.com.br\/site\/wp-json\/wp\/v2\/tags?post=3120"}],"curies":[{"name":"wp","href":"https:\/\/api.w.org\/{rel}","templated":true}]}}