{"id":3094,"date":"2025-09-09T13:13:18","date_gmt":"2025-09-09T16:13:18","guid":{"rendered":"https:\/\/radiosantaclara.sitetopfm.com.br\/site\/comissao-da-mulher-elege-vencedoras-do-diploma-mulher-cidada-carlota-pereira-de-queiros-2025-noticias\/"},"modified":"2025-09-09T13:13:18","modified_gmt":"2025-09-09T16:13:18","slug":"comissao-da-mulher-elege-vencedoras-do-diploma-mulher-cidada-carlota-pereira-de-queiros-2025-noticias","status":"publish","type":"post","link":"https:\/\/radiosantaclara.sitetopfm.com.br\/site\/comissao-da-mulher-elege-vencedoras-do-diploma-mulher-cidada-carlota-pereira-de-queiros-2025-noticias\/","title":{"rendered":"Comiss\u00e3o da Mulher elege vencedoras do Diploma Mulher-Cidad\u00e3 Carlota Pereira de Queir\u00f3s 2025 &#8211; Not\u00edcias"},"content":{"rendered":"<p> <br \/>\n<\/p>\n<div>\n<div>\n<p class=\"g-artigo__data-hora\">\n                      09\/09\/2025 &#8211; 13:03 \u00a0\n                    <\/p>\n<div id=\"image-container-1009435\" class=\"image-container\" style=\"float: none; margin: 45px 0px; width: 100%;\" data-midia=\"1009435\">\n<p><em>Comiss\u00e3o dos Direitos da Mulher <\/em><\/p>\n<p>Carlota Pereira de Queir\u00f3s<\/p>\n<\/p><\/div>\n<p>A Comiss\u00e3o de Defesa dos Direitos da Mulher da C\u00e2mara dos Deputados elege nesta quarta- feira (10) as vencedoras do Diploma Mulher-Cidad\u00e3 Carlota Pereira de Queir\u00f3s 2025. O diploma homenageia mulheres que contribu\u00edram para o exerc\u00edcio da cidadania, a defesa dos direitos femininos e as quest\u00f5es de g\u00eanero no Brasil.<\/p>\n<p>A escolha ser\u00e1 feita \u00e0s 13h30, no plen\u00e1rio 14.<\/p>\n<p>A entrega dos diplomas est\u00e1 marcada para 29 de outubro, em sess\u00e3o solene da C\u00e2mara dos Deputados.<\/p>\n<p><strong>Quem foi Carlota Pereira de Queir\u00f3s<\/strong><br \/>Carlota Pereira de Queir\u00f3s (1892-1982) foi m\u00e9dica, escritora, pedagoga e pol\u00edtica. Ela foi a primeira mulher brasileira a votar e ser eleita deputada federal na hist\u00f3ria do Brasil.<\/p>\n<p>Eleita pelo estado de S\u00e3o Paulo em 1934, Carlota Queir\u00f3s participou da Assembleia Nacional Constituinte, entre 1934 e 1935, fazendo com que a voz feminina fosse ouvida no Congresso Nacional.<\/p>\n<p>O foco de seu mandato foi a defesa da mulher e das crian\u00e7as. Ocupou seu cargo at\u00e9 o golpe de 1937, quando Get\u00falio Vargas fechou o Congresso.<\/p>\n<p style=\"font-size: 0.8rem; font-weight: 700;\">Da Assessoria de Imprensa &#8211; ND<\/p>\n<\/p><\/div>\n<\/p><\/div>\n<p><br \/>\n<br \/><a href=\"https:\/\/www.camara.leg.br\/noticias\/1198006-comissao-da-mulher-elege-vencedoras-do-diploma-mulher-cidada-carlota-pereira-de-queiros-2025\/\">postagem original <\/a><\/p>\n","protected":false},"excerpt":{"rendered":"<p>09\/09\/2025 &#8211; 13:03 \u00a0 Comiss\u00e3o dos Direitos da Mulher Carlota Pereira de Queir\u00f3s A Comiss\u00e3o de Defesa dos Direitos da [&hellip;]<\/p>\n","protected":false},"author":1,"featured_media":3095,"comment_status":"open","ping_status":"open","sticky":false,"template":"","format":"standard","meta":{"site-sidebar-layout":"default","site-content-layout":"","ast-site-content-layout":"default","site-content-style":"default","site-sidebar-style":"default","ast-global-header-display":"","ast-banner-title-visibility":"","ast-main-header-display":"","ast-hfb-above-header-display":"","ast-hfb-below-header-display":"","ast-hfb-mobile-header-display":"","site-post-title":"","ast-breadcrumbs-content":"","ast-featured-img":"","footer-sml-layout":"","theme-transparent-header-meta":"","adv-header-id-meta":"","stick-header-meta":"","header-above-stick-meta":"","header-main-stick-meta":"","header-below-stick-meta":"","astra-migrate-meta-layouts":"default","ast-page-background-enabled":"default","ast-page-background-meta":{"desktop":{"background-color":"var(--ast-global-color-5)","background-image":"","background-repeat":"repeat","background-position":"center center","background-size":"auto","background-attachment":"scroll","background-type":"","background-media":"","overlay-type":"","overlay-color":"","overlay-opacity":"","overlay-gradient":""},"tablet":{"background-color":"","background-image":"","background-repeat":"repeat","background-position":"center center","background-size":"auto","background-attachment":"scroll","background-type":"","background-media":"","overlay-type":"","overlay-color":"","overlay-opacity":"","overlay-gradient":""},"mobile":{"background-color":"","background-image":"","background-repeat":"repeat","background-position":"center center","background-size":"auto","background-attachment":"scroll","background-type":"","background-media":"","overlay-type":"","overlay-color":"","overlay-opacity":"","overlay-gradient":""}},"ast-content-background-meta":{"desktop":{"background-color":"var(--ast-global-color-4)","background-image":"","background-repeat":"repeat","background-position":"center center","background-size":"auto","background-attachment":"scroll","background-type":"","background-media":"","overlay-type":"","overlay-color":"","overlay-opacity":"","overlay-gradient":""},"tablet":{"background-color":"var(--ast-global-color-4)","background-image":"","background-repeat":"repeat","background-position":"center center","background-size":"auto","background-attachment":"scroll","background-type":"","background-media":"","overlay-type":"","overlay-color":"","overlay-opacity":"","overlay-gradient":""},"mobile":{"background-color":"var(--ast-global-color-4)","background-image":"","background-repeat":"repeat","background-position":"center center","background-size":"auto","background-attachment":"scroll","background-type":"","background-media":"","overlay-type":"","overlay-color":"","overlay-opacity":"","overlay-gradient":""}},"_joinchat":[],"footnotes":""},"categories":[36],"tags":[],"_links":{"self":[{"href":"https:\/\/radiosantaclara.sitetopfm.com.br\/site\/wp-json\/wp\/v2\/posts\/3094"}],"collection":[{"href":"https:\/\/radiosantaclara.sitetopfm.com.br\/site\/wp-json\/wp\/v2\/posts"}],"about":[{"href":"https:\/\/radiosantaclara.sitetopfm.com.br\/site\/wp-json\/wp\/v2\/types\/post"}],"author":[{"embeddable":true,"href":"https:\/\/radiosantaclara.sitetopfm.com.br\/site\/wp-json\/wp\/v2\/users\/1"}],"replies":[{"embeddable":true,"href":"https:\/\/radiosantaclara.sitetopfm.com.br\/site\/wp-json\/wp\/v2\/comments?post=3094"}],"version-history":[{"count":0,"href":"https:\/\/radiosantaclara.sitetopfm.com.br\/site\/wp-json\/wp\/v2\/posts\/3094\/revisions"}],"wp:featuredmedia":[{"embeddable":true,"href":"https:\/\/radiosantaclara.sitetopfm.com.br\/site\/wp-json\/wp\/v2\/media\/3095"}],"wp:attachment":[{"href":"https:\/\/radiosantaclara.sitetopfm.com.br\/site\/wp-json\/wp\/v2\/media?parent=3094"}],"wp:term":[{"taxonomy":"category","embeddable":true,"href":"https:\/\/radiosantaclara.sitetopfm.com.br\/site\/wp-json\/wp\/v2\/categories?post=3094"},{"taxonomy":"post_tag","embeddable":true,"href":"https:\/\/radiosantaclara.sitetopfm.com.br\/site\/wp-json\/wp\/v2\/tags?post=3094"}],"curies":[{"name":"wp","href":"https:\/\/api.w.org\/{rel}","templated":true}]}}