{"id":3092,"date":"2025-09-09T12:56:49","date_gmt":"2025-09-09T15:56:49","guid":{"rendered":"https:\/\/radiosantaclara.sitetopfm.com.br\/site\/comissao-aprova-meia-entrada-para-profissionais-da-educacao-basica-em-todo-o-pais-noticias\/"},"modified":"2025-09-09T12:56:49","modified_gmt":"2025-09-09T15:56:49","slug":"comissao-aprova-meia-entrada-para-profissionais-da-educacao-basica-em-todo-o-pais-noticias","status":"publish","type":"post","link":"https:\/\/radiosantaclara.sitetopfm.com.br\/site\/comissao-aprova-meia-entrada-para-profissionais-da-educacao-basica-em-todo-o-pais-noticias\/","title":{"rendered":"Comiss\u00e3o aprova meia-entrada para profissionais da educa\u00e7\u00e3o b\u00e1sica em todo o pa\u00eds &#8211; Not\u00edcias"},"content":{"rendered":"<p> <br \/>\n<\/p>\n<div>\n<div>\n<p class=\"g-artigo__data-hora\">\n                      09\/09\/2025 &#8211; 11:45 \u00a0\n                    <\/p>\n<div id=\"image-container-1198043\" class=\"image-container\" style=\"float: none; margin: 45px 0px; width: 100%;\" data-midia=\"1198043\">\n<p><em>Renato Ara\u00fajo\/C\u00e2mara dos Deputados<\/em><\/p>\n<p>\u00c1tila Lira estendeu o benef\u00edcio a todos os trabalhadores da educa\u00e7\u00e3o b\u00e1sica<\/p>\n<\/p><\/div>\n<p>A Comiss\u00e3o de Educa\u00e7\u00e3o da C\u00e2mara dos Deputados aprovou projeto de lei que inclui os professores e demais profissionais da educa\u00e7\u00e3o b\u00e1sica (ensinos infantil, fundamental e m\u00e9dio), das redes p\u00fablica e privada de todo o pa\u00eds, entre os benefici\u00e1rios da meia-entrada em espet\u00e1culos art\u00edsticos, culturais e esportivos. A legisla\u00e7\u00e3o atual prev\u00ea o benef\u00edcio somente para docentes da rede p\u00fablica e de alguns estados e cidades.<\/p>\n<p>O texto aprovado \u00e9 uma subemenda do relator, deputado \u00c1tila Lira (PP-PI), ao <a href=\"https:\/\/www.camara.leg.br\/noticias\/1127411-COMISSAO-APROVA-PROJETO-QUE-CONCEDE-MEIA-ENTRADA-PARA-PROFESSORES-DA-EDUCACAO-BASICA-EM-TODO-O-BRASIL\">substitutivo da Comiss\u00e3o de Ind\u00fastria, Com\u00e9rcio e Servi\u00e7os<\/a> ao PL 1556\/19, do deputado Edil\u00e1zio J\u00fanior (PSD-MA), e <span id=\"4069\" class=\"termoGlossario\" title=\"Projeto que tramita em conjunto com outro que trate de mat\u00e9ria semelhante. O relator deve analisar todas as proposi\u00e7\u00f5es apensadas, que dever\u00e3o constar do seu parecer.\" contenteditable=\"false\" data-toggle=\"tooltip\" data-placement=\"top\">apensados<\/span>.<\/p>\n<p>O <span id=\"4098\" class=\"termoGlossario\" title=\"Nome que se d\u00e1 ao texto que altera substancialmente o conte\u00fado original da proposta. O substitutivo \u00e9 apresentado pelo relator e tem prefer\u00eancia na vota\u00e7\u00e3o sobre o projeto original.\" contenteditable=\"false\" data-toggle=\"tooltip\" data-placement=\"top\">substitutivo<\/span> previa meia-entrada apenas para os professores da educa\u00e7\u00e3o b\u00e1sica das redes p\u00fablica e privada. \u00c1tila Lira estendeu o benef\u00edcio aos demais profissionais da educa\u00e7\u00e3o em efetivo exerc\u00edcio. &#8220;Esses trabalhadores s\u00e3o fundamentais para o desenvolvimento e a qualidade da educa\u00e7\u00e3o do nosso pa\u00eds, mas costumam ser esquecidos na formula\u00e7\u00e3o de pol\u00edticas p\u00fablicas&#8221;, disse o relator.<\/p>\n<p>Lira acrescentou que o acesso facilitado a eventos culturais, esportivos e de lazer enriquecer\u00e1 a forma\u00e7\u00e3o e o repert\u00f3rio dos profissionais da educa\u00e7\u00e3o.<\/p>\n<p><strong>Comprovante<\/strong><br \/>Para ter direito \u00e0 meia-entrada, docentes e demais profissionais dever\u00e3o apresentar, no momento da compra do ingresso e na entrada do evento, carteira funcional emitida pelas institui\u00e7\u00f5es de ensino.<\/p>\n<p><strong>Pr\u00f3ximos passos<\/strong><br \/>A proposta ainda ser\u00e1 analisada, em <span id=\"4322\" class=\"termoGlossario\" title=\"Rito de tramita\u00e7\u00e3o pelo qual o projeto \u00e9 votado apenas pelas comiss\u00f5es designadas para analis\u00e1-lo, dispensada a delibera\u00e7\u00e3o do Plen\u00e1rio. O projeto perde o car\u00e1ter conclusivo se houver decis\u00e3o divergente entre as comiss\u00f5es ou se, independentemente de ser aprovado ou rejeitado, houver recurso assinado por 52 deputados para a aprecia\u00e7\u00e3o da mat\u00e9ria no Plen\u00e1rio.\" contenteditable=\"false\" data-toggle=\"tooltip\" data-placement=\"top\">car\u00e1ter conclusivo<\/span>, pelas comiss\u00f5es de Finan\u00e7as e Tributa\u00e7\u00e3o; e de Constitui\u00e7\u00e3o e Justi\u00e7a e de Cidadania. Para virar lei, precisa ser aprovada pela C\u00e2mara e pelo Senado.<\/p>\n<p style=\"font-size: 0.8rem; font-weight: 700;\">Reportagem \u2013 Francisco Brand\u00e3o<br \/>Edi\u00e7\u00e3o \u2013 Marcelo Oliveira<\/p>\n<\/p><\/div>\n<\/p><\/div>\n<p><br \/>\n<br \/><a href=\"https:\/\/www.camara.leg.br\/noticias\/1197638-comissao-aprova-meia-entrada-para-profissionais-da-educacao-basica-em-todo-o-pais\/\">postagem original <\/a><\/p>\n","protected":false},"excerpt":{"rendered":"<p>09\/09\/2025 &#8211; 11:45 \u00a0 Renato Ara\u00fajo\/C\u00e2mara dos Deputados \u00c1tila Lira estendeu o benef\u00edcio a todos os trabalhadores da educa\u00e7\u00e3o b\u00e1sica [&hellip;]<\/p>\n","protected":false},"author":1,"featured_media":3093,"comment_status":"open","ping_status":"open","sticky":false,"template":"","format":"standard","meta":{"site-sidebar-layout":"default","site-content-layout":"","ast-site-content-layout":"default","site-content-style":"default","site-sidebar-style":"default","ast-global-header-display":"","ast-banner-title-visibility":"","ast-main-header-display":"","ast-hfb-above-header-display":"","ast-hfb-below-header-display":"","ast-hfb-mobile-header-display":"","site-post-title":"","ast-breadcrumbs-content":"","ast-featured-img":"","footer-sml-layout":"","theme-transparent-header-meta":"","adv-header-id-meta":"","stick-header-meta":"","header-above-stick-meta":"","header-main-stick-meta":"","header-below-stick-meta":"","astra-migrate-meta-layouts":"default","ast-page-background-enabled":"default","ast-page-background-meta":{"desktop":{"background-color":"var(--ast-global-color-5)","background-image":"","background-repeat":"repeat","background-position":"center center","background-size":"auto","background-attachment":"scroll","background-type":"","background-media":"","overlay-type":"","overlay-color":"","overlay-opacity":"","overlay-gradient":""},"tablet":{"background-color":"","background-image":"","background-repeat":"repeat","background-position":"center center","background-size":"auto","background-attachment":"scroll","background-type":"","background-media":"","overlay-type":"","overlay-color":"","overlay-opacity":"","overlay-gradient":""},"mobile":{"background-color":"","background-image":"","background-repeat":"repeat","background-position":"center center","background-size":"auto","background-attachment":"scroll","background-type":"","background-media":"","overlay-type":"","overlay-color":"","overlay-opacity":"","overlay-gradient":""}},"ast-content-background-meta":{"desktop":{"background-color":"var(--ast-global-color-4)","background-image":"","background-repeat":"repeat","background-position":"center center","background-size":"auto","background-attachment":"scroll","background-type":"","background-media":"","overlay-type":"","overlay-color":"","overlay-opacity":"","overlay-gradient":""},"tablet":{"background-color":"var(--ast-global-color-4)","background-image":"","background-repeat":"repeat","background-position":"center center","background-size":"auto","background-attachment":"scroll","background-type":"","background-media":"","overlay-type":"","overlay-color":"","overlay-opacity":"","overlay-gradient":""},"mobile":{"background-color":"var(--ast-global-color-4)","background-image":"","background-repeat":"repeat","background-position":"center center","background-size":"auto","background-attachment":"scroll","background-type":"","background-media":"","overlay-type":"","overlay-color":"","overlay-opacity":"","overlay-gradient":""}},"_joinchat":[],"footnotes":""},"categories":[30],"tags":[],"_links":{"self":[{"href":"https:\/\/radiosantaclara.sitetopfm.com.br\/site\/wp-json\/wp\/v2\/posts\/3092"}],"collection":[{"href":"https:\/\/radiosantaclara.sitetopfm.com.br\/site\/wp-json\/wp\/v2\/posts"}],"about":[{"href":"https:\/\/radiosantaclara.sitetopfm.com.br\/site\/wp-json\/wp\/v2\/types\/post"}],"author":[{"embeddable":true,"href":"https:\/\/radiosantaclara.sitetopfm.com.br\/site\/wp-json\/wp\/v2\/users\/1"}],"replies":[{"embeddable":true,"href":"https:\/\/radiosantaclara.sitetopfm.com.br\/site\/wp-json\/wp\/v2\/comments?post=3092"}],"version-history":[{"count":0,"href":"https:\/\/radiosantaclara.sitetopfm.com.br\/site\/wp-json\/wp\/v2\/posts\/3092\/revisions"}],"wp:featuredmedia":[{"embeddable":true,"href":"https:\/\/radiosantaclara.sitetopfm.com.br\/site\/wp-json\/wp\/v2\/media\/3093"}],"wp:attachment":[{"href":"https:\/\/radiosantaclara.sitetopfm.com.br\/site\/wp-json\/wp\/v2\/media?parent=3092"}],"wp:term":[{"taxonomy":"category","embeddable":true,"href":"https:\/\/radiosantaclara.sitetopfm.com.br\/site\/wp-json\/wp\/v2\/categories?post=3092"},{"taxonomy":"post_tag","embeddable":true,"href":"https:\/\/radiosantaclara.sitetopfm.com.br\/site\/wp-json\/wp\/v2\/tags?post=3092"}],"curies":[{"name":"wp","href":"https:\/\/api.w.org\/{rel}","templated":true}]}}