{"id":3059,"date":"2025-09-09T00:20:29","date_gmt":"2025-09-09T03:20:29","guid":{"rendered":"https:\/\/radiosantaclara.sitetopfm.com.br\/site\/comissao-aprova-campanha-de-conscientizacao-sobre-doenca-canina-noticias\/"},"modified":"2025-09-09T00:20:29","modified_gmt":"2025-09-09T03:20:29","slug":"comissao-aprova-campanha-de-conscientizacao-sobre-doenca-canina-noticias","status":"publish","type":"post","link":"https:\/\/radiosantaclara.sitetopfm.com.br\/site\/comissao-aprova-campanha-de-conscientizacao-sobre-doenca-canina-noticias\/","title":{"rendered":"Comiss\u00e3o aprova campanha de conscientiza\u00e7\u00e3o sobre doen\u00e7a canina &#8211; Not\u00edcias"},"content":{"rendered":"<p> <br \/>\n<\/p>\n<div>\n<p class=\"g-artigo__data-hora\">\n                      08\/09\/2025 &#8211; 19:46 \u00a0\n                    <\/p>\n<div id=\"image-container-1197942\" class=\"image-container\" style=\"float: none; margin: 45px 0px; width: 100%;\" data-midia=\"1197942\">\n<p><em>Kayo Magalh\u00e3es\/C\u00e2mara dos Deputados<\/em><\/p>\n<p>Cezinha de Madureira, relator da proposta<\/p>\n<\/p><\/div>\n<p>A Comiss\u00e3o de Constitui\u00e7\u00e3o e Justi\u00e7a e da Cidadania (CCJ) da C\u00e2mara dos Deputados aprovou o Projeto de Lei 2348\/23, do deputado Bruno Ganem (Pode-SP), que institui campanha de conscientiza\u00e7\u00e3o sobre a cinomose canina.<\/p>\n<p>O texto tem <span id=\"4322\" class=\"termoGlossario\" title=\"Rito de tramita\u00e7\u00e3o pelo qual o projeto \u00e9 votado apenas pelas comiss\u00f5es designadas para analis\u00e1-lo, dispensada a delibera\u00e7\u00e3o do Plen\u00e1rio. O projeto perde o car\u00e1ter conclusivo se houver decis\u00e3o divergente entre as comiss\u00f5es ou se, independentemente de ser aprovado ou rejeitado, houver recurso assinado por 52 deputados para a aprecia\u00e7\u00e3o da mat\u00e9ria no Plen\u00e1rio.\" contenteditable=\"false\" data-toggle=\"tooltip\" data-placement=\"top\">car\u00e1ter conclusivo<\/span> e segue para o Senado, caso n\u00e3o haja recurso de an\u00e1lise pelo Plen\u00e1rio da C\u00e2mara.<\/p>\n<p>A cinomose canina \u00e9 uma doen\u00e7a grave, altamente contagiosa e pode levar os c\u00e3es \u00e0 morte. Ela \u00e9 causada por um v\u00edrus e atinge principalmente filhotes, que ainda n\u00e3o tomaram as vacinas para se proteger.<\/p>\n<p>A doen\u00e7a compromete, normalmente, os olhos e os sistemas respirat\u00f3rio, digestivo, gastrointestinal e neurol\u00f3gico do c\u00e3o. Entre os principais sintomas est\u00e3o febre, tosse, apatia e secre\u00e7\u00f5es ocular e nasal.<\/p>\n<p><strong>Campanha de conscientiza\u00e7\u00e3o<br \/><\/strong>A campanha prev\u00ea diretrizes como divulga\u00e7\u00e3o das formas de transmiss\u00e3o da doen\u00e7a, de sintomas mais comuns e tratamentos. Pela proposta, a iniciativa poder\u00e1 ter coopera\u00e7\u00e3o da iniciativa privada, de entidades civis ou organiza\u00e7\u00f5es profissionais ou cient\u00edficas.<\/p>\n<p>Para Ganem, a campanha \u00e9 importante para informar a popula\u00e7\u00e3o e evitar o sofrimento dos animais pela doen\u00e7a. &#8220;O objetivo essencial deste projeto \u00e9 informar a popula\u00e7\u00e3o sobre as causas mais comuns, formas de preven\u00e7\u00e3o, identifica\u00e7\u00e3o de sintomas e exist\u00eancia de tratamento&#8221;, disse.<\/p>\n<p>Segundo o relator, deputado Cezinha de Madureira (PSD-SP), a proposta est\u00e1 de acordo com a Constitui\u00e7\u00e3o, com as leis e foi escrita de forma clara e correta.<\/p>\n<p><a href=\"https:\/\/www.camara.leg.br\/noticias\/573454-SAIBA-MAIS-SOBRE-A-TRAMITACAO-DE-PROJETOS-DE-LEI\">Saiba mais sobre a tramita\u00e7\u00e3o de projetos de lei<\/a><\/p>\n<p style=\"font-size: 0.8rem; font-weight: 700;\">Reportagem \u2013 Tiago Miranda<br \/>Edi\u00e7\u00e3o \u2013 Pierre Triboli<\/p>\n<\/p><\/div>\n<p><br \/>\n<br \/><a href=\"https:\/\/www.camara.leg.br\/noticias\/1197770-comissao-aprova-campanha-de-conscientizacao-sobre-doenca-canina\/\">postagem original <\/a><\/p>\n","protected":false},"excerpt":{"rendered":"<p>08\/09\/2025 &#8211; 19:46 \u00a0 Kayo Magalh\u00e3es\/C\u00e2mara dos Deputados Cezinha de Madureira, relator da proposta A Comiss\u00e3o de Constitui\u00e7\u00e3o e Justi\u00e7a [&hellip;]<\/p>\n","protected":false},"author":1,"featured_media":3060,"comment_status":"open","ping_status":"open","sticky":false,"template":"","format":"standard","meta":{"site-sidebar-layout":"default","site-content-layout":"","ast-site-content-layout":"default","site-content-style":"default","site-sidebar-style":"default","ast-global-header-display":"","ast-banner-title-visibility":"","ast-main-header-display":"","ast-hfb-above-header-display":"","ast-hfb-below-header-display":"","ast-hfb-mobile-header-display":"","site-post-title":"","ast-breadcrumbs-content":"","ast-featured-img":"","footer-sml-layout":"","theme-transparent-header-meta":"","adv-header-id-meta":"","stick-header-meta":"","header-above-stick-meta":"","header-main-stick-meta":"","header-below-stick-meta":"","astra-migrate-meta-layouts":"default","ast-page-background-enabled":"default","ast-page-background-meta":{"desktop":{"background-color":"var(--ast-global-color-5)","background-image":"","background-repeat":"repeat","background-position":"center center","background-size":"auto","background-attachment":"scroll","background-type":"","background-media":"","overlay-type":"","overlay-color":"","overlay-opacity":"","overlay-gradient":""},"tablet":{"background-color":"","background-image":"","background-repeat":"repeat","background-position":"center center","background-size":"auto","background-attachment":"scroll","background-type":"","background-media":"","overlay-type":"","overlay-color":"","overlay-opacity":"","overlay-gradient":""},"mobile":{"background-color":"","background-image":"","background-repeat":"repeat","background-position":"center center","background-size":"auto","background-attachment":"scroll","background-type":"","background-media":"","overlay-type":"","overlay-color":"","overlay-opacity":"","overlay-gradient":""}},"ast-content-background-meta":{"desktop":{"background-color":"var(--ast-global-color-4)","background-image":"","background-repeat":"repeat","background-position":"center center","background-size":"auto","background-attachment":"scroll","background-type":"","background-media":"","overlay-type":"","overlay-color":"","overlay-opacity":"","overlay-gradient":""},"tablet":{"background-color":"var(--ast-global-color-4)","background-image":"","background-repeat":"repeat","background-position":"center center","background-size":"auto","background-attachment":"scroll","background-type":"","background-media":"","overlay-type":"","overlay-color":"","overlay-opacity":"","overlay-gradient":""},"mobile":{"background-color":"var(--ast-global-color-4)","background-image":"","background-repeat":"repeat","background-position":"center center","background-size":"auto","background-attachment":"scroll","background-type":"","background-media":"","overlay-type":"","overlay-color":"","overlay-opacity":"","overlay-gradient":""}},"_joinchat":[],"footnotes":""},"categories":[36],"tags":[],"_links":{"self":[{"href":"https:\/\/radiosantaclara.sitetopfm.com.br\/site\/wp-json\/wp\/v2\/posts\/3059"}],"collection":[{"href":"https:\/\/radiosantaclara.sitetopfm.com.br\/site\/wp-json\/wp\/v2\/posts"}],"about":[{"href":"https:\/\/radiosantaclara.sitetopfm.com.br\/site\/wp-json\/wp\/v2\/types\/post"}],"author":[{"embeddable":true,"href":"https:\/\/radiosantaclara.sitetopfm.com.br\/site\/wp-json\/wp\/v2\/users\/1"}],"replies":[{"embeddable":true,"href":"https:\/\/radiosantaclara.sitetopfm.com.br\/site\/wp-json\/wp\/v2\/comments?post=3059"}],"version-history":[{"count":0,"href":"https:\/\/radiosantaclara.sitetopfm.com.br\/site\/wp-json\/wp\/v2\/posts\/3059\/revisions"}],"wp:featuredmedia":[{"embeddable":true,"href":"https:\/\/radiosantaclara.sitetopfm.com.br\/site\/wp-json\/wp\/v2\/media\/3060"}],"wp:attachment":[{"href":"https:\/\/radiosantaclara.sitetopfm.com.br\/site\/wp-json\/wp\/v2\/media?parent=3059"}],"wp:term":[{"taxonomy":"category","embeddable":true,"href":"https:\/\/radiosantaclara.sitetopfm.com.br\/site\/wp-json\/wp\/v2\/categories?post=3059"},{"taxonomy":"post_tag","embeddable":true,"href":"https:\/\/radiosantaclara.sitetopfm.com.br\/site\/wp-json\/wp\/v2\/tags?post=3059"}],"curies":[{"name":"wp","href":"https:\/\/api.w.org\/{rel}","templated":true}]}}