{"id":3057,"date":"2025-09-08T23:38:50","date_gmt":"2025-09-09T02:38:50","guid":{"rendered":"https:\/\/radiosantaclara.sitetopfm.com.br\/site\/comissao-debate-protecao-do-consumidor-contra-cargas-roubadas-noticias\/"},"modified":"2025-09-08T23:38:50","modified_gmt":"2025-09-09T02:38:50","slug":"comissao-debate-protecao-do-consumidor-contra-cargas-roubadas-noticias","status":"publish","type":"post","link":"https:\/\/radiosantaclara.sitetopfm.com.br\/site\/comissao-debate-protecao-do-consumidor-contra-cargas-roubadas-noticias\/","title":{"rendered":"Comiss\u00e3o debate prote\u00e7\u00e3o do consumidor contra cargas roubadas &#8211; Not\u00edcias"},"content":{"rendered":"<p> <br \/>\n<\/p>\n<div>\n<p class=\"g-artigo__data-hora\">\n                      08\/09\/2025 &#8211; 09:16 \u00a0\n                    <\/p>\n<div id=\"image-container-1197524\" class=\"image-container\" style=\"float: none; margin: 45px 0px; width: 100%;\" data-midia=\"1197524\">\n<p><em>GettyImages<\/em><\/p>\n<p>\u00c9 preciso proteger o consumidor quanto \u00e0 origem dos produtos oferecidos no com\u00e9rcio<\/p>\n<\/p><\/div>\n<p>A Comiss\u00e3o de Via\u00e7\u00e3o e Transportes da C\u00e2mara dos Deputados realiza, nesta quarta-feira (10), audi\u00eancia p\u00fablica sobre a prote\u00e7\u00e3o do consumidor contra a recepta\u00e7\u00e3o de cargas roubadas.<\/p>\n<p>O debate foi solicitado pelo deputado Mauricio Neves (PP-SP) e ser\u00e1 \u00e0s 10 horas, no plen\u00e1rio 11.<\/p>\n<p>Segundo o parlamentar, o objetivo \u00e9 discutir uma nova abordagem para enfrentar o roubo de cargas no Pa\u00eds, que afeta n\u00e3o apenas caminhoneiros e empresas de transporte, mas tamb\u00e9m consumidores, a ordem econ\u00f4mica, a livre concorr\u00eancia e a forma\u00e7\u00e3o de pre\u00e7os.<\/p>\n<p><strong>N\u00fameros<\/strong><br \/>Entre janeiro e setembro de 2024, o Sistema Nacional de Informa\u00e7\u00f5es de Seguran\u00e7a P\u00fablica (Sinesp) registrou 7.244 roubos de carga no Brasil \u2014 m\u00e9dia de 27 por dia, mais de um por hora.<\/p>\n<p>A regi\u00e3o Sudeste concentrou cerca de 70% dos casos, com destaque para S\u00e3o Paulo, Rio de Janeiro e Minas Gerais. Tamb\u00e9m houve grande n\u00famero de ocorr\u00eancias no Paran\u00e1, Rio Grande do Sul e Goi\u00e1s.<\/p>\n<p><strong>Enfrentamento conjunto<\/strong><br \/>De acordo com o deputado, o enfrentamento ao problema deve envolver o Sistema Nacional de Defesa do Consumidor (SNDC), que re\u00fane Procons, Minist\u00e9rio P\u00fablico, Defensoria P\u00fablica, delegacias especializadas, juizados e entidades civis.<\/p>\n<p>\u201cO que se pretende agora \u00e9 instrumentalizar o Estado mediante uma nova perspectiva, n\u00e3o mais focada apenas no aumento de penas, mas na necessidade de proteger o consumidor quanto \u00e0 origem dos produtos ofertados no com\u00e9rcio&#8221;, explicou Neves.<\/p>\n<p>Segundo o deputado, hoje h\u00e1 um enorme mercado il\u00edcito j\u00e1 organizado em todo o pa\u00eds. &#8220;[Para isso existir], precisa de uma grande rede de recepta\u00e7\u00e3o de produtos roubados\u201d, refor\u00e7ou.<\/p>\n<p style=\"font-size: 0.8rem; font-weight: 700;\">Da Reda\u00e7\u00e3o &#8211; ND<\/p>\n<\/p><\/div>\n<p><br \/>\n<br \/><a href=\"https:\/\/www.camara.leg.br\/noticias\/1197223-comissao-debate-protecao-do-consumidor-contra-cargas-roubadas\/\">postagem original <\/a><\/p>\n","protected":false},"excerpt":{"rendered":"<p>08\/09\/2025 &#8211; 09:16 \u00a0 GettyImages \u00c9 preciso proteger o consumidor quanto \u00e0 origem dos produtos oferecidos no com\u00e9rcio A Comiss\u00e3o [&hellip;]<\/p>\n","protected":false},"author":1,"featured_media":3058,"comment_status":"open","ping_status":"open","sticky":false,"template":"","format":"standard","meta":{"site-sidebar-layout":"default","site-content-layout":"","ast-site-content-layout":"default","site-content-style":"default","site-sidebar-style":"default","ast-global-header-display":"","ast-banner-title-visibility":"","ast-main-header-display":"","ast-hfb-above-header-display":"","ast-hfb-below-header-display":"","ast-hfb-mobile-header-display":"","site-post-title":"","ast-breadcrumbs-content":"","ast-featured-img":"","footer-sml-layout":"","theme-transparent-header-meta":"","adv-header-id-meta":"","stick-header-meta":"","header-above-stick-meta":"","header-main-stick-meta":"","header-below-stick-meta":"","astra-migrate-meta-layouts":"default","ast-page-background-enabled":"default","ast-page-background-meta":{"desktop":{"background-color":"var(--ast-global-color-5)","background-image":"","background-repeat":"repeat","background-position":"center center","background-size":"auto","background-attachment":"scroll","background-type":"","background-media":"","overlay-type":"","overlay-color":"","overlay-opacity":"","overlay-gradient":""},"tablet":{"background-color":"","background-image":"","background-repeat":"repeat","background-position":"center center","background-size":"auto","background-attachment":"scroll","background-type":"","background-media":"","overlay-type":"","overlay-color":"","overlay-opacity":"","overlay-gradient":""},"mobile":{"background-color":"","background-image":"","background-repeat":"repeat","background-position":"center center","background-size":"auto","background-attachment":"scroll","background-type":"","background-media":"","overlay-type":"","overlay-color":"","overlay-opacity":"","overlay-gradient":""}},"ast-content-background-meta":{"desktop":{"background-color":"var(--ast-global-color-4)","background-image":"","background-repeat":"repeat","background-position":"center center","background-size":"auto","background-attachment":"scroll","background-type":"","background-media":"","overlay-type":"","overlay-color":"","overlay-opacity":"","overlay-gradient":""},"tablet":{"background-color":"var(--ast-global-color-4)","background-image":"","background-repeat":"repeat","background-position":"center center","background-size":"auto","background-attachment":"scroll","background-type":"","background-media":"","overlay-type":"","overlay-color":"","overlay-opacity":"","overlay-gradient":""},"mobile":{"background-color":"var(--ast-global-color-4)","background-image":"","background-repeat":"repeat","background-position":"center center","background-size":"auto","background-attachment":"scroll","background-type":"","background-media":"","overlay-type":"","overlay-color":"","overlay-opacity":"","overlay-gradient":""}},"_joinchat":[],"footnotes":""},"categories":[37],"tags":[],"_links":{"self":[{"href":"https:\/\/radiosantaclara.sitetopfm.com.br\/site\/wp-json\/wp\/v2\/posts\/3057"}],"collection":[{"href":"https:\/\/radiosantaclara.sitetopfm.com.br\/site\/wp-json\/wp\/v2\/posts"}],"about":[{"href":"https:\/\/radiosantaclara.sitetopfm.com.br\/site\/wp-json\/wp\/v2\/types\/post"}],"author":[{"embeddable":true,"href":"https:\/\/radiosantaclara.sitetopfm.com.br\/site\/wp-json\/wp\/v2\/users\/1"}],"replies":[{"embeddable":true,"href":"https:\/\/radiosantaclara.sitetopfm.com.br\/site\/wp-json\/wp\/v2\/comments?post=3057"}],"version-history":[{"count":0,"href":"https:\/\/radiosantaclara.sitetopfm.com.br\/site\/wp-json\/wp\/v2\/posts\/3057\/revisions"}],"wp:featuredmedia":[{"embeddable":true,"href":"https:\/\/radiosantaclara.sitetopfm.com.br\/site\/wp-json\/wp\/v2\/media\/3058"}],"wp:attachment":[{"href":"https:\/\/radiosantaclara.sitetopfm.com.br\/site\/wp-json\/wp\/v2\/media?parent=3057"}],"wp:term":[{"taxonomy":"category","embeddable":true,"href":"https:\/\/radiosantaclara.sitetopfm.com.br\/site\/wp-json\/wp\/v2\/categories?post=3057"},{"taxonomy":"post_tag","embeddable":true,"href":"https:\/\/radiosantaclara.sitetopfm.com.br\/site\/wp-json\/wp\/v2\/tags?post=3057"}],"curies":[{"name":"wp","href":"https:\/\/api.w.org\/{rel}","templated":true}]}}