{"id":2817,"date":"2025-09-05T14:35:07","date_gmt":"2025-09-05T17:35:07","guid":{"rendered":"https:\/\/bregatop.sitetopfm.com.br\/site\/comissao-aprova-proibicao-de-condenado-por-crime-contra-idoso-atuar-em-entidade-de-assistencia-a-esse-publico-noticias\/"},"modified":"2025-09-05T14:35:07","modified_gmt":"2025-09-05T17:35:07","slug":"comissao-aprova-proibicao-de-condenado-por-crime-contra-idoso-atuar-em-entidade-de-assistencia-a-esse-publico-noticias","status":"publish","type":"post","link":"https:\/\/radiosantaclara.sitetopfm.com.br\/site\/comissao-aprova-proibicao-de-condenado-por-crime-contra-idoso-atuar-em-entidade-de-assistencia-a-esse-publico-noticias\/","title":{"rendered":"Comiss\u00e3o aprova proibi\u00e7\u00e3o de condenado por crime contra idoso atuar em entidade de assist\u00eancia a esse p\u00fablico &#8211; Not\u00edcias"},"content":{"rendered":"<p> <br \/>\n<\/p>\n<div>\n<div>\n<p class=\"g-artigo__data-hora\">\n                      05\/09\/2025 &#8211; 14:11 \u00a0\n                    <\/p>\n<div id=\"image-container-1197353\" class=\"image-container\" style=\"float: none; margin: 45px 0px; width: 100%;\" data-midia=\"1197353\">\n<p><em>Kayo Magalh\u00e3es \/ C\u00e2mara dos Deputados<\/em><\/p>\n<p>Cleber Verde \u00e9 o relator do projeto<\/p>\n<\/p><\/div>\n<p>A Comiss\u00e3o de Defesa dos Direitos da Pessoa Idosa da C\u00e2mara dos Deputados aprovou projeto de lei que pro\u00edbe a participa\u00e7\u00e3o de pessoas condenadas por crimes previstos no <a href=\"https:\/\/www2.camara.leg.br\/legin\/fed\/lei\/2003\/lei-10741-1-outubro-2003-497511-norma-pl.html\">Estatuto da Pessoa Idosa<\/a> na gest\u00e3o de entidades de assist\u00eancia \u00e0 pessoa idosa, como institui\u00e7\u00f5es de longa perman\u00eancia para idosos (ILPIs) e casas-lar.<\/p>\n<p>Essas pessoas n\u00e3o poder\u00e3o ser nomeadas, eleitas, contratadas ou permanecer em entidades dessa natureza, mesmo ap\u00f3s o cumprimento total da pena.<\/p>\n<p>A Comiss\u00e3o aprovou, por recomenda\u00e7\u00e3o do relator, deputado Cleber Verde (MDB-MA), uma vers\u00e3o modificada (<span id=\"4098\" class=\"termoGlossario\" title=\"Nome que se d\u00e1 ao texto que altera substancialmente o conte\u00fado original da proposta. O substitutivo \u00e9 apresentado pelo relator e tem prefer\u00eancia na vota\u00e7\u00e3o sobre o projeto original.\" contenteditable=\"false\" data-toggle=\"tooltip\" data-placement=\"top\">substitutivo<\/span>) do Projeto de Lei 1681\/25, da deputada Rog\u00e9ria Santos (Republicanos-BA).<\/p>\n<p>A proposta original pretendia proibir a nomea\u00e7\u00e3o apenas para pessoas condenadas por crimes de viol\u00eancia contra idosos. O relator, no entanto, argumentou que a restri\u00e7\u00e3o deve ser estendida a todos os crimes previstos no Estatuto da Pessoa Idosa.<\/p>\n<p><strong>Pr\u00f3ximas etapas<\/strong><br \/>A proposta ser\u00e1 ainda analisada, em <span id=\"4322\" class=\"termoGlossario\" title=\"Rito de tramita\u00e7\u00e3o pelo qual o projeto \u00e9 votado apenas pelas comiss\u00f5es designadas para analis\u00e1-lo, dispensada a delibera\u00e7\u00e3o do Plen\u00e1rio. O projeto perde o car\u00e1ter conclusivo se houver decis\u00e3o divergente entre as comiss\u00f5es ou se, independentemente de ser aprovado ou rejeitado, houver recurso assinado por 52 deputados para a aprecia\u00e7\u00e3o da mat\u00e9ria no Plen\u00e1rio.\" contenteditable=\"false\" data-toggle=\"tooltip\" data-placement=\"top\">car\u00e1ter conclusivo<\/span>, pela Comiss\u00e3o de Constitui\u00e7\u00e3o e Justi\u00e7a e de Cidadania.<\/p>\n<p>Para virar lei, o texto deve ser aprovado pela C\u00e2mara e pelo Senado.<\/p>\n<p style=\"font-size: 0.8rem; font-weight: 700;\">Reportagem \u2013 Murilo Souza<br \/>Edi\u00e7\u00e3o \u2013 Rachel Librelon<\/p>\n<\/p><\/div>\n<\/p><\/div>\n<p><br \/>\n<br \/><a href=\"https:\/\/www.camara.leg.br\/noticias\/1196790-comissao-aprova-proibicao-de-condenado-por-crime-contra-idoso-atuar-em-entidade-de-assistencia-a-esse-publico\/\">postagem original <\/a><\/p>\n","protected":false},"excerpt":{"rendered":"<p>05\/09\/2025 &#8211; 14:11 \u00a0 Kayo Magalh\u00e3es \/ C\u00e2mara dos Deputados Cleber Verde \u00e9 o relator do projeto A Comiss\u00e3o de [&hellip;]<\/p>\n","protected":false},"author":1,"featured_media":2818,"comment_status":"open","ping_status":"open","sticky":false,"template":"","format":"standard","meta":{"site-sidebar-layout":"default","site-content-layout":"","ast-site-content-layout":"default","site-content-style":"default","site-sidebar-style":"default","ast-global-header-display":"","ast-banner-title-visibility":"","ast-main-header-display":"","ast-hfb-above-header-display":"","ast-hfb-below-header-display":"","ast-hfb-mobile-header-display":"","site-post-title":"","ast-breadcrumbs-content":"","ast-featured-img":"","footer-sml-layout":"","theme-transparent-header-meta":"","adv-header-id-meta":"","stick-header-meta":"","header-above-stick-meta":"","header-main-stick-meta":"","header-below-stick-meta":"","astra-migrate-meta-layouts":"default","ast-page-background-enabled":"default","ast-page-background-meta":{"desktop":{"background-color":"var(--ast-global-color-5)","background-image":"","background-repeat":"repeat","background-position":"center center","background-size":"auto","background-attachment":"scroll","background-type":"","background-media":"","overlay-type":"","overlay-color":"","overlay-opacity":"","overlay-gradient":""},"tablet":{"background-color":"","background-image":"","background-repeat":"repeat","background-position":"center center","background-size":"auto","background-attachment":"scroll","background-type":"","background-media":"","overlay-type":"","overlay-color":"","overlay-opacity":"","overlay-gradient":""},"mobile":{"background-color":"","background-image":"","background-repeat":"repeat","background-position":"center center","background-size":"auto","background-attachment":"scroll","background-type":"","background-media":"","overlay-type":"","overlay-color":"","overlay-opacity":"","overlay-gradient":""}},"ast-content-background-meta":{"desktop":{"background-color":"var(--ast-global-color-4)","background-image":"","background-repeat":"repeat","background-position":"center center","background-size":"auto","background-attachment":"scroll","background-type":"","background-media":"","overlay-type":"","overlay-color":"","overlay-opacity":"","overlay-gradient":""},"tablet":{"background-color":"var(--ast-global-color-4)","background-image":"","background-repeat":"repeat","background-position":"center center","background-size":"auto","background-attachment":"scroll","background-type":"","background-media":"","overlay-type":"","overlay-color":"","overlay-opacity":"","overlay-gradient":""},"mobile":{"background-color":"var(--ast-global-color-4)","background-image":"","background-repeat":"repeat","background-position":"center center","background-size":"auto","background-attachment":"scroll","background-type":"","background-media":"","overlay-type":"","overlay-color":"","overlay-opacity":"","overlay-gradient":""}},"_joinchat":[],"footnotes":""},"categories":[1],"tags":[],"_links":{"self":[{"href":"https:\/\/radiosantaclara.sitetopfm.com.br\/site\/wp-json\/wp\/v2\/posts\/2817"}],"collection":[{"href":"https:\/\/radiosantaclara.sitetopfm.com.br\/site\/wp-json\/wp\/v2\/posts"}],"about":[{"href":"https:\/\/radiosantaclara.sitetopfm.com.br\/site\/wp-json\/wp\/v2\/types\/post"}],"author":[{"embeddable":true,"href":"https:\/\/radiosantaclara.sitetopfm.com.br\/site\/wp-json\/wp\/v2\/users\/1"}],"replies":[{"embeddable":true,"href":"https:\/\/radiosantaclara.sitetopfm.com.br\/site\/wp-json\/wp\/v2\/comments?post=2817"}],"version-history":[{"count":0,"href":"https:\/\/radiosantaclara.sitetopfm.com.br\/site\/wp-json\/wp\/v2\/posts\/2817\/revisions"}],"wp:featuredmedia":[{"embeddable":true,"href":"https:\/\/radiosantaclara.sitetopfm.com.br\/site\/wp-json\/wp\/v2\/media\/2818"}],"wp:attachment":[{"href":"https:\/\/radiosantaclara.sitetopfm.com.br\/site\/wp-json\/wp\/v2\/media?parent=2817"}],"wp:term":[{"taxonomy":"category","embeddable":true,"href":"https:\/\/radiosantaclara.sitetopfm.com.br\/site\/wp-json\/wp\/v2\/categories?post=2817"},{"taxonomy":"post_tag","embeddable":true,"href":"https:\/\/radiosantaclara.sitetopfm.com.br\/site\/wp-json\/wp\/v2\/tags?post=2817"}],"curies":[{"name":"wp","href":"https:\/\/api.w.org\/{rel}","templated":true}]}}