{"id":2760,"date":"2025-09-04T14:03:10","date_gmt":"2025-09-04T17:03:10","guid":{"rendered":"https:\/\/bregatop.sitetopfm.com.br\/site\/jogadores-de-futebol-reclamam-que-nao-estao-recebendo-direitos-de-imagem-das-bets-assista-noticias\/"},"modified":"2025-09-04T14:03:10","modified_gmt":"2025-09-04T17:03:10","slug":"jogadores-de-futebol-reclamam-que-nao-estao-recebendo-direitos-de-imagem-das-bets-assista-noticias","status":"publish","type":"post","link":"https:\/\/radiosantaclara.sitetopfm.com.br\/site\/jogadores-de-futebol-reclamam-que-nao-estao-recebendo-direitos-de-imagem-das-bets-assista-noticias\/","title":{"rendered":"Jogadores de futebol reclamam que n\u00e3o est\u00e3o recebendo direitos de imagem das bets; assista &#8211; Not\u00edcias"},"content":{"rendered":"<p> <br \/>\n<\/p>\n<div>\n<div>\n<p class=\"g-artigo__data-hora\">\n                      04\/09\/2025 &#8211; 10:52 \u00a0\n                    <\/p>\n<div id=\"video-container-1196603\" class=\"embed-responsive embed-responsive-16by9\" style=\"margin-bottom: 18px;\" data-youtube-id=\"kb6137aZRlM\">\n<p><em>YouTube<\/em><\/p>\n<p><div class=\"ast-oembed-container \" style=\"height: 100%;\"><iframe title=\"Jogadores de futebol est\u00e3o sem receber direitos de imagem das bets - 03\/09\/25\" width=\"500\" height=\"281\" src=\"https:\/\/www.youtube.com\/embed\/kb6137aZRlM?feature=oembed\" frameborder=\"0\" allow=\"accelerometer; autoplay; clipboard-write; encrypted-media; gyroscope; picture-in-picture; web-share\" referrerpolicy=\"strict-origin-when-cross-origin\" allowfullscreen><\/iframe><\/div>\n<\/p><\/div>\n<p>\u00a0<\/p>\n<p>O futebol profissional abriu caminho para a entrada das casas de apostas eletr\u00f4nicas, conhecidas como <em>bets<\/em>, no mercado brasileiro. No entanto, em audi\u00eancia p\u00fablica da Subcomiss\u00e3o Permanente de Regula\u00e7\u00e3o de Apostas Esportivas da Comiss\u00e3o do Esporte da C\u00e2mara dos Deputados, os atletas profissionais de futebol reclamaram que n\u00e3o est\u00e3o recebendo os valores referentes aos direitos de imagem, como determina a lei.<\/p>\n<p>O presidente da subcomiss\u00e3o, deputado Caio Vianna (PSD-RJ), refor\u00e7ou a queixa dos jogadores. Segundo ele, os profissionais est\u00e3o sem qualquer tipo de repasse, apesar de serem os principais agentes desse setor. \u201cSem atleta n\u00e3o existe a <em>bet<\/em>\u201d, afirmou. Para o parlamentar, \u00e9 essencial que os esportistas recebam sua participa\u00e7\u00e3o.<\/p>\n<p style=\"font-size: 0.8rem; font-weight: 700;\">Da TV C\u00e2mara<\/p>\n<\/p><\/div>\n<\/p><\/div>\n<p><br \/>\n<br \/><a href=\"https:\/\/www.camara.leg.br\/noticias\/1196601-jogadores-de-futebol-reclamam-que-nao-estao-recebendo-direitos-de-imagem-das-bets-assista\/\">postagem original <\/a><\/p>\n","protected":false},"excerpt":{"rendered":"<p>04\/09\/2025 &#8211; 10:52 \u00a0 YouTube \u00a0 O futebol profissional abriu caminho para a entrada das casas de apostas eletr\u00f4nicas, conhecidas [&hellip;]<\/p>\n","protected":false},"author":1,"featured_media":1301,"comment_status":"open","ping_status":"open","sticky":false,"template":"","format":"standard","meta":{"site-sidebar-layout":"default","site-content-layout":"","ast-site-content-layout":"default","site-content-style":"default","site-sidebar-style":"default","ast-global-header-display":"","ast-banner-title-visibility":"","ast-main-header-display":"","ast-hfb-above-header-display":"","ast-hfb-below-header-display":"","ast-hfb-mobile-header-display":"","site-post-title":"","ast-breadcrumbs-content":"","ast-featured-img":"","footer-sml-layout":"","theme-transparent-header-meta":"","adv-header-id-meta":"","stick-header-meta":"","header-above-stick-meta":"","header-main-stick-meta":"","header-below-stick-meta":"","astra-migrate-meta-layouts":"default","ast-page-background-enabled":"default","ast-page-background-meta":{"desktop":{"background-color":"var(--ast-global-color-5)","background-image":"","background-repeat":"repeat","background-position":"center center","background-size":"auto","background-attachment":"scroll","background-type":"","background-media":"","overlay-type":"","overlay-color":"","overlay-opacity":"","overlay-gradient":""},"tablet":{"background-color":"","background-image":"","background-repeat":"repeat","background-position":"center center","background-size":"auto","background-attachment":"scroll","background-type":"","background-media":"","overlay-type":"","overlay-color":"","overlay-opacity":"","overlay-gradient":""},"mobile":{"background-color":"","background-image":"","background-repeat":"repeat","background-position":"center center","background-size":"auto","background-attachment":"scroll","background-type":"","background-media":"","overlay-type":"","overlay-color":"","overlay-opacity":"","overlay-gradient":""}},"ast-content-background-meta":{"desktop":{"background-color":"var(--ast-global-color-4)","background-image":"","background-repeat":"repeat","background-position":"center center","background-size":"auto","background-attachment":"scroll","background-type":"","background-media":"","overlay-type":"","overlay-color":"","overlay-opacity":"","overlay-gradient":""},"tablet":{"background-color":"var(--ast-global-color-4)","background-image":"","background-repeat":"repeat","background-position":"center center","background-size":"auto","background-attachment":"scroll","background-type":"","background-media":"","overlay-type":"","overlay-color":"","overlay-opacity":"","overlay-gradient":""},"mobile":{"background-color":"var(--ast-global-color-4)","background-image":"","background-repeat":"repeat","background-position":"center center","background-size":"auto","background-attachment":"scroll","background-type":"","background-media":"","overlay-type":"","overlay-color":"","overlay-opacity":"","overlay-gradient":""}},"_joinchat":[],"footnotes":""},"categories":[1],"tags":[],"_links":{"self":[{"href":"https:\/\/radiosantaclara.sitetopfm.com.br\/site\/wp-json\/wp\/v2\/posts\/2760"}],"collection":[{"href":"https:\/\/radiosantaclara.sitetopfm.com.br\/site\/wp-json\/wp\/v2\/posts"}],"about":[{"href":"https:\/\/radiosantaclara.sitetopfm.com.br\/site\/wp-json\/wp\/v2\/types\/post"}],"author":[{"embeddable":true,"href":"https:\/\/radiosantaclara.sitetopfm.com.br\/site\/wp-json\/wp\/v2\/users\/1"}],"replies":[{"embeddable":true,"href":"https:\/\/radiosantaclara.sitetopfm.com.br\/site\/wp-json\/wp\/v2\/comments?post=2760"}],"version-history":[{"count":0,"href":"https:\/\/radiosantaclara.sitetopfm.com.br\/site\/wp-json\/wp\/v2\/posts\/2760\/revisions"}],"wp:featuredmedia":[{"embeddable":true,"href":"https:\/\/radiosantaclara.sitetopfm.com.br\/site\/wp-json\/wp\/v2\/media\/1301"}],"wp:attachment":[{"href":"https:\/\/radiosantaclara.sitetopfm.com.br\/site\/wp-json\/wp\/v2\/media?parent=2760"}],"wp:term":[{"taxonomy":"category","embeddable":true,"href":"https:\/\/radiosantaclara.sitetopfm.com.br\/site\/wp-json\/wp\/v2\/categories?post=2760"},{"taxonomy":"post_tag","embeddable":true,"href":"https:\/\/radiosantaclara.sitetopfm.com.br\/site\/wp-json\/wp\/v2\/tags?post=2760"}],"curies":[{"name":"wp","href":"https:\/\/api.w.org\/{rel}","templated":true}]}}