{"id":2755,"date":"2025-09-04T13:11:03","date_gmt":"2025-09-04T16:11:03","guid":{"rendered":"https:\/\/bregatop.sitetopfm.com.br\/site\/comissao-debate-autonomia-da-pericia-criminal-federal-noticias\/"},"modified":"2025-09-04T13:11:03","modified_gmt":"2025-09-04T16:11:03","slug":"comissao-debate-autonomia-da-pericia-criminal-federal-noticias","status":"publish","type":"post","link":"https:\/\/radiosantaclara.sitetopfm.com.br\/site\/comissao-debate-autonomia-da-pericia-criminal-federal-noticias\/","title":{"rendered":"Comiss\u00e3o debate autonomia da per\u00edcia criminal federal &#8211; Not\u00edcias"},"content":{"rendered":"<p> <br \/>\n<\/p>\n<div>\n<div>\n<p class=\"g-artigo__data-hora\">\n                      04\/09\/2025 &#8211; 12:17 \u00a0\n                    <\/p>\n<div id=\"image-container-1196636\" class=\"image-container\" style=\"float: none; margin: 45px 0px; width: 100%;\" data-midia=\"1196636\">\n<p><em>S\u00e9rgio Andrade\/Governo de S\u00e3o Paulo<\/em><\/p>\n<p>Para deputado, \u00edndices baixos de elucida\u00e7\u00e3o de crimes apontam problema estrutural<\/p>\n<\/p><\/div>\n<p>A Comiss\u00e3o de Direitos Humanos, Minorias e Igualdade Racial da C\u00e2mara dos Deputados realiza audi\u00eancia p\u00fablica na ter\u00e7a-feira (9) sobre a autonomia da per\u00edcia criminal federal.<\/p>\n<p>O debate, que ser\u00e1 interativo, atende a pedido do deputado Reimont (PT-RJ) e est\u00e1 marcado para as 10 horas, no plen\u00e1rio 9.<\/p>\n<p data-start=\"621\" data-end=\"860\">O parlamentar quer discutir a necessidade de fortalecimento da per\u00edcia oficial criminal no Brasil,\u00a0tendo como eixo central a garantia de sua autonomia t\u00e9cnica, cient\u00edfica e funcional e o papel determinante dessa estrutura para a promo\u00e7\u00e3o da justi\u00e7a, o enfrentamento \u00e0 impunidade e a prote\u00e7\u00e3o dos direitos humanos.<\/p>\n<p>Segundo Reimont, dados do F\u00f3rum Brasileiro de Seguran\u00e7a P\u00fablica e do Instituto Sou da Paz apontam que o Brasil apresenta \u00edndices alarmantemente baixos de elucida\u00e7\u00e3o de crimes, especialmente nos casos de homic\u00eddios dolosos.<\/p>\n<p>&#8220;Estima-se que apenas cerca de 30% dos homic\u00eddios no pa\u00eds s\u00e3o solucionados, \u00edndice muito inferior ao de pa\u00edses com sistemas periciais fortalecidos e independentes, o que evidencia um s\u00e9rio problema estrutural&#8221;, diz.<\/p>\n<p data-start=\"1183\" data-end=\"1424\">\u201cA autonomia da per\u00edcia \u00e9 um instrumento de prote\u00e7\u00e3o da legalidade, do contradit\u00f3rio e da ampla defesa. Sua atua\u00e7\u00e3o independente protege o sistema de justi\u00e7a de interfer\u00eancias indevidas e refor\u00e7a a credibilidade das investiga\u00e7\u00f5es\u201d, afirma o deputado.<\/p>\n<p style=\"font-size: 0.8rem; font-weight: 700;\">Da Reda\u00e7\u00e3o &#8211; MB<\/p>\n<\/p><\/div>\n<\/p><\/div>\n<p><br \/>\n<br \/><a href=\"https:\/\/www.camara.leg.br\/noticias\/1196519-comissao-debate-autonomia-da-pericia-criminal-federal\/\">postagem original <\/a><\/p>\n","protected":false},"excerpt":{"rendered":"<p>04\/09\/2025 &#8211; 12:17 \u00a0 S\u00e9rgio Andrade\/Governo de S\u00e3o Paulo Para deputado, \u00edndices baixos de elucida\u00e7\u00e3o de crimes apontam problema estrutural [&hellip;]<\/p>\n","protected":false},"author":1,"featured_media":2756,"comment_status":"open","ping_status":"open","sticky":false,"template":"","format":"standard","meta":{"site-sidebar-layout":"default","site-content-layout":"","ast-site-content-layout":"default","site-content-style":"default","site-sidebar-style":"default","ast-global-header-display":"","ast-banner-title-visibility":"","ast-main-header-display":"","ast-hfb-above-header-display":"","ast-hfb-below-header-display":"","ast-hfb-mobile-header-display":"","site-post-title":"","ast-breadcrumbs-content":"","ast-featured-img":"","footer-sml-layout":"","theme-transparent-header-meta":"","adv-header-id-meta":"","stick-header-meta":"","header-above-stick-meta":"","header-main-stick-meta":"","header-below-stick-meta":"","astra-migrate-meta-layouts":"default","ast-page-background-enabled":"default","ast-page-background-meta":{"desktop":{"background-color":"var(--ast-global-color-5)","background-image":"","background-repeat":"repeat","background-position":"center center","background-size":"auto","background-attachment":"scroll","background-type":"","background-media":"","overlay-type":"","overlay-color":"","overlay-opacity":"","overlay-gradient":""},"tablet":{"background-color":"","background-image":"","background-repeat":"repeat","background-position":"center center","background-size":"auto","background-attachment":"scroll","background-type":"","background-media":"","overlay-type":"","overlay-color":"","overlay-opacity":"","overlay-gradient":""},"mobile":{"background-color":"","background-image":"","background-repeat":"repeat","background-position":"center center","background-size":"auto","background-attachment":"scroll","background-type":"","background-media":"","overlay-type":"","overlay-color":"","overlay-opacity":"","overlay-gradient":""}},"ast-content-background-meta":{"desktop":{"background-color":"var(--ast-global-color-4)","background-image":"","background-repeat":"repeat","background-position":"center center","background-size":"auto","background-attachment":"scroll","background-type":"","background-media":"","overlay-type":"","overlay-color":"","overlay-opacity":"","overlay-gradient":""},"tablet":{"background-color":"var(--ast-global-color-4)","background-image":"","background-repeat":"repeat","background-position":"center center","background-size":"auto","background-attachment":"scroll","background-type":"","background-media":"","overlay-type":"","overlay-color":"","overlay-opacity":"","overlay-gradient":""},"mobile":{"background-color":"var(--ast-global-color-4)","background-image":"","background-repeat":"repeat","background-position":"center center","background-size":"auto","background-attachment":"scroll","background-type":"","background-media":"","overlay-type":"","overlay-color":"","overlay-opacity":"","overlay-gradient":""}},"_joinchat":[],"footnotes":""},"categories":[1],"tags":[],"_links":{"self":[{"href":"https:\/\/radiosantaclara.sitetopfm.com.br\/site\/wp-json\/wp\/v2\/posts\/2755"}],"collection":[{"href":"https:\/\/radiosantaclara.sitetopfm.com.br\/site\/wp-json\/wp\/v2\/posts"}],"about":[{"href":"https:\/\/radiosantaclara.sitetopfm.com.br\/site\/wp-json\/wp\/v2\/types\/post"}],"author":[{"embeddable":true,"href":"https:\/\/radiosantaclara.sitetopfm.com.br\/site\/wp-json\/wp\/v2\/users\/1"}],"replies":[{"embeddable":true,"href":"https:\/\/radiosantaclara.sitetopfm.com.br\/site\/wp-json\/wp\/v2\/comments?post=2755"}],"version-history":[{"count":0,"href":"https:\/\/radiosantaclara.sitetopfm.com.br\/site\/wp-json\/wp\/v2\/posts\/2755\/revisions"}],"wp:featuredmedia":[{"embeddable":true,"href":"https:\/\/radiosantaclara.sitetopfm.com.br\/site\/wp-json\/wp\/v2\/media\/2756"}],"wp:attachment":[{"href":"https:\/\/radiosantaclara.sitetopfm.com.br\/site\/wp-json\/wp\/v2\/media?parent=2755"}],"wp:term":[{"taxonomy":"category","embeddable":true,"href":"https:\/\/radiosantaclara.sitetopfm.com.br\/site\/wp-json\/wp\/v2\/categories?post=2755"},{"taxonomy":"post_tag","embeddable":true,"href":"https:\/\/radiosantaclara.sitetopfm.com.br\/site\/wp-json\/wp\/v2\/tags?post=2755"}],"curies":[{"name":"wp","href":"https:\/\/api.w.org\/{rel}","templated":true}]}}