{"id":2747,"date":"2025-09-04T07:02:51","date_gmt":"2025-09-04T10:02:51","guid":{"rendered":"https:\/\/bregatop.sitetopfm.com.br\/site\/comissao-aprova-criacao-de-delegacias-especializadas-no-atendimento-a-torcedores-noticias\/"},"modified":"2025-09-04T07:02:51","modified_gmt":"2025-09-04T10:02:51","slug":"comissao-aprova-criacao-de-delegacias-especializadas-no-atendimento-a-torcedores-noticias","status":"publish","type":"post","link":"https:\/\/radiosantaclara.sitetopfm.com.br\/site\/comissao-aprova-criacao-de-delegacias-especializadas-no-atendimento-a-torcedores-noticias\/","title":{"rendered":"Comiss\u00e3o aprova cria\u00e7\u00e3o de delegacias especializadas no atendimento a torcedores &#8211; Not\u00edcias"},"content":{"rendered":"<p> <br \/>\n<\/p>\n<div>\n<div>\n<p class=\"g-artigo__data-hora\">\n                      03\/09\/2025 &#8211; 10:42 \u00a0\n                    <\/p>\n<div id=\"image-container-1195985\" class=\"image-container\" style=\"float: none; margin: 45px 0px; width: 100%;\" data-midia=\"1195985\">\n<p><em>Kayo Magalh\u00e3es \/ C\u00e2mara dos Deputados<\/em><\/p>\n<p>Delegado Fabio Costa \u00e9 o relator do projeto<\/p>\n<\/p><\/div>\n<p>A Comiss\u00e3o de Seguran\u00e7a P\u00fablica da C\u00e2mara dos Deputados aprovou projeto de lei que permite a cria\u00e7\u00e3o de delegacias especializadas no atendimento a torcedores. Essas delegacias, fixas ou m\u00f3veis, atuar\u00e3o nas infra\u00e7\u00f5es penais ocorridas dentro ou perto dos locais de competi\u00e7\u00e3o esportiva, exercendo fun\u00e7\u00f5es similares \u00e0s da Pol\u00edcia Civil.<\/p>\n<p>A proposta altera a <a href=\"https:\/\/www2.camara.leg.br\/legin\/fed\/lei\/2023\/lei-14597-14-junho-2023-794299-norma-pl.html\">Lei Geral do Esporte<\/a>.<\/p>\n<p>Foi aprovada, por recomenda\u00e7\u00e3o do relator, deputado Delegado Fabio Costa (PP-AL), a <a href=\"https:\/\/www.camara.leg.br\/noticias\/1149297-COMISSAO-APROVA-PROJETO-QUE-PREVE-CRIACAO-DE-DELEGACIAS-ESPECIALIZADAS-NO-ATENDIMENTO-A-TORCEDORES\">vers\u00e3o da Comiss\u00e3o do Esporte<\/a> (<span id=\"4098\" class=\"termoGlossario\" title=\"Nome que se d\u00e1 ao texto que altera substancialmente o conte\u00fado original da proposta. O substitutivo \u00e9 apresentado pelo relator e tem prefer\u00eancia na vota\u00e7\u00e3o sobre o projeto original.\" contenteditable=\"false\" data-toggle=\"tooltip\" data-placement=\"top\">substitutivo<\/span>) para o <a class=\"linkProposicao\" href=\"https:\/\/www.camara.leg.br\/noticias\/1149295-proposta-preve-criacao-de-delegacias-especializadas-do-torcedor\">Projeto de Lei 4149\/20<\/a>, do deputado Aluisio Mendes (Republicanos-MA).<\/p>\n<p>\u201cA presen\u00e7a de uma estrutura policial dedicada inibe a pr\u00e1tica de crimes, promovendo um ambiente mais seguro e acolhedor para todos os frequentadores dos jogos\u201d, analisou o Delegado Fabio Costa em seu parecer.<\/p>\n<p><strong>Pr\u00f3ximos passos<\/strong><br \/>O projeto tramita em <span id=\"4322\" class=\"termoGlossario\" title=\"Rito de tramita\u00e7\u00e3o pelo qual o projeto \u00e9 votado apenas pelas comiss\u00f5es designadas para analis\u00e1-lo, dispensada a delibera\u00e7\u00e3o do Plen\u00e1rio. O projeto perde o car\u00e1ter conclusivo se houver decis\u00e3o divergente entre as comiss\u00f5es ou se, independentemente de ser aprovado ou rejeitado, houver recurso assinado por 52 deputados para a aprecia\u00e7\u00e3o da mat\u00e9ria no Plen\u00e1rio.\" contenteditable=\"false\" data-toggle=\"tooltip\" data-placement=\"top\">car\u00e1ter conclusivo<\/span> e ainda ser\u00e1 analisado pela Comiss\u00e3o de Constitui\u00e7\u00e3o e Justi\u00e7a e de Cidadania. Para virar lei, ter\u00e1 de ser aprovado pela C\u00e2mara e pelo Senado.<\/p>\n<p style=\"font-size: 0.8rem; font-weight: 700;\">Da Reportagem\/RM<br \/>Edi\u00e7\u00e3o \u2013 Rachel Librelon<\/p>\n<\/p><\/div>\n<\/p><\/div>\n<p><br \/>\n<br \/><a href=\"https:\/\/www.camara.leg.br\/noticias\/1195942-comissao-aprova-criacao-de-delegacias-especializadas-no-atendimento-a-torcedores\/\">postagem original <\/a><\/p>\n","protected":false},"excerpt":{"rendered":"<p>03\/09\/2025 &#8211; 10:42 \u00a0 Kayo Magalh\u00e3es \/ C\u00e2mara dos Deputados Delegado Fabio Costa \u00e9 o relator do projeto A Comiss\u00e3o [&hellip;]<\/p>\n","protected":false},"author":1,"featured_media":2748,"comment_status":"open","ping_status":"open","sticky":false,"template":"","format":"standard","meta":{"site-sidebar-layout":"default","site-content-layout":"","ast-site-content-layout":"default","site-content-style":"default","site-sidebar-style":"default","ast-global-header-display":"","ast-banner-title-visibility":"","ast-main-header-display":"","ast-hfb-above-header-display":"","ast-hfb-below-header-display":"","ast-hfb-mobile-header-display":"","site-post-title":"","ast-breadcrumbs-content":"","ast-featured-img":"","footer-sml-layout":"","theme-transparent-header-meta":"","adv-header-id-meta":"","stick-header-meta":"","header-above-stick-meta":"","header-main-stick-meta":"","header-below-stick-meta":"","astra-migrate-meta-layouts":"default","ast-page-background-enabled":"default","ast-page-background-meta":{"desktop":{"background-color":"var(--ast-global-color-5)","background-image":"","background-repeat":"repeat","background-position":"center center","background-size":"auto","background-attachment":"scroll","background-type":"","background-media":"","overlay-type":"","overlay-color":"","overlay-opacity":"","overlay-gradient":""},"tablet":{"background-color":"","background-image":"","background-repeat":"repeat","background-position":"center center","background-size":"auto","background-attachment":"scroll","background-type":"","background-media":"","overlay-type":"","overlay-color":"","overlay-opacity":"","overlay-gradient":""},"mobile":{"background-color":"","background-image":"","background-repeat":"repeat","background-position":"center center","background-size":"auto","background-attachment":"scroll","background-type":"","background-media":"","overlay-type":"","overlay-color":"","overlay-opacity":"","overlay-gradient":""}},"ast-content-background-meta":{"desktop":{"background-color":"var(--ast-global-color-4)","background-image":"","background-repeat":"repeat","background-position":"center center","background-size":"auto","background-attachment":"scroll","background-type":"","background-media":"","overlay-type":"","overlay-color":"","overlay-opacity":"","overlay-gradient":""},"tablet":{"background-color":"var(--ast-global-color-4)","background-image":"","background-repeat":"repeat","background-position":"center center","background-size":"auto","background-attachment":"scroll","background-type":"","background-media":"","overlay-type":"","overlay-color":"","overlay-opacity":"","overlay-gradient":""},"mobile":{"background-color":"var(--ast-global-color-4)","background-image":"","background-repeat":"repeat","background-position":"center center","background-size":"auto","background-attachment":"scroll","background-type":"","background-media":"","overlay-type":"","overlay-color":"","overlay-opacity":"","overlay-gradient":""}},"_joinchat":[],"footnotes":""},"categories":[1],"tags":[],"_links":{"self":[{"href":"https:\/\/radiosantaclara.sitetopfm.com.br\/site\/wp-json\/wp\/v2\/posts\/2747"}],"collection":[{"href":"https:\/\/radiosantaclara.sitetopfm.com.br\/site\/wp-json\/wp\/v2\/posts"}],"about":[{"href":"https:\/\/radiosantaclara.sitetopfm.com.br\/site\/wp-json\/wp\/v2\/types\/post"}],"author":[{"embeddable":true,"href":"https:\/\/radiosantaclara.sitetopfm.com.br\/site\/wp-json\/wp\/v2\/users\/1"}],"replies":[{"embeddable":true,"href":"https:\/\/radiosantaclara.sitetopfm.com.br\/site\/wp-json\/wp\/v2\/comments?post=2747"}],"version-history":[{"count":0,"href":"https:\/\/radiosantaclara.sitetopfm.com.br\/site\/wp-json\/wp\/v2\/posts\/2747\/revisions"}],"wp:featuredmedia":[{"embeddable":true,"href":"https:\/\/radiosantaclara.sitetopfm.com.br\/site\/wp-json\/wp\/v2\/media\/2748"}],"wp:attachment":[{"href":"https:\/\/radiosantaclara.sitetopfm.com.br\/site\/wp-json\/wp\/v2\/media?parent=2747"}],"wp:term":[{"taxonomy":"category","embeddable":true,"href":"https:\/\/radiosantaclara.sitetopfm.com.br\/site\/wp-json\/wp\/v2\/categories?post=2747"},{"taxonomy":"post_tag","embeddable":true,"href":"https:\/\/radiosantaclara.sitetopfm.com.br\/site\/wp-json\/wp\/v2\/tags?post=2747"}],"curies":[{"name":"wp","href":"https:\/\/api.w.org\/{rel}","templated":true}]}}