{"id":2387,"date":"2025-08-24T18:15:24","date_gmt":"2025-08-24T21:15:24","guid":{"rendered":"https:\/\/bregatop.sitetopfm.com.br\/site\/programacao-completa-do-festival-de-inverno-de-garanhuns-fig-2018-e-divulgada-confira\/"},"modified":"2025-08-24T18:15:24","modified_gmt":"2025-08-24T21:15:24","slug":"programacao-completa-do-festival-de-inverno-de-garanhuns-fig-2018-e-divulgada-confira","status":"publish","type":"post","link":"https:\/\/radiosantaclara.sitetopfm.com.br\/site\/programacao-completa-do-festival-de-inverno-de-garanhuns-fig-2018-e-divulgada-confira\/","title":{"rendered":"Programa\u00e7\u00e3o completa do Festival de Inverno de Garanhuns (FIG) 2018 \u00e9 divulgada; confira"},"content":{"rendered":"<p> <br \/>\n<br \/><img decoding=\"async\" src=\"https:\/\/s2-g1.glbimg.com\/avahLbEdCVC6VLPi1wiqAAmOxJc=\/i.s3.glbimg.com\/v1\/AUTH_59edd422c0c84a879bd37670ae4f538a\/internal_photos\/bs\/2018\/Y\/D\/GMBHe6Stu0uaR2q4T9mw\/vanessa-marcos-hermes-divulgacao.jpg\" \/><br \/>     Vanessa da Mata<br \/>\nAssessoria\/Divulga\u00e7\u00e3o<br \/>\nA programa\u00e7\u00e3o do 28\u00ba Festival de Inverno de Garanhuns (FIG), no Agreste de Pernambuco, foi divulgada nesta quinta-feira (28). As festividades ser\u00e3o iniciadas no dia 19 de julho e seguir\u00e3o at\u00e9 o dia 28 do mesmo m\u00eas. &#8220;Um viva \u00e0 liberdade&#8221; \u00e9 o tema da festa deste ano.<br \/>\nA abertura do evento ser\u00e1 realizada no Palco Mestre Dominguinhos e vai contar com shows de Cordel do Fogo Encantado, da Orquestra Santa Massa, al\u00e9m de Siba e a Fuloresta, e Anderson do Pife com a banda de p\u00edfano Z\u00e9 do Estado.<br \/>\nArtistas como Diogo Nogueira, Tit\u00e3s, Fl\u00e1vio Venturini, Santanna, Coco de Umbigada tamb\u00e9m fazem parte da lista de atra\u00e7\u00f5es dos festejos.<br \/>\nDe acordo com a organiza\u00e7\u00e3o, o FIG vai refletir em todos os polos, a liberdade art\u00edstica, est\u00e9tica, pol\u00edtica, religiosa e de express\u00e3o, como um marco de enfrentamento dos preconceitos e da intoler\u00e2ncia.<br \/>\nConfira a programa\u00e7\u00e3o completa do Palco Mestre Dominguinhos:<br \/>\nQuinta-feira &#8211; 19 de julho<br \/>\n19h \u2013 Espet\u00e1culo  \u201cAu\u00ea\u201d<br \/>\nCia. Barca dos Cora\u00e7\u00f5es Partidos (RJ)<br \/>\nLocal: Teatro Luiz Souto Dourado (Centro Cultural Alfredo Leite Cavalcanti)<br \/>\nSexta-feira &#8211; 20 de julho<br \/>\nPalco Mestre Dominguinhos<br \/>\n20h \u2013 Golden Hits Orquestra<br \/>\n21h \u2013 Anderson do Pife e Banda do P\u00edfano Z\u00e9 do Estado<br \/>\n22h \u2013 Siba e a Fuloresta<br \/>\n23h \u2013 Orquestra Santa Massa<br \/>\n0h30 \u2013 Cordel do Fogo Encantado<br \/>\nSom na Rural<br \/>\nParque Euclides Dourado<br \/>\n19h \u2013 Daniel Bento<br \/>\n20h20 \u2013 Livia Matos<br \/>\n22h30 \u2013 Mestre Luiz Paix\u00e3o<br \/>\nIntervalos e fim de noite: DJ Novato<br \/>\nS\u00e1bado  &#8211; 21 de julho<br \/>\nPalco Mestre Dominguinhos<br \/>\n20h \u2013 Pablo Moreno<br \/>\n21h \u2013 MPBossas &#8211; Andr\u00e9 Rio convida Roberto Menescal e Luciano Magno<br \/>\n22h \u2013 Fl\u00e1vio Venturini (MG)<br \/>\n23h \u2013 Pedro Luiz canta Luiz Melodia (RJ)<br \/>\n0h30 \u2013 Daniela Mercury<br \/>\nPalco de Cultura Popular Ariano Suassuna<br \/>\n13h \u2013 Grupo Inf\u00e2ncia Rimada<br \/>\n13h30 \u2013 Dupla de repentistas: Raimundo Caetano e Zecarlos do Paje\u00fa<br \/>\n14h \u2013 Clube Carnavalesco Marim dos Caet\u00e9s<br \/>\n16h \u2013 Caboclinho 7 Flexas (Patrim\u00f4nio Vivo de Pernambuco)<br \/>\n17h \u2013 Cavalo Marinho Boi Pintado<br \/>\n19h \u2013 Bloco da Saudade<br \/>\n20h \u2013 Afox\u00e9 Oxum Pand\u00e1<br \/>\nSom na Rural<br \/>\nParque Euclides Dourado<br \/>\n20h20 \u2013 Pierre Ten\u00f3rio<br \/>\n22h30 \u2013 Gilu Amaral<br \/>\nDomingo &#8211; 22 de julho<br \/>\nPalco Mestre Dominguinhos<br \/>\n20h \u2013 Amanda Back<br \/>\n21h \u2013 Aninha Martins<br \/>\n22h &#8211; Laila Garin e A Roda (BA)<br \/>\n23h \u2013 Rita Benneditto \u2013 Tecnomacumba (MA)<br \/>\n0h30 \u2013 Vanessa da Mata<br \/>\nPalco de Cultura Popular Ariano Suassuna<br \/>\n13h30 \u2013 Dami\u00e3o Carlos Violeiro<br \/>\n14h \u2013 Tro\u00e7a Carnavalesca Mista John Travolta<br \/>\n15h \u2013 Clube Carnavalesco Misto Toureiros de Santo Ant\u00f4nio<br \/>\n16h \u2013 Gr\u00eamio Recreativo Boi Pav\u00e3o<br \/>\n19h \u2013 Afox\u00e9 Ogbon Ob\u00e1<br \/>\nSom na Rural<br \/>\nParque Euclides Dourado<br \/>\n18h \u2013 N\u00famero Circense \u2013 Duo Simetria: Helder Vilela e Paulo Maeda (SP)<br \/>\n19h \u2013 Banda Viruz<br \/>\n20h20 \u2013 Bande Dessin\u00e9e<br \/>\n22h30 \u2013 Vertin Moura<br \/>\nIntervalos e fim de noite: DJ Rimas INC<br \/>\nSegunda-feira &#8211; 23 de julho<br \/>\nPalco Mestre Dominguinhos<br \/>\n20h \u2013 Gonzaga Leal e \u00c1urea Martins cantam Dalva de Oliveira \u2013 100 anos<br \/>\n21h \u2013 Cristina Amaral canta Nubia Lafayette<br \/>\n22h \u2013 B\u00e1rbara Eug\u00eania canta Diana (SP)<br \/>\n0h30 \u2013 Odair Jos\u00e9 (RJ)<br \/>\nPalco de Cultura Popular<br \/>\n13h \u2013 A\u00e9cio dos 8 Baixos<br \/>\n14h \u2013 Bloco Caravana Andaluza do Engenho Abreus<br \/>\n15h \u2013 Mestre Santino Cirandeiro e Encontro de Gera\u00e7\u00f5es<br \/>\n16h \u2013 G.R.C.A. Gigante do Samba<br \/>\n19h \u2013 Orquestra do Marinho<br \/>\n20h \u2013 Quadrilha Junina Zabumba<br \/>\nSom na Rural<br \/>\nParque Euclides Dourado<br \/>\n19h \u2013 Vinicius Barros<br \/>\n20h20 \u2013 Tin\u00e9 \u2013 Equilibrista<br \/>\n22h30 \u2013 Ceumar (MG)<br \/>\nTer\u00e7a-feira &#8211; 24 de julho<br \/>\nPalco Mestre Dominguinhos<br \/>\n20h \u2013 Nando Azevedo<br \/>\n21h \u2013 Petr\u00facio Amorim<br \/>\n22h \u2013 F\u00e1bio Carneirinho<br \/>\n0h30 \u2013 Santanna, o Cantador<br \/>\nPalco de Cultura Popular Ariano Suassuna<br \/>\n13h \u2013 Batakosso<br \/>\n14h \u2013 Cavalo Marinho Estrela de Ouro<br \/>\n19h \u2013 Bloco Carnavalesco Misto Flor da Lira de Olinda<br \/>\n20h \u2013 Afox\u00e9 Povo de Ogunt\u00e9<br \/>\nPalco Pop<br \/>\n17h \u2013 Legion\u00e1rios<br \/>\n18h \u2013 Albino Baru (Som da Arena)<br \/>\n19h \u2013OQuadro (BA)<br \/>\n20h20 \u2013 Tribo de Jah (MA)<br \/>\nSom na Rural<br \/>\nParque Euclides Dourado<br \/>\n21h20 \u2013 Paulo Neto<br \/>\nPalco Instrumental<br \/>\n17h \u2013 Joazinho Souza<br \/>\n18h \u2013 Banda Musical Curica (Patrim\u00f4nio Vivo de Pernambuco)<br \/>\n20h \u2013 Maestro Ademir Ara\u00fajo (Patrim\u00f4nio Vivo de Pernambuco)<br \/>\nPalco Forr\u00f3<br \/>\n22h \u2013 Gilmar Leite<br \/>\n23h \u2013 Gennaro<br \/>\n0h \u2013 Azul\u00e3o<br \/>\nQuarta-feira &#8211; 25 de julho<br \/>\nPalco Mestre Dominguinhos<br \/>\n20h \u2013 Cafuringa e banda<br \/>\n21h \u2013 Camila Yasmine<br \/>\n22h \u2013 Paulo Perdig\u00e3o &#8211; Sonoras Batucadas<br \/>\n23h30 \u2013 Diogo Nogueira (RJ)<br \/>\nPalco de Cultura Popular Ariano Suassuna<br \/>\n15h \u2013 Grupo Nossa Arte \u2013 Cavalo Marinho<br \/>\n17h \u2013 Clube Carnavalesco Bolo de Ouro<br \/>\n18h \u2013 Ciranda Praieira Pernambucana<br \/>\n20h \u2013 Bloco das Flores<br \/>\nPalco Pop<br \/>\n17h \u2013 Carla Marques<br \/>\n18h \u2013 Publius Lentulus<br \/>\n19h \u2013 Aline Paes (RJ)<br \/>\n20h20 \u2013 Estrela Leminski e T\u00e9o Ruiz (PR)<br \/>\nSom na Rural<br \/>\nParque Euclides Dourado<br \/>\n21h20 \u2013 Gabi da Pele Preta<br \/>\nPalco Instrumental<br \/>\n17h \u2013 Soro, Bai\u00e3o e Cia<br \/>\n18h \u2013 Orquestra Mat\u00e9ria Prima<br \/>\n19h \u2013 Coisas 2018 \u2013 Tributo a Moacir Santos (SP)<br \/>\n20h \u2013 Bandolins para Jacob 100 anos<br \/>\nPalco Forr\u00f3<br \/>\n22h \u2013 Forro Sensa\u00e7\u00e3o<br \/>\n23h \u2013 Trio Virgulino<br \/>\n0h \u2013 Cezzinha<br \/>\nQuinta-feira &#8211; 26 de julho<br \/>\nPalco Mestre Dominguinhos<br \/>\n20h \u2013 Still Living<br \/>\n21h \u2013 \u00c0TT\u00d8\u00d8XX\u00c1 (BA)<br \/>\n22h20 \u2013 Emicida (SP)<br \/>\n23h30 \u2013 Na\u00e7\u00e3o Zumbi<br \/>\nPalco Pop<br \/>\n17h \u2013 Martzabel<br \/>\n18h \u2013 Jonnata Doll e Os Garotos Solventes (CE)<br \/>\n19h \u2013 Giovanni Cidreira (BA)<br \/>\n20h20 \u2013 Xenia Fran\u00e7a (BA)<br \/>\nSom na Rural<br \/>\nParque Euclides Dourado<br \/>\n21h20 \u2013 Helton Moura<br \/>\nPalco de Cultura Popular Ariano Suassuna<br \/>\n13h \u2013 Sociedade dos Bacamarteiros do Cabo (Patrim\u00f4nio Vivo de Pernambuco)<br \/>\n14h \u2013 Repentistas Ant\u00f4nio Lisboa e Edmilson Feitosa<br \/>\n15h \u2013 Grupo Nossa Arte \u2013 Bumba meu Boi APAExonado<br \/>\n16h \u2013 Escola de Samba Galeria do Ritmo<br \/>\n17h \u2013 Banda de P\u00edfano Fulni-\u00f4<br \/>\n19h \u2013 Boi da Macuca<br \/>\n20h \u2013 Bloco Carnavalesco L\u00edrico Cordas e Retalhos<br \/>\nPalco Instrumental<br \/>\n17h \u2013 Marcos Cabral<br \/>\n18h \u2013 Jo\u00e3o Paulo Albertim<br \/>\n19h \u2013 Maestro Duda (Patrim\u00f4nio Vivo de Pernambuco)<br \/>\n20h \u2013 Rog\u00e9rio Caetano<br \/>\nPalco Forr\u00f3<br \/>\n22h \u2013 Muniz do Arrasta P\u00e9<br \/>\n23h \u2013 Gabriel Levy<br \/>\n0h \u2013 Irah Caldeira<br \/>\nSexta-feira &#8211; 27 de julho<br \/>\nPalco Mestre Dominguinhos<br \/>\n20h \u2013 Romero Ferro<br \/>\n21h \u2013 Coco de Umbigada<br \/>\n22h \u2013 Felipe Catto (RS)<br \/>\n23h \u2013 Gaby Amarantos (PA)<br \/>\n0h30 &#8211; Johnny Hooker<br \/>\nPalco Pop<br \/>\n17h \u2013 Celino Melo<br \/>\n18h \u2013 Juvenil Silva<br \/>\n19h \u2013 ATR (SP)<br \/>\n20h20 \u2013 Boogarins (GO)<br \/>\nSom na Rural<br \/>\nParque Euclides Dourado<br \/>\n21h20 \u2013 Madimboo<br \/>\nPalco de Cultura Popular Ariano Suassuna<br \/>\n17h \u2013 Ob\u00e1 Aiye<br \/>\n18h \u2013 Clube Carnavalesco Calu Mulher<br \/>\nPalco Instrumental<br \/>\n17h \u2013 Projeto Mezibi Trio<br \/>\n19h &#8211; Pachka<br \/>\n20h \u2013 Vitor Ara\u00fajo<br \/>\nPalco Forr\u00f3<br \/>\n23h \u2013 Forr\u00f3 Pesado de Garanhuns<br \/>\n0h \u2013 Wagner Carvalho<br \/>\n1h \u2013 N\u00e1dia Maia<br \/>\nS\u00e1bado &#8211; 28 de julho<br \/>\nPalco Mestre Dominguinhos<br \/>\n20h \u2013 Andrea Amorim<br \/>\n21h \u2013 Renata Arruda (PB)<br \/>\n22h \u2013 Lula Queiroga<br \/>\n23h \u2013 Nova Cena Pernambucana \u2013 Juliano Holanda, Aninha Martins, Flaira Ferro, Isaar, Isadora Melo, Martins, Alm\u00e9rio, Amaro Freitas e Romero Ferro<br \/>\n0h30 &#8211; Tit\u00e3s<br \/>\nPalco Pop<br \/>\n17h &#8211; Blues For Us<br \/>\n18h \u2013 Thabata Lorena (DF)<br \/>\n19h \u2013 T\u00e1ssia Reis (SP)<br \/>\n20h20 \u2013 Karol Conka<br \/>\nSom na Rural<br \/>\nParque Euclides Dourado<br \/>\n21h20 \u2013 Isaar<br \/>\nPalco de Cultura Popular Ariano Suassuna<br \/>\n14h \u2013 Reisado de Inhanhuns<br \/>\n17h \u2013 Ciranda Pernambucana de Olinda do Mestre Ferreira<br \/>\n18h \u2013 Caboclinhos de Tapirap\u00e9<br \/>\nPalco Instrumental<br \/>\n17h \u2013 Drass Session Band<br \/>\n19h \u2013 Leo Gandelman (RJ)<br \/>\n20h \u2013 Ritmos de Bamba \u2013 Armandinho (BA) e Beto Hortis<br \/>\nPalco Forr\u00f3<br \/>\n23h \u2013 Mateus Cordeiro<br \/>\n0h \u2013 Savinho do Acordeon<br \/>\n1h \u2013 Atra\u00e7\u00e3o a confirmar<br \/>\n<br \/><br \/>\n<br \/><a href=\"https:\/\/g1.globo.com\/pe\/caruaru-regiao\/noticia\/programacao-completa-do-festival-de-inverno-de-garanhuns-fig-2018-e-divulgada-confira.ghtml\">postagem original <\/a><\/p>\n","protected":false},"excerpt":{"rendered":"<p>Vanessa da Mata Assessoria\/Divulga\u00e7\u00e3o A programa\u00e7\u00e3o do 28\u00ba Festival de Inverno de Garanhuns (FIG), no Agreste de Pernambuco, foi divulgada [&hellip;]<\/p>\n","protected":false},"author":1,"featured_media":2388,"comment_status":"open","ping_status":"open","sticky":false,"template":"","format":"standard","meta":{"site-sidebar-layout":"default","site-content-layout":"","ast-site-content-layout":"default","site-content-style":"default","site-sidebar-style":"default","ast-global-header-display":"","ast-banner-title-visibility":"","ast-main-header-display":"","ast-hfb-above-header-display":"","ast-hfb-below-header-display":"","ast-hfb-mobile-header-display":"","site-post-title":"","ast-breadcrumbs-content":"","ast-featured-img":"","footer-sml-layout":"","theme-transparent-header-meta":"","adv-header-id-meta":"","stick-header-meta":"","header-above-stick-meta":"","header-main-stick-meta":"","header-below-stick-meta":"","astra-migrate-meta-layouts":"default","ast-page-background-enabled":"default","ast-page-background-meta":{"desktop":{"background-color":"var(--ast-global-color-5)","background-image":"","background-repeat":"repeat","background-position":"center center","background-size":"auto","background-attachment":"scroll","background-type":"","background-media":"","overlay-type":"","overlay-color":"","overlay-opacity":"","overlay-gradient":""},"tablet":{"background-color":"","background-image":"","background-repeat":"repeat","background-position":"center center","background-size":"auto","background-attachment":"scroll","background-type":"","background-media":"","overlay-type":"","overlay-color":"","overlay-opacity":"","overlay-gradient":""},"mobile":{"background-color":"","background-image":"","background-repeat":"repeat","background-position":"center center","background-size":"auto","background-attachment":"scroll","background-type":"","background-media":"","overlay-type":"","overlay-color":"","overlay-opacity":"","overlay-gradient":""}},"ast-content-background-meta":{"desktop":{"background-color":"var(--ast-global-color-4)","background-image":"","background-repeat":"repeat","background-position":"center center","background-size":"auto","background-attachment":"scroll","background-type":"","background-media":"","overlay-type":"","overlay-color":"","overlay-opacity":"","overlay-gradient":""},"tablet":{"background-color":"var(--ast-global-color-4)","background-image":"","background-repeat":"repeat","background-position":"center center","background-size":"auto","background-attachment":"scroll","background-type":"","background-media":"","overlay-type":"","overlay-color":"","overlay-opacity":"","overlay-gradient":""},"mobile":{"background-color":"var(--ast-global-color-4)","background-image":"","background-repeat":"repeat","background-position":"center center","background-size":"auto","background-attachment":"scroll","background-type":"","background-media":"","overlay-type":"","overlay-color":"","overlay-opacity":"","overlay-gradient":""}},"_joinchat":[],"footnotes":""},"categories":[1],"tags":[],"_links":{"self":[{"href":"https:\/\/radiosantaclara.sitetopfm.com.br\/site\/wp-json\/wp\/v2\/posts\/2387"}],"collection":[{"href":"https:\/\/radiosantaclara.sitetopfm.com.br\/site\/wp-json\/wp\/v2\/posts"}],"about":[{"href":"https:\/\/radiosantaclara.sitetopfm.com.br\/site\/wp-json\/wp\/v2\/types\/post"}],"author":[{"embeddable":true,"href":"https:\/\/radiosantaclara.sitetopfm.com.br\/site\/wp-json\/wp\/v2\/users\/1"}],"replies":[{"embeddable":true,"href":"https:\/\/radiosantaclara.sitetopfm.com.br\/site\/wp-json\/wp\/v2\/comments?post=2387"}],"version-history":[{"count":0,"href":"https:\/\/radiosantaclara.sitetopfm.com.br\/site\/wp-json\/wp\/v2\/posts\/2387\/revisions"}],"wp:featuredmedia":[{"embeddable":true,"href":"https:\/\/radiosantaclara.sitetopfm.com.br\/site\/wp-json\/wp\/v2\/media\/2388"}],"wp:attachment":[{"href":"https:\/\/radiosantaclara.sitetopfm.com.br\/site\/wp-json\/wp\/v2\/media?parent=2387"}],"wp:term":[{"taxonomy":"category","embeddable":true,"href":"https:\/\/radiosantaclara.sitetopfm.com.br\/site\/wp-json\/wp\/v2\/categories?post=2387"},{"taxonomy":"post_tag","embeddable":true,"href":"https:\/\/radiosantaclara.sitetopfm.com.br\/site\/wp-json\/wp\/v2\/tags?post=2387"}],"curies":[{"name":"wp","href":"https:\/\/api.w.org\/{rel}","templated":true}]}}