{"id":2373,"date":"2025-08-24T14:01:41","date_gmt":"2025-08-24T17:01:41","guid":{"rendered":"https:\/\/bregatop.sitetopfm.com.br\/site\/camara-aprova-acordo-entre-brasil-e-onu-que-oficializa-sede-da-cop-30-em-belem-pa\/"},"modified":"2025-08-24T14:01:41","modified_gmt":"2025-08-24T17:01:41","slug":"camara-aprova-acordo-entre-brasil-e-onu-que-oficializa-sede-da-cop-30-em-belem-pa","status":"publish","type":"post","link":"https:\/\/radiosantaclara.sitetopfm.com.br\/site\/camara-aprova-acordo-entre-brasil-e-onu-que-oficializa-sede-da-cop-30-em-belem-pa\/","title":{"rendered":"C\u00e2mara aprova acordo entre Brasil e ONU que oficializa sede da COP 30 em Bel\u00e9m (PA)"},"content":{"rendered":"<p> <br \/>\n<\/p>\n<div id=\"image-container-1190663\" class=\"image-container\" style=\"float: none;margin: 45px 0px;width: 100%\" data-midia=\"1190663\">\n<div class=\"midia-creditos\"><em>Bruno Spada\/C\u00e2mara dos Deputados<\/em><\/div>\n<div class=\"media-wrapper\"><img decoding=\"async\" style=\"width: 100%;height: auto\" src=\"https:\/\/www.camara.leg.br\/midias\/image\/2025\/08\/img20250819211807530-768x473.jpg\" alt=\"Discuss\u00e3o e Vota\u00e7\u00e3o de Propostas Legislativas. Dep. Dilvanda Faro (PT-PA)\" \/><\/div>\n<div class=\"midia-legenda\">Dilvanda Faro, relatora do texto<\/div>\n<\/div>\n<p>A C\u00e2mara dos Deputados aprovou acordo entre o Brasil e o secretariado da Conven\u00e7\u00e3o-Quadro das Na\u00e7\u00f5es Unidas sobre Mudan\u00e7as Clim\u00e1ticas (UNFCCC) para oficializar a sede da COP 30 em Bel\u00e9m (PA), no per\u00edodo de 10 a 21 de novembro de 2025. O texto ser\u00e1 enviado ao Senado.<\/p>\n<p>O acordo detalha toda a infraestrutura que o pa\u00eds-sede da COP deve garantir aos participantes, sejam os do secretariado da Organiza\u00e7\u00e3o das Na\u00e7\u00f5es Unidas (ONU) ou dos pa\u00edses participantes e observadores.<\/p>\n<p>O texto teve origem em mensagem do Poder Executivo (MSC 914\/25) e, depois de aprovado nesta ter\u00e7a-feira (19), foi transformado no Projeto de Decreto Legislativo (PDL) 615\/25. Nos moldes de outros acordos internacionais, o Congresso apenas referenda os termos do acordo sem mudar seu conte\u00fado.<\/p>\n<p>A relatora, deputada Dilvanda Faro (PT-PA), destacou que o acordo estabelece o marco jur\u00eddico e operacional necess\u00e1rio para garantir a realiza\u00e7\u00e3o da confer\u00eancia nos moldes exigidos pelas Na\u00e7\u00f5es Unidas. &#8220;A realiza\u00e7\u00e3o da COP 30 no Brasil, e especificamente em Bel\u00e9m, representa uma oportunidade hist\u00f3rica tanto no campo diplom\u00e1tico quanto na agenda ambiental&#8221;, disse.<\/p>\n<p>Segundo Dilvanda Faro, o evento projeta o Pa\u00eds como protagonista em negocia\u00e7\u00f5es multilaterais e amplia a visibilidade da Amaz\u00f4nia. &#8220;A confer\u00eancia deixa de ser apenas um marco diplom\u00e1tico e se converte em um vetor de transforma\u00e7\u00e3o ambiental, econ\u00f4mica e social, capaz de afirmar o Brasil como lideran\u00e7a incontorn\u00e1vel no enfrentamento global das mudan\u00e7as clim\u00e1ticas&#8221;, declarou.<\/p>\n<p><strong>Garantia de espa\u00e7os<br \/>\n<\/strong>O texto prev\u00ea a garantia de espa\u00e7os para todos os tipos de reuni\u00f5es, espa\u00e7o especial para povos ind\u00edgenas e quilombolas, acesso a transporte, atendimento m\u00e9dico de emerg\u00eancia, alimenta\u00e7\u00e3o no local, internet e seguran\u00e7a de dados, seguran\u00e7a, equipamentos, tradu\u00e7\u00e3o simult\u00e2nea para os seis idiomas oficias da ONU e o pagamento de obriga\u00e7\u00f5es financeiras vinculadas ao evento.<\/p>\n<p>Segundo o acordo, o Brasil dever\u00e1 depositar para o secretariado da conven\u00e7\u00e3o do clima o valor de 7,2 milh\u00f5es de d\u00f3lares (cerca de R$ 38,8 milh\u00f5es) a t\u00edtulo de cobertura dos custos adicionais reais direta ou indiretamente envolvidos na realiza\u00e7\u00e3o da confer\u00eancia em Bel\u00e9m em vez de Bonn, na Alemanha.<\/p>\n<p><strong>Hospedagem<\/strong><br \/>\nQuanto \u00e0 hospedagem, o texto diz que o governo anfitri\u00e3o dever\u00e1 garantir que estejam dispon\u00edveis aos participantes acomoda\u00e7\u00f5es adequadas e de f\u00e1cil acesso, incluindo hot\u00e9is e resid\u00eancias, \u201ca pre\u00e7os comerciais razo\u00e1veis\u201d que \u201cn\u00e3o ultrapassem as condi\u00e7\u00f5es usuais de mercado\u201d.<\/p>\n<p>Esse \u00e9 exatamente um dos pontos mais criticados pelos pa\u00edses participantes, j\u00e1 que a m\u00e9dia de pre\u00e7os das hospedagens alcan\u00e7ou um alto custo fora da m\u00e9dia anterior ao evento.<\/p>\n<p>O acordo prev\u00ea que o governo dever\u00e1 reservar e pagar um total estimado de 605 quartos para o secretariado da conven\u00e7\u00e3o e outros oficiais e contratantes das Na\u00e7\u00f5es Unidas oficialmente designados para prestar servi\u00e7os durante a COP 30.<\/p>\n<p>Mais 173 quartos ser\u00e3o reservados pelo governo e pagos pelo secretariado a uma entidade designada pelo governo.<\/p>\n<p><strong>Navios<\/strong><br \/>\nAtualmente, a regi\u00e3o metropolitana de Bel\u00e9m tem pouco mais de 24 mil leitos dispon\u00edveis, segundo sindicatos do setor, e a estimativa \u00e9 receber 50 mil pessoas em novembro.<\/p>\n<p>Para refor\u00e7ar a disponibilidade, o governo contratou dois navios de cruzeiro que devem fornecer 3,9 mil cabines com at\u00e9 6 mil leitos. Os navios ficar\u00e3o atracados a cerca de 20 km do evento.<\/p>\n<p><strong>Debate em Plen\u00e1rio<br \/>\n<\/strong>O coordenador da Frente Parlamentar Mista Ambientalista, deputado Nilto Tatto (PT-SP), ressaltou que a confer\u00eancia \u00e9 a maior organizada pela ONU. &#8220;\u00c9 muito importante para o planeta, para o enfrentamento da crise clim\u00e1tica&#8221;, afirmou.<\/p>\n<p>O deputado Bohn Gass (PT-RS) disse que o Brasil \u00e9 o local correto para se realizar a COP 30. &#8220;As na\u00e7\u00f5es do mundo vir\u00e3o ao Brasil para debater o clima e precisamos fazer com que os pa\u00edses ricos, grandes respons\u00e1veis pela destrui\u00e7\u00e3o do clima, paguem&#8221;, declarou.<\/p>\n<p>Para o deputado Rodrigo Rollemberg (PSB-DF), o Brasil poder\u00e1 mostrar ao mundo os avan\u00e7os no combate ao desmatamento e a agricultura sustent\u00e1vel. &#8220;Temos todas as condi\u00e7\u00f5es para sermos a grande lideran\u00e7a da economia verde em todo o mundo&#8221;, disse.<\/p>\n<p>Por\u00e9m, para parlamentares da oposi\u00e7\u00e3o, o Par\u00e1 n\u00e3o tem condi\u00e7\u00f5es de sediar o evento. Na opini\u00e3o do deputado Kim Kataguiri (Uni\u00e3o-SP), o Par\u00e1 n\u00e3o tem estrutura para receber os pr\u00f3prios paraenses. &#8220;Quanto mais pobre o pa\u00eds que o embaixador representa, mais desesperado ele est\u00e1 de pagar R$ 10 mil por um barraco&#8221;, afirmou.<\/p>\n<p>Para o deputado Cabo Gilberto Silva (PL-PB), vice-l\u00edder da oposi\u00e7\u00e3o, o governo brasileiro quer sediar a COP 30 sem ter condi\u00e7\u00f5es para viabilizar o evento.<\/p>\n<p>O deputado Delegado \u00c9der Mauro (PL-PA) disse que a COP 30 ser\u00e1 uma &#8220;grande farsa&#8221; para o povo brasileiro. &#8220;S\u00e3o in\u00fameros os casos de corrup\u00e7\u00e3o envolvendo as verbas da COP 30&#8221;, declarou.<\/p>\n<p>A mesma fala foi feita pelo deputado Delegado Caveira (PL-PA). &#8220;Est\u00e3o roubando no Par\u00e1 do p\u00e3o ao avi\u00e3o&#8221;, disse, sem detalhar a den\u00fancia.<\/p>\n<p>Segundo o deputado Henderson Pinto (MDB-PA), o Par\u00e1 est\u00e1 sendo preparado para a COP e ofertar\u00e1 todos os leitos necess\u00e1rios. &#8220;O maior evento cat\u00f3lico acontece todos os anos no Par\u00e1, que \u00e9 o c\u00edrio, recebe 2 milh\u00f5es de pessoas e todos v\u00e3o para l\u00e1 e s\u00e3o atendidos&#8221;, explicou.<\/p>\n<p><a href=\"https:\/\/www.camara.leg.br\/noticias\/606437-conheca-a-tramitacao-de-projetos-de-decreto-legislativo\/\">Conhe\u00e7a a tramita\u00e7\u00e3o de projetos de decreto legislativo<\/a><\/p>\n<p><br \/>\n<br \/><a href=\"https:\/\/www.camara.leg.br\/noticias\/1190653-camara-aprova-acordo-entre-brasil-e-onu-que-oficializa-sede-da-cop-30-em-belem-pa\/\">postagem original <\/a><\/p>\n","protected":false},"excerpt":{"rendered":"<p>Bruno Spada\/C\u00e2mara dos Deputados Dilvanda Faro, relatora do texto A C\u00e2mara dos Deputados aprovou acordo entre o Brasil e o [&hellip;]<\/p>\n","protected":false},"author":1,"featured_media":2374,"comment_status":"open","ping_status":"open","sticky":false,"template":"","format":"standard","meta":{"site-sidebar-layout":"default","site-content-layout":"","ast-site-content-layout":"default","site-content-style":"default","site-sidebar-style":"default","ast-global-header-display":"","ast-banner-title-visibility":"","ast-main-header-display":"","ast-hfb-above-header-display":"","ast-hfb-below-header-display":"","ast-hfb-mobile-header-display":"","site-post-title":"","ast-breadcrumbs-content":"","ast-featured-img":"","footer-sml-layout":"","theme-transparent-header-meta":"","adv-header-id-meta":"","stick-header-meta":"","header-above-stick-meta":"","header-main-stick-meta":"","header-below-stick-meta":"","astra-migrate-meta-layouts":"default","ast-page-background-enabled":"default","ast-page-background-meta":{"desktop":{"background-color":"var(--ast-global-color-5)","background-image":"","background-repeat":"repeat","background-position":"center center","background-size":"auto","background-attachment":"scroll","background-type":"","background-media":"","overlay-type":"","overlay-color":"","overlay-opacity":"","overlay-gradient":""},"tablet":{"background-color":"","background-image":"","background-repeat":"repeat","background-position":"center center","background-size":"auto","background-attachment":"scroll","background-type":"","background-media":"","overlay-type":"","overlay-color":"","overlay-opacity":"","overlay-gradient":""},"mobile":{"background-color":"","background-image":"","background-repeat":"repeat","background-position":"center center","background-size":"auto","background-attachment":"scroll","background-type":"","background-media":"","overlay-type":"","overlay-color":"","overlay-opacity":"","overlay-gradient":""}},"ast-content-background-meta":{"desktop":{"background-color":"var(--ast-global-color-4)","background-image":"","background-repeat":"repeat","background-position":"center center","background-size":"auto","background-attachment":"scroll","background-type":"","background-media":"","overlay-type":"","overlay-color":"","overlay-opacity":"","overlay-gradient":""},"tablet":{"background-color":"var(--ast-global-color-4)","background-image":"","background-repeat":"repeat","background-position":"center center","background-size":"auto","background-attachment":"scroll","background-type":"","background-media":"","overlay-type":"","overlay-color":"","overlay-opacity":"","overlay-gradient":""},"mobile":{"background-color":"var(--ast-global-color-4)","background-image":"","background-repeat":"repeat","background-position":"center center","background-size":"auto","background-attachment":"scroll","background-type":"","background-media":"","overlay-type":"","overlay-color":"","overlay-opacity":"","overlay-gradient":""}},"_joinchat":[],"footnotes":""},"categories":[1],"tags":[],"_links":{"self":[{"href":"https:\/\/radiosantaclara.sitetopfm.com.br\/site\/wp-json\/wp\/v2\/posts\/2373"}],"collection":[{"href":"https:\/\/radiosantaclara.sitetopfm.com.br\/site\/wp-json\/wp\/v2\/posts"}],"about":[{"href":"https:\/\/radiosantaclara.sitetopfm.com.br\/site\/wp-json\/wp\/v2\/types\/post"}],"author":[{"embeddable":true,"href":"https:\/\/radiosantaclara.sitetopfm.com.br\/site\/wp-json\/wp\/v2\/users\/1"}],"replies":[{"embeddable":true,"href":"https:\/\/radiosantaclara.sitetopfm.com.br\/site\/wp-json\/wp\/v2\/comments?post=2373"}],"version-history":[{"count":0,"href":"https:\/\/radiosantaclara.sitetopfm.com.br\/site\/wp-json\/wp\/v2\/posts\/2373\/revisions"}],"wp:featuredmedia":[{"embeddable":true,"href":"https:\/\/radiosantaclara.sitetopfm.com.br\/site\/wp-json\/wp\/v2\/media\/2374"}],"wp:attachment":[{"href":"https:\/\/radiosantaclara.sitetopfm.com.br\/site\/wp-json\/wp\/v2\/media?parent=2373"}],"wp:term":[{"taxonomy":"category","embeddable":true,"href":"https:\/\/radiosantaclara.sitetopfm.com.br\/site\/wp-json\/wp\/v2\/categories?post=2373"},{"taxonomy":"post_tag","embeddable":true,"href":"https:\/\/radiosantaclara.sitetopfm.com.br\/site\/wp-json\/wp\/v2\/tags?post=2373"}],"curies":[{"name":"wp","href":"https:\/\/api.w.org\/{rel}","templated":true}]}}