{"id":2298,"date":"2025-08-24T08:50:16","date_gmt":"2025-08-24T11:50:16","guid":{"rendered":"https:\/\/bregatop.sitetopfm.com.br\/site\/motta-defende-projeto-que-preve-suspensao-de-6-meses-a-deputado-que-impedir-funcionamento-de-atividade-legislativa-noticias\/"},"modified":"2025-08-24T08:50:16","modified_gmt":"2025-08-24T11:50:16","slug":"motta-defende-projeto-que-preve-suspensao-de-6-meses-a-deputado-que-impedir-funcionamento-de-atividade-legislativa-noticias","status":"publish","type":"post","link":"https:\/\/radiosantaclara.sitetopfm.com.br\/site\/motta-defende-projeto-que-preve-suspensao-de-6-meses-a-deputado-que-impedir-funcionamento-de-atividade-legislativa-noticias\/","title":{"rendered":"Motta defende projeto que prev\u00ea suspens\u00e3o de 6 meses a deputado que impedir funcionamento de atividade legislativa &#8211; Not\u00edcias"},"content":{"rendered":"<p> <br \/>\n<\/p>\n<div>\n<div>\n<p class=\"g-artigo__data-hora\">\n                      19\/08\/2025 &#8211; 18:19 \u00a0\n                    <\/p>\n<div id=\"image-container-1190502\" class=\"image-container\" style=\"float: none; margin: 45px 0px; width: 100%;\" data-midia=\"1190502\">\n<p><em>Marina Ramos\/C\u00e2mara dos Deputados<\/em><\/p>\n<p>Hugo Motta, presidente da C\u00e2mara dos Deputados<\/p>\n<\/p><\/div>\n<p>O presidente da C\u00e2mara dos Deputados, Hugo Motta (Republicanos-PB), defendeu a an\u00e1lise do <a href=\"https:\/\/www.camara.leg.br\/noticias\/1190279-projeto-permite-suspensao-de-deputados-que-praticarem-agressoes-fisicas-ou-impedirem-atividade-legislativa\/\">Projeto de Resolu\u00e7\u00e3o 63\/25<\/a>, da <span id=\"4072\" class=\"termoGlossario\" title=\"\u00d3rg\u00e3o respons\u00e1vel pela dire\u00e7\u00e3o dos trabalhos legislativos e dos servi\u00e7os administrativos da C\u00e2mara. \u00c9 composta por presidente, dois vice-presidentes e quatro secret\u00e1rios, al\u00e9m de quatro suplentes de secret\u00e1rios.\" contenteditable=\"false\" data-toggle=\"tooltip\" data-placement=\"top\">Mesa Diretora<\/span> da C\u00e2mara, que prev\u00ea pedido de suspens\u00e3o cautelar por 6 meses para quem agredir fisicamente ou impedir, por a\u00e7\u00e3o f\u00edsica, o funcionamento das atividades legislativas. A <span id=\"4227\" class=\"termoGlossario\" title=\"Regime de tramita\u00e7\u00e3o que dispensa exig\u00eancias, interst\u00edcios e formalidades regimentais (salvo a publica\u00e7\u00e3o, o qu\u00f3rum e os pareceres) para que uma proposi\u00e7\u00e3o seja apreciada pela C\u00e2mara de forma mais c\u00e9lere. Pode-se dizer que as proposi\u00e7\u00f5es s\u00e3o urgentes em raz\u00e3o da natureza da mat\u00e9ria; em raz\u00e3o de serem de iniciativa do Poder Executivo, com solicita\u00e7\u00e3o de urg\u00eancia do presidente da Rep\u00fablica; ou em virtude de terem sido reconhecidas, por delibera\u00e7\u00e3o do Plen\u00e1rio, com esse car\u00e1ter. Alguns projetos j\u00e1 tramitam automaticamente em regime de urg\u00eancia, como os que tratam de acordos internacionais.\" contenteditable=\"false\" data-toggle=\"tooltip\" data-placement=\"top\">urg\u00eancia<\/span> da proposta foi aprovada nesta ter\u00e7a-feira (19) no Plen\u00e1rio.<\/p>\n<p>&#8220;Defendo que o relat\u00f3rio possa ser negociado, n\u00e3o h\u00e1 necessidade de se votar isso hoje ou amanh\u00e3, pode se conversar com os partidos, mas algo precisa ser feito&#8221;, afirmou.<\/p>\n<p>Segundo Motta, a proposta \u00e9 uma demonstra\u00e7\u00e3o clara de que a Presid\u00eancia da C\u00e2mara n\u00e3o concordar\u00e1 com movimentos como o da oposi\u00e7\u00e3o na primeira semana de agosto, quando impediu as vota\u00e7\u00f5es em Plen\u00e1rio. &#8220;\u00c9 uma demonstra\u00e7\u00e3o de que devemos ser en\u00e9rgicos com esse tipo de atitude&#8221;, disse.<\/p>\n<p>Motta declarou que n\u00e3o h\u00e1 interesse dele em &#8220;hipertrofiar poderes da Presid\u00eancia&#8221;, mas de proteger o bom funcionamento da C\u00e2mara. &#8220;Como estamos tendo movimentos desequilibrados, s\u00f3 vamos conseguir controlar se tivermos sobre a Mesa a condi\u00e7\u00e3o de punir e sermos pedag\u00f3gicos com quem n\u00e3o cumprir o Regimento Interno&#8221;, disse.<\/p>\n<p style=\"font-size: 0.8rem; font-weight: 700;\">Reportagem \u2013 Tiago Miranda<br \/>Edi\u00e7\u00e3o \u2013 Pierre Triboli<\/p>\n<\/p><\/div>\n<\/p><\/div>\n<p><br \/>\n<br \/><a href=\"https:\/\/www.camara.leg.br\/noticias\/1190443-motta-defende-projeto-que-preve-suspensao-de-6-meses-a-deputado-que-impedir-funcionamento-de-atividade-legislativa\/\">postagem original <\/a><\/p>\n","protected":false},"excerpt":{"rendered":"<p>19\/08\/2025 &#8211; 18:19 \u00a0 Marina Ramos\/C\u00e2mara dos Deputados Hugo Motta, presidente da C\u00e2mara dos Deputados O presidente da C\u00e2mara dos [&hellip;]<\/p>\n","protected":false},"author":1,"featured_media":2299,"comment_status":"open","ping_status":"open","sticky":false,"template":"","format":"standard","meta":{"site-sidebar-layout":"default","site-content-layout":"","ast-site-content-layout":"default","site-content-style":"default","site-sidebar-style":"default","ast-global-header-display":"","ast-banner-title-visibility":"","ast-main-header-display":"","ast-hfb-above-header-display":"","ast-hfb-below-header-display":"","ast-hfb-mobile-header-display":"","site-post-title":"","ast-breadcrumbs-content":"","ast-featured-img":"","footer-sml-layout":"","theme-transparent-header-meta":"","adv-header-id-meta":"","stick-header-meta":"","header-above-stick-meta":"","header-main-stick-meta":"","header-below-stick-meta":"","astra-migrate-meta-layouts":"default","ast-page-background-enabled":"default","ast-page-background-meta":{"desktop":{"background-color":"var(--ast-global-color-5)","background-image":"","background-repeat":"repeat","background-position":"center center","background-size":"auto","background-attachment":"scroll","background-type":"","background-media":"","overlay-type":"","overlay-color":"","overlay-opacity":"","overlay-gradient":""},"tablet":{"background-color":"","background-image":"","background-repeat":"repeat","background-position":"center center","background-size":"auto","background-attachment":"scroll","background-type":"","background-media":"","overlay-type":"","overlay-color":"","overlay-opacity":"","overlay-gradient":""},"mobile":{"background-color":"","background-image":"","background-repeat":"repeat","background-position":"center center","background-size":"auto","background-attachment":"scroll","background-type":"","background-media":"","overlay-type":"","overlay-color":"","overlay-opacity":"","overlay-gradient":""}},"ast-content-background-meta":{"desktop":{"background-color":"var(--ast-global-color-4)","background-image":"","background-repeat":"repeat","background-position":"center center","background-size":"auto","background-attachment":"scroll","background-type":"","background-media":"","overlay-type":"","overlay-color":"","overlay-opacity":"","overlay-gradient":""},"tablet":{"background-color":"var(--ast-global-color-4)","background-image":"","background-repeat":"repeat","background-position":"center center","background-size":"auto","background-attachment":"scroll","background-type":"","background-media":"","overlay-type":"","overlay-color":"","overlay-opacity":"","overlay-gradient":""},"mobile":{"background-color":"var(--ast-global-color-4)","background-image":"","background-repeat":"repeat","background-position":"center center","background-size":"auto","background-attachment":"scroll","background-type":"","background-media":"","overlay-type":"","overlay-color":"","overlay-opacity":"","overlay-gradient":""}},"_joinchat":[],"footnotes":""},"categories":[1],"tags":[],"_links":{"self":[{"href":"https:\/\/radiosantaclara.sitetopfm.com.br\/site\/wp-json\/wp\/v2\/posts\/2298"}],"collection":[{"href":"https:\/\/radiosantaclara.sitetopfm.com.br\/site\/wp-json\/wp\/v2\/posts"}],"about":[{"href":"https:\/\/radiosantaclara.sitetopfm.com.br\/site\/wp-json\/wp\/v2\/types\/post"}],"author":[{"embeddable":true,"href":"https:\/\/radiosantaclara.sitetopfm.com.br\/site\/wp-json\/wp\/v2\/users\/1"}],"replies":[{"embeddable":true,"href":"https:\/\/radiosantaclara.sitetopfm.com.br\/site\/wp-json\/wp\/v2\/comments?post=2298"}],"version-history":[{"count":0,"href":"https:\/\/radiosantaclara.sitetopfm.com.br\/site\/wp-json\/wp\/v2\/posts\/2298\/revisions"}],"wp:featuredmedia":[{"embeddable":true,"href":"https:\/\/radiosantaclara.sitetopfm.com.br\/site\/wp-json\/wp\/v2\/media\/2299"}],"wp:attachment":[{"href":"https:\/\/radiosantaclara.sitetopfm.com.br\/site\/wp-json\/wp\/v2\/media?parent=2298"}],"wp:term":[{"taxonomy":"category","embeddable":true,"href":"https:\/\/radiosantaclara.sitetopfm.com.br\/site\/wp-json\/wp\/v2\/categories?post=2298"},{"taxonomy":"post_tag","embeddable":true,"href":"https:\/\/radiosantaclara.sitetopfm.com.br\/site\/wp-json\/wp\/v2\/tags?post=2298"}],"curies":[{"name":"wp","href":"https:\/\/api.w.org\/{rel}","templated":true}]}}