{"id":1651,"date":"2025-08-14T10:04:49","date_gmt":"2025-08-14T13:04:49","guid":{"rendered":"https:\/\/canalsamba.sitetopfm.com.br\/site\/parlamentares-buscam-saida-para-embargos-do-ibama-na-amazonia-legal-noticias\/"},"modified":"2025-08-14T10:04:49","modified_gmt":"2025-08-14T13:04:49","slug":"parlamentares-buscam-saida-para-embargos-do-ibama-na-amazonia-legal-noticias","status":"publish","type":"post","link":"https:\/\/radiosantaclara.sitetopfm.com.br\/site\/parlamentares-buscam-saida-para-embargos-do-ibama-na-amazonia-legal-noticias\/","title":{"rendered":"Parlamentares buscam sa\u00edda para embargos do Ibama na Amaz\u00f4nia Legal &#8211; Not\u00edcias"},"content":{"rendered":"<p> <br \/>\n<\/p>\n<div>\n<p class=\"g-artigo__data-hora\">\n                      14\/08\/2025 &#8211; 09:05 \u00a0\n                    <\/p>\n<div id=\"image-container-1188448\" class=\"image-container\" style=\"float: none; margin: 45px 0px; width: 100%;\" data-midia=\"1188448\">\n<p><em>Vinicius Loures\/C\u00e2mara dos Deputados<\/em><\/p>\n<p>Tema foi debatido em audi\u00eancia da Comiss\u00e3o de Agricultura<\/p>\n<\/p><\/div>\n<p>Deputados e senadores discutem alternativas para resolver a inseguran\u00e7a jur\u00eddica enfrentada por cerca de 4.200 propriedades rurais de cinco estados afetados por embargos do Instituto Brasileiro do Meio Ambiente e dos Recursos Naturais Renov\u00e1veis (Ibama) em \u00e1reas desmatadas da <span id=\"4337\" class=\"termoGlossario\" title=\"\u00c1rea institu\u00edda pela Lei 1.806\/53 para fins de planejamento econ\u00f4mico da regi\u00e3o amaz\u00f4nica. Abrange a totalidade dos estados do Acre, do Amap\u00e1, do Amazonas, do Par\u00e1, de Rond\u00f4nia, de Roraima e do Tocantins e parte dos estados do Maranh\u00e3o e do Mato Grosso, perfazendo uma superf\u00edcie de aproximadamente 5.217.423 km\u00b2, o que corresponde a cerca de 61% do territ\u00f3rio brasileiro.\" contenteditable=\"false\" data-toggle=\"tooltip\" data-placement=\"top\">Amaz\u00f4nia Legal<\/span>. As a\u00e7\u00f5es estudadas v\u00e3o de projetos de lei a negocia\u00e7\u00f5es voltadas \u00e0 regulariza\u00e7\u00e3o fundi\u00e1ria e ambiental dos im\u00f3veis.<\/p>\n<p>O impasse atinge munic\u00edpios de Rond\u00f4nia, Acre, Amazonas, Par\u00e1 e Mato Grosso e foi debatido em audi\u00eancia da Comiss\u00e3o de Agricultura da C\u00e2mara dos Deputados, nesta quarta-feira (13).<\/p>\n<p><strong>Situa\u00e7\u00e3o de Rond\u00f4nia<\/strong><br \/>Produtores rurais afirmaram que, s\u00f3 em Porto Velho (RO), foram emitidas 800 notifica\u00e7\u00f5es em maio, acompanhadas de multas, apreens\u00e3o de animais, equipamentos e bens, interdi\u00e7\u00e3o compuls\u00f3ria das atividades, bloqueio de CPF, perda de acesso ao cr\u00e9dito rural e impossibilidade de comercializar a produ\u00e7\u00e3o.<\/p>\n<p>O representante da Associa\u00e7\u00e3o Rural Mista de Extrema, em Rond\u00f4nia, Aparecido Bispo de Oliveira expressou revolta. \u201cQuando n\u00f3s recebemos a notifica\u00e7\u00e3o, corri no banco. Imediatamente foi baixada minha proposta de financiamento. Como vai ficar minha situa\u00e7\u00e3o futura? N\u00f3s estamos quebrados, a realidade \u00e9 essa. O Ibama est\u00e1 falindo o produtor rural\u201d, desabafou.<\/p>\n<p><strong>Produtores de soja<\/strong><br \/>A Associa\u00e7\u00e3o Brasileira dos Produtores de Soja (Aprosoja) reclamou de puni\u00e7\u00e3o excessiva do \u00f3rg\u00e3o ambiental. O advogado Thiago Rocha cobrou a aplica\u00e7\u00e3o da lei sobre crimes de abuso de autoridade (<a class=\"linkLegislacao\" href=\"https:\/\/www2.camara.gov.br\/legin\/fed\/lei\/2019\/lei-13869-5-setembro-2019-789094-norma-pl.html\">Lei 13.869\/19<\/a>) para responsabilizar os agentes.\u00a0\u201cTem que ter alguma forma de responsabiliza\u00e7\u00e3o ou a gente vai ficar enxugando gelo aqui para sempre\u201d, afirmou.<\/p>\n<p><strong>Subcomiss\u00e3o no Senado<\/strong><br \/>No Senado, o caso \u00e9 analisado por uma subcomiss\u00e3o da Comiss\u00e3o de Agricultura com alvo nos embargos, que estariam sendo aplicados sem notifica\u00e7\u00e3o pessoal do infrator, segundo o senador Jaime Bagattoli (PL-RO).\u00a0\u201cNossas preocupa\u00e7\u00f5es com os embargos preventivos e coletivos incluem a viola\u00e7\u00e3o do devido processo legal e do direito de defesa.\u201d<\/p>\n<p><strong>Projetos na C\u00e2mara<br \/><\/strong>A C\u00e2mara analisa propostas (PDL 318\/25 e PDL 508\/25) do deputado Coronel Ulysses (Uni\u00e3o-AC) que prop\u00f5em a anula\u00e7\u00e3o de decretos do governo relacionados a multas e embargos ambientais.<\/p>\n<p><strong>Reivindica\u00e7\u00f5es<br \/><\/strong>Os produtores rurais encaminharam uma s\u00e9rie de reivindica\u00e7\u00f5es aos parlamentares, entre elas:<\/p>\n<ul>\n<li>adequa\u00e7\u00e3o do <a class=\"linkLegislacao\" href=\"https:\/\/www2.camara.gov.br\/legin\/fed\/lei\/2012\/lei-12651-25-maio-2012-613076-norma-pl.html\">C\u00f3digo Florestal<\/a> \u00e0 realidade produtiva e socioecon\u00f4mica da regi\u00e3o Norte;<\/li>\n<li>suspens\u00e3o das a\u00e7\u00f5es que resultem em confisco de produ\u00e7\u00f5es agropecu\u00e1rias;<\/li>\n<li>anistia de multas e suspens\u00e3o de embargos autom\u00e1ticos promovidos pelos \u00f3rg\u00e3os ambientais (Ibama, ICMBio e secretarias estaduais); e<\/li>\n<li>suspens\u00e3o dos efeitos de registros do Banco Central que impe\u00e7am produtores multados ou embargados de acessar cr\u00e9dito ou manter suas atividades.<\/li>\n<\/ul>\n<p><strong>Terras de Rond\u00f4nia<\/strong><br \/>Especificamente em rela\u00e7\u00e3o a Rond\u00f4nia, a organizadora do debate, deputada Cristiane Lopes (Uni\u00e3o-RO) defendeu a aprova\u00e7\u00e3o de um projeto de lei que ela apresentou no ano passado (PL 3609\/24). Segundo ela, a ideia \u00e9 transferir, gratuitamente, as terras pertencente \u00e0 Uni\u00e3o para o dom\u00ednio do estado de Rond\u00f4nia.<\/p>\n<p>&#8220;Esse projeto de lei j\u00e1 est\u00e1 na Comiss\u00e3o de Meio Ambiente. Lutamos para a aprova\u00e7\u00e3o, porque \u00e9 o que vai solucionar esse grave problema hoje no estado de Rond\u00f4nia\u201d, disse.<\/p>\n<p><strong>Cadastro Ambiental Rural<\/strong><br \/>Cristiane Lopes se comprometeu a intermediar reuni\u00f5es diretas dos produtores rurais com v\u00e1rios \u00f3rg\u00e3os do governo federal a fim de outras solu\u00e7\u00f5es concretas. A deputada ainda cobrou avan\u00e7o dos \u00f3rg\u00e3os estaduais no processo de regulariza\u00e7\u00e3o fundi\u00e1ria por meio do Cadastro Ambiental Rural (CAR).<\/p>\n<p>Essa sa\u00edda tamb\u00e9m foi defendida pelo diretor de prote\u00e7\u00e3o ambiental do Ibama, Jair Scmitt. \u201cO primeiro ponto perpassa a quest\u00e3o da regulariza\u00e7\u00e3o fundi\u00e1ria e o passo subsequente tamb\u00e9m \u00e9 a regulariza\u00e7\u00e3o ambiental, porque a an\u00e1lise do CAR consolida os direitos e a situa\u00e7\u00e3o da propriedade. H\u00e1 \u00e1reas em que voc\u00ea tem uma sobreposi\u00e7\u00e3o de CAR e isso, de fato, cria inseguran\u00e7a jur\u00eddica\u201d, explicou.<\/p>\n<p><strong>Desmatamento<\/strong><br \/>Jair Schmitt garantiu que os embargos do Ibama s\u00e3o respaldados por lei (C\u00f3digo Florestal e Lei de Crimes Ambientais) e funcionam como medida cautelar para cessar o desmatamento e permitir a recupera\u00e7\u00e3o ambiental da \u00e1rea.<\/p>\n<p>Ele citou dados do\u00a0 Instituto Nacional de Pesquisas Espaciais (INPE\/Deter) que apontaram alta de 3% no desmatamento do bioma amaz\u00f4nico entre agosto de 2024 e junho de 2025, ap\u00f3s sucessivos per\u00edodos de redu\u00e7\u00e3o.<\/p>\n<p>S\u00f3 em Rond\u00f4nia, conforme explicou, a taxa de degrada\u00e7\u00e3o florestal por inc\u00eandio ou explora\u00e7\u00e3o irregular de madeira chegou a 4.818 quil\u00f4metros quadrados, muito superior \u00e0 m\u00e9dia dos \u00faltimos 10 anos e quatro vezes maior do que o recorde de 1.083 quil\u00f4metros quadrados registrado entre 2015 e 2016.<\/p>\n<p style=\"font-size: 0.8rem; font-weight: 700;\">Reportagem \u2013 Jos\u00e9 Carlos Oliveira<br \/>Edi\u00e7\u00e3o \u2013 Rachel Librelon<\/p>\n<\/p><\/div>\n<p><br \/>\n<br \/><a href=\"https:\/\/www.camara.leg.br\/noticias\/1188409-parlamentares-buscam-saida-para-embargos-do-ibama-na-amazonia-legal\/\">postagem original <\/a><\/p>\n","protected":false},"excerpt":{"rendered":"<p>14\/08\/2025 &#8211; 09:05 \u00a0 Vinicius Loures\/C\u00e2mara dos Deputados Tema foi debatido em audi\u00eancia da Comiss\u00e3o de Agricultura Deputados e senadores [&hellip;]<\/p>\n","protected":false},"author":1,"featured_media":1652,"comment_status":"open","ping_status":"open","sticky":false,"template":"","format":"standard","meta":{"site-sidebar-layout":"default","site-content-layout":"","ast-site-content-layout":"default","site-content-style":"default","site-sidebar-style":"default","ast-global-header-display":"","ast-banner-title-visibility":"","ast-main-header-display":"","ast-hfb-above-header-display":"","ast-hfb-below-header-display":"","ast-hfb-mobile-header-display":"","site-post-title":"","ast-breadcrumbs-content":"","ast-featured-img":"","footer-sml-layout":"","theme-transparent-header-meta":"","adv-header-id-meta":"","stick-header-meta":"","header-above-stick-meta":"","header-main-stick-meta":"","header-below-stick-meta":"","astra-migrate-meta-layouts":"default","ast-page-background-enabled":"default","ast-page-background-meta":{"desktop":{"background-color":"var(--ast-global-color-5)","background-image":"","background-repeat":"repeat","background-position":"center center","background-size":"auto","background-attachment":"scroll","background-type":"","background-media":"","overlay-type":"","overlay-color":"","overlay-opacity":"","overlay-gradient":""},"tablet":{"background-color":"","background-image":"","background-repeat":"repeat","background-position":"center center","background-size":"auto","background-attachment":"scroll","background-type":"","background-media":"","overlay-type":"","overlay-color":"","overlay-opacity":"","overlay-gradient":""},"mobile":{"background-color":"","background-image":"","background-repeat":"repeat","background-position":"center center","background-size":"auto","background-attachment":"scroll","background-type":"","background-media":"","overlay-type":"","overlay-color":"","overlay-opacity":"","overlay-gradient":""}},"ast-content-background-meta":{"desktop":{"background-color":"var(--ast-global-color-4)","background-image":"","background-repeat":"repeat","background-position":"center center","background-size":"auto","background-attachment":"scroll","background-type":"","background-media":"","overlay-type":"","overlay-color":"","overlay-opacity":"","overlay-gradient":""},"tablet":{"background-color":"var(--ast-global-color-4)","background-image":"","background-repeat":"repeat","background-position":"center center","background-size":"auto","background-attachment":"scroll","background-type":"","background-media":"","overlay-type":"","overlay-color":"","overlay-opacity":"","overlay-gradient":""},"mobile":{"background-color":"var(--ast-global-color-4)","background-image":"","background-repeat":"repeat","background-position":"center center","background-size":"auto","background-attachment":"scroll","background-type":"","background-media":"","overlay-type":"","overlay-color":"","overlay-opacity":"","overlay-gradient":""}},"_joinchat":[],"footnotes":""},"categories":[1],"tags":[],"_links":{"self":[{"href":"https:\/\/radiosantaclara.sitetopfm.com.br\/site\/wp-json\/wp\/v2\/posts\/1651"}],"collection":[{"href":"https:\/\/radiosantaclara.sitetopfm.com.br\/site\/wp-json\/wp\/v2\/posts"}],"about":[{"href":"https:\/\/radiosantaclara.sitetopfm.com.br\/site\/wp-json\/wp\/v2\/types\/post"}],"author":[{"embeddable":true,"href":"https:\/\/radiosantaclara.sitetopfm.com.br\/site\/wp-json\/wp\/v2\/users\/1"}],"replies":[{"embeddable":true,"href":"https:\/\/radiosantaclara.sitetopfm.com.br\/site\/wp-json\/wp\/v2\/comments?post=1651"}],"version-history":[{"count":0,"href":"https:\/\/radiosantaclara.sitetopfm.com.br\/site\/wp-json\/wp\/v2\/posts\/1651\/revisions"}],"wp:featuredmedia":[{"embeddable":true,"href":"https:\/\/radiosantaclara.sitetopfm.com.br\/site\/wp-json\/wp\/v2\/media\/1652"}],"wp:attachment":[{"href":"https:\/\/radiosantaclara.sitetopfm.com.br\/site\/wp-json\/wp\/v2\/media?parent=1651"}],"wp:term":[{"taxonomy":"category","embeddable":true,"href":"https:\/\/radiosantaclara.sitetopfm.com.br\/site\/wp-json\/wp\/v2\/categories?post=1651"},{"taxonomy":"post_tag","embeddable":true,"href":"https:\/\/radiosantaclara.sitetopfm.com.br\/site\/wp-json\/wp\/v2\/tags?post=1651"}],"curies":[{"name":"wp","href":"https:\/\/api.w.org\/{rel}","templated":true}]}}