{"id":1570,"date":"2025-08-14T09:05:36","date_gmt":"2025-08-14T12:05:36","guid":{"rendered":"https:\/\/canalsamba.sitetopfm.com.br\/site\/comissao-aprova-aumento-de-pena-para-crimes-contra-idoso-ou-pessoa-com-deficiencia-noticias\/"},"modified":"2025-08-14T09:05:36","modified_gmt":"2025-08-14T12:05:36","slug":"comissao-aprova-aumento-de-pena-para-crimes-contra-idoso-ou-pessoa-com-deficiencia-noticias","status":"publish","type":"post","link":"https:\/\/radiosantaclara.sitetopfm.com.br\/site\/comissao-aprova-aumento-de-pena-para-crimes-contra-idoso-ou-pessoa-com-deficiencia-noticias\/","title":{"rendered":"Comiss\u00e3o aprova aumento de pena para crimes contra idoso ou pessoa com defici\u00eancia &#8211; Not\u00edcias"},"content":{"rendered":"<p> <br \/>\n<\/p>\n<div>\n<p class=\"g-artigo__data-hora\">\n                      13\/08\/2025 &#8211; 15:18 \u00a0\n                    <\/p>\n<div id=\"image-container-1188110\" class=\"image-container\" style=\"float: none; margin: 45px 0px; width: 100%;\" data-midia=\"1188110\">\n<p><em>Renato Ara\u00fajo\/C\u00e2mara dos Deputados<\/em><\/p>\n<p>Duarte Jr., relator da proposta<\/p>\n<\/p><\/div>\n<p>A Comiss\u00e3o de Defesa dos Direitos das Pessoas com Defici\u00eancia da C\u00e2mara dos Deputados aprovou projeto de lei que prev\u00ea aumento de pena para crimes relacionados a abandono ou discrimina\u00e7\u00e3o contra pessoas idosas ou com defici\u00eancia.<\/p>\n<p>Pelo texto, a pena para quem abandonar pessoa idosa em institui\u00e7\u00f5es de sa\u00fade, de acolhimento ou similares passa a ser <span id=\"4303\" class=\"termoGlossario\" title=\"A reclus\u00e3o \u00e9 a mais severa entre as penas privativas de liberdade. Destina-se a crimes dolosos (com inten\u00e7\u00e3o).\" contenteditable=\"false\" data-toggle=\"tooltip\" data-placement=\"top\">reclus\u00e3o<\/span> de um a tr\u00eas anos e multa. O texto prev\u00ea o aumento da pena em 1\/3 quando o crime for praticado por quem tem a pessoa idosa sob seus cuidados. Hoje, as penas aplicadas variam de seis meses a tr\u00eas anos e multa.<\/p>\n<p>O projeto tamb\u00e9m aumenta a pena para quem discriminar pessoas com defici\u00eancia. Pela proposta, a reclus\u00e3o ser\u00e1 de dois a cinco anos, al\u00e9m de multa. Hoje, a pena prevista \u00e9 reclus\u00e3o de um a tr\u00eas anos e multa.<\/p>\n<p>O texto aprovado foi o <span id=\"4098\" class=\"termoGlossario\" title=\"Nome que se d\u00e1 ao texto que altera substancialmente o conte\u00fado original da proposta. O substitutivo \u00e9 apresentado pelo relator e tem prefer\u00eancia na vota\u00e7\u00e3o sobre o projeto original.\" contenteditable=\"false\" data-toggle=\"tooltip\" data-placement=\"top\">substitutivo<\/span> elaborado pelo relator, deputado Duarte Jr. (PSB-MA), para o <a class=\"linkProposicao\" href=\"https:\/\/www.camara.leg.br\/noticias\/1102366-projeto-aumenta-penas-de-crimes-contra-pessoas-com-deficiencia-ou-idosas\">Projeto de Lei 3270\/24<\/a>, do ex-deputado Paulinho Freire (RN).<\/p>\n<p>\u201cA resposta penal mais severa \u00e9 necess\u00e1ria para refor\u00e7ar a prote\u00e7\u00e3o jur\u00eddica das pessoas com defici\u00eancia, coibir pr\u00e1ticas capacitistas e reafirmar o compromisso do Estado brasileiro com a dignidade, a igualdade e a inclus\u00e3o\u201d, afirmou o relator.<\/p>\n<p><strong>Modifica\u00e7\u00e3o<\/strong><br \/>Duarte Jr. retirou do texto original o artigo que previa pena de reclus\u00e3o de um a tr\u00eas anos para o abandono de pessoa com defici\u00eancia. Ele lembrou que a legisla\u00e7\u00e3o foi modificada recentemente e a pena para esse crime passou a ser reclus\u00e3o de dois a cinco anos.<\/p>\n<p>\u201cA proposta, ao estabelecer pena inferior, apresenta um retrocesso em rela\u00e7\u00e3o \u00e0 legisla\u00e7\u00e3o vigente, reduzindo a severidade da puni\u00e7\u00e3o\u201d, explicou.<\/p>\n<p>O projeto altera o <a href=\"https:\/\/www2.camara.leg.br\/legin\/fed\/lei\/2003\/lei-10741-1-outubro-2003-497511-norma-pl.html\">Estatuto da Pessoa Idosa<\/a>\u00a0e o <a href=\"https:\/\/www2.camara.leg.br\/legin\/fed\/lei\/2015\/lei-13146-6-julho-2015-781174-norma-pl.html\">Estatuto da Pessoa com Defici\u00eancia<\/a>.<\/p>\n<p><strong>Pr\u00f3ximas etapas<\/strong><br \/>A proposta ser\u00e1 analisada agora pela Comiss\u00e3o de Constitui\u00e7\u00e3o e Justi\u00e7a e de Cidadania, depois segue para vota\u00e7\u00e3o do Plen\u00e1rio da C\u00e2mara. Antes, o texto foi aprovado tamb\u00e9m <a href=\"https:\/\/www.camara.leg.br\/noticias\/1175649-COMISSAO-APROVA-AUMENTO-DE-PENA-PARA-ABANDONO-DE-IDOSO-OU-PESSOA-COM-DEFICIENCIA\">pela Comiss\u00e3o de Defesa dos Direitos da Pessoa Idosa<\/a>.<\/p>\n<p>Para virar lei, a medida precisa ser aprovada pelos deputados e pelos senadores.<\/p>\n<p style=\"font-size: 0.8rem; font-weight: 700;\">Reportagem &#8211; No\u00e9li Nobre<br \/>Edi\u00e7\u00e3o &#8211; Marcia Becker<\/p>\n<\/p><\/div>\n<p><br \/>\n<br \/><a href=\"https:\/\/www.camara.leg.br\/noticias\/1188036-comissao-aprova-aumento-de-pena-para-crimes-contra-idoso-ou-pessoa-com-deficiencia\/\">postagem original <\/a><\/p>\n","protected":false},"excerpt":{"rendered":"<p>13\/08\/2025 &#8211; 15:18 \u00a0 Renato Ara\u00fajo\/C\u00e2mara dos Deputados Duarte Jr., relator da proposta A Comiss\u00e3o de Defesa dos Direitos das [&hellip;]<\/p>\n","protected":false},"author":1,"featured_media":1571,"comment_status":"open","ping_status":"open","sticky":false,"template":"","format":"standard","meta":{"site-sidebar-layout":"default","site-content-layout":"","ast-site-content-layout":"default","site-content-style":"default","site-sidebar-style":"default","ast-global-header-display":"","ast-banner-title-visibility":"","ast-main-header-display":"","ast-hfb-above-header-display":"","ast-hfb-below-header-display":"","ast-hfb-mobile-header-display":"","site-post-title":"","ast-breadcrumbs-content":"","ast-featured-img":"","footer-sml-layout":"","theme-transparent-header-meta":"","adv-header-id-meta":"","stick-header-meta":"","header-above-stick-meta":"","header-main-stick-meta":"","header-below-stick-meta":"","astra-migrate-meta-layouts":"default","ast-page-background-enabled":"default","ast-page-background-meta":{"desktop":{"background-color":"var(--ast-global-color-5)","background-image":"","background-repeat":"repeat","background-position":"center center","background-size":"auto","background-attachment":"scroll","background-type":"","background-media":"","overlay-type":"","overlay-color":"","overlay-opacity":"","overlay-gradient":""},"tablet":{"background-color":"","background-image":"","background-repeat":"repeat","background-position":"center center","background-size":"auto","background-attachment":"scroll","background-type":"","background-media":"","overlay-type":"","overlay-color":"","overlay-opacity":"","overlay-gradient":""},"mobile":{"background-color":"","background-image":"","background-repeat":"repeat","background-position":"center center","background-size":"auto","background-attachment":"scroll","background-type":"","background-media":"","overlay-type":"","overlay-color":"","overlay-opacity":"","overlay-gradient":""}},"ast-content-background-meta":{"desktop":{"background-color":"var(--ast-global-color-4)","background-image":"","background-repeat":"repeat","background-position":"center center","background-size":"auto","background-attachment":"scroll","background-type":"","background-media":"","overlay-type":"","overlay-color":"","overlay-opacity":"","overlay-gradient":""},"tablet":{"background-color":"var(--ast-global-color-4)","background-image":"","background-repeat":"repeat","background-position":"center center","background-size":"auto","background-attachment":"scroll","background-type":"","background-media":"","overlay-type":"","overlay-color":"","overlay-opacity":"","overlay-gradient":""},"mobile":{"background-color":"var(--ast-global-color-4)","background-image":"","background-repeat":"repeat","background-position":"center center","background-size":"auto","background-attachment":"scroll","background-type":"","background-media":"","overlay-type":"","overlay-color":"","overlay-opacity":"","overlay-gradient":""}},"_joinchat":[],"footnotes":""},"categories":[1],"tags":[],"_links":{"self":[{"href":"https:\/\/radiosantaclara.sitetopfm.com.br\/site\/wp-json\/wp\/v2\/posts\/1570"}],"collection":[{"href":"https:\/\/radiosantaclara.sitetopfm.com.br\/site\/wp-json\/wp\/v2\/posts"}],"about":[{"href":"https:\/\/radiosantaclara.sitetopfm.com.br\/site\/wp-json\/wp\/v2\/types\/post"}],"author":[{"embeddable":true,"href":"https:\/\/radiosantaclara.sitetopfm.com.br\/site\/wp-json\/wp\/v2\/users\/1"}],"replies":[{"embeddable":true,"href":"https:\/\/radiosantaclara.sitetopfm.com.br\/site\/wp-json\/wp\/v2\/comments?post=1570"}],"version-history":[{"count":0,"href":"https:\/\/radiosantaclara.sitetopfm.com.br\/site\/wp-json\/wp\/v2\/posts\/1570\/revisions"}],"wp:featuredmedia":[{"embeddable":true,"href":"https:\/\/radiosantaclara.sitetopfm.com.br\/site\/wp-json\/wp\/v2\/media\/1571"}],"wp:attachment":[{"href":"https:\/\/radiosantaclara.sitetopfm.com.br\/site\/wp-json\/wp\/v2\/media?parent=1570"}],"wp:term":[{"taxonomy":"category","embeddable":true,"href":"https:\/\/radiosantaclara.sitetopfm.com.br\/site\/wp-json\/wp\/v2\/categories?post=1570"},{"taxonomy":"post_tag","embeddable":true,"href":"https:\/\/radiosantaclara.sitetopfm.com.br\/site\/wp-json\/wp\/v2\/tags?post=1570"}],"curies":[{"name":"wp","href":"https:\/\/api.w.org\/{rel}","templated":true}]}}