{"id":1568,"date":"2025-08-14T08:57:01","date_gmt":"2025-08-14T11:57:01","guid":{"rendered":"https:\/\/canalsamba.sitetopfm.com.br\/site\/comissao-aprova-projeto-que-beneficia-microempreendedor-com-tarifa-social-de-energia-eletrica-noticias\/"},"modified":"2025-08-14T08:57:01","modified_gmt":"2025-08-14T11:57:01","slug":"comissao-aprova-projeto-que-beneficia-microempreendedor-com-tarifa-social-de-energia-eletrica-noticias","status":"publish","type":"post","link":"https:\/\/radiosantaclara.sitetopfm.com.br\/site\/comissao-aprova-projeto-que-beneficia-microempreendedor-com-tarifa-social-de-energia-eletrica-noticias\/","title":{"rendered":"Comiss\u00e3o aprova projeto que beneficia microempreendedor com tarifa social de energia el\u00e9trica &#8211; Not\u00edcias"},"content":{"rendered":"<p> <br \/>\n<\/p>\n<div>\n<div>\n<p class=\"g-artigo__data-hora\">\n                      13\/08\/2025 &#8211; 13:30 \u00a0\n                    <\/p>\n<div id=\"image-container-1188050\" class=\"image-container\" style=\"float: none; margin: 45px 0px; width: 100%;\" data-midia=\"1188050\">\n<p><em>Vinicius Loures\/C\u00e2mara dos Deputados<\/em><\/p>\n<p>Ramos: incentivo para que tenham condi\u00e7\u00f5es de manter ou expandir seus neg\u00f3cios<\/p>\n<\/p><\/div>\n<p>A Comiss\u00e3o de Ind\u00fastria, Com\u00e9rcio e Servi\u00e7os da C\u00e2mara dos Deputados aprovou projeto de lei que estende a Tarifa Social de Energia El\u00e9trica (TSEE) ao Microempreendedor Individual (MEI) em atividade que integre fam\u00edlia inscrita no <span id=\"4330\" class=\"termoGlossario\" title=\"Instrumento de coleta de dados que identifica e caracteriza fam\u00edlias com renda mensal de at\u00e9 meio sal\u00e1rio m\u00ednimo por pessoa. Os dados obtidos por meio do Cad\u00danico s\u00e3o consolidados e utilizados, obrigatoriamente, na sele\u00e7\u00e3o de benefici\u00e1rios dos programas sociais do Governo Federal. Governos estaduais e municipais tamb\u00e9m podem usar os dados do cadastro para analisar o perfil socioecon\u00f4mico da popula\u00e7\u00e3o e, desse modo, implantar pol\u00edticas direcionadas \u00e0s necessidades locais.\" contenteditable=\"false\" data-toggle=\"tooltip\" data-placement=\"top\">Cad\u00danico<\/span>, com renda familiar mensal menor ou igual a tr\u00eas sal\u00e1rios m\u00ednimos.<\/p>\n<p>A TSEE concede desconto de 100% para o consumo at\u00e9 80 quilowatts-hora (kWh) mensais. O benef\u00edcio \u00e9 voltado para grupos vulner\u00e1veis da popula\u00e7\u00e3o, como fam\u00edlias do Cad\u00danico com renda per capita menor ou igual a meio sal\u00e1rio m\u00ednimo.<\/p>\n<p>O texto aprovado \u00e9 o <span id=\"4098\" class=\"termoGlossario\" title=\"Nome que se d\u00e1 ao texto que altera substancialmente o conte\u00fado original da proposta. O substitutivo \u00e9 apresentado pelo relator e tem prefer\u00eancia na vota\u00e7\u00e3o sobre o projeto original.\" contenteditable=\"false\" data-toggle=\"tooltip\" data-placement=\"top\">substitutivo<\/span> do relator, deputado Lucas Ramos (PSB-PE), para o <a class=\"linkProposicao\" href=\"https:\/\/www.camara.leg.br\/noticias\/891491-pl-1377-22\">Projeto de Lei 1377\/22<\/a>, do deputado Josivaldo JP (PSD-MA). Para o relator, o novo texto aprimorou a reda\u00e7\u00e3o da proposta inicial.<\/p>\n<p>Ramos afirmou que o projeto \u201crepresenta mais um importante incentivo para que esses microempreendedores tenham melhores condi\u00e7\u00f5es de manter ou mesmo de expandir seus neg\u00f3cios\u201d.<\/p>\n<p><strong>Pr\u00f3ximos passos<br \/><\/strong>O projeto vai ser analisado agora, em <span id=\"4322\" class=\"termoGlossario\" title=\"Rito de tramita\u00e7\u00e3o pelo qual o projeto \u00e9 votado apenas pelas comiss\u00f5es designadas para analis\u00e1-lo, dispensada a delibera\u00e7\u00e3o do Plen\u00e1rio. O projeto perde o car\u00e1ter conclusivo se houver decis\u00e3o divergente entre as comiss\u00f5es ou se, independentemente de ser aprovado ou rejeitado, houver recurso assinado por 52 deputados para a aprecia\u00e7\u00e3o da mat\u00e9ria no Plen\u00e1rio.\" contenteditable=\"false\" data-toggle=\"tooltip\" data-placement=\"top\">car\u00e1ter conclusivo<\/span>, pelas comiss\u00f5es de Minas e Energia; de Finan\u00e7as e Tributa\u00e7\u00e3o; e de Constitui\u00e7\u00e3o e Justi\u00e7a e de Cidadania (CCJ).<\/p>\n<p>Para virar lei, a proposta precisa ser aprovada pela C\u00e2mara e pelo Senado.<\/p>\n<p style=\"font-size: 0.8rem; font-weight: 700;\">Reportagem &#8211; Janary J\u00fanior<br \/>Edi\u00e7\u00e3o &#8211; Marcia Becker<\/p>\n<\/p><\/div>\n<\/p><\/div>\n<p><br \/>\n<br \/><a href=\"https:\/\/www.camara.leg.br\/noticias\/1187983-comissao-aprova-projeto-que-beneficia-microempreendedor-com-tarifa-social-de-energia-eletrica\/\">postagem original <\/a><\/p>\n","protected":false},"excerpt":{"rendered":"<p>13\/08\/2025 &#8211; 13:30 \u00a0 Vinicius Loures\/C\u00e2mara dos Deputados Ramos: incentivo para que tenham condi\u00e7\u00f5es de manter ou expandir seus neg\u00f3cios [&hellip;]<\/p>\n","protected":false},"author":1,"featured_media":1569,"comment_status":"open","ping_status":"open","sticky":false,"template":"","format":"standard","meta":{"site-sidebar-layout":"default","site-content-layout":"","ast-site-content-layout":"default","site-content-style":"default","site-sidebar-style":"default","ast-global-header-display":"","ast-banner-title-visibility":"","ast-main-header-display":"","ast-hfb-above-header-display":"","ast-hfb-below-header-display":"","ast-hfb-mobile-header-display":"","site-post-title":"","ast-breadcrumbs-content":"","ast-featured-img":"","footer-sml-layout":"","theme-transparent-header-meta":"","adv-header-id-meta":"","stick-header-meta":"","header-above-stick-meta":"","header-main-stick-meta":"","header-below-stick-meta":"","astra-migrate-meta-layouts":"default","ast-page-background-enabled":"default","ast-page-background-meta":{"desktop":{"background-color":"var(--ast-global-color-5)","background-image":"","background-repeat":"repeat","background-position":"center center","background-size":"auto","background-attachment":"scroll","background-type":"","background-media":"","overlay-type":"","overlay-color":"","overlay-opacity":"","overlay-gradient":""},"tablet":{"background-color":"","background-image":"","background-repeat":"repeat","background-position":"center center","background-size":"auto","background-attachment":"scroll","background-type":"","background-media":"","overlay-type":"","overlay-color":"","overlay-opacity":"","overlay-gradient":""},"mobile":{"background-color":"","background-image":"","background-repeat":"repeat","background-position":"center center","background-size":"auto","background-attachment":"scroll","background-type":"","background-media":"","overlay-type":"","overlay-color":"","overlay-opacity":"","overlay-gradient":""}},"ast-content-background-meta":{"desktop":{"background-color":"var(--ast-global-color-4)","background-image":"","background-repeat":"repeat","background-position":"center center","background-size":"auto","background-attachment":"scroll","background-type":"","background-media":"","overlay-type":"","overlay-color":"","overlay-opacity":"","overlay-gradient":""},"tablet":{"background-color":"var(--ast-global-color-4)","background-image":"","background-repeat":"repeat","background-position":"center center","background-size":"auto","background-attachment":"scroll","background-type":"","background-media":"","overlay-type":"","overlay-color":"","overlay-opacity":"","overlay-gradient":""},"mobile":{"background-color":"var(--ast-global-color-4)","background-image":"","background-repeat":"repeat","background-position":"center center","background-size":"auto","background-attachment":"scroll","background-type":"","background-media":"","overlay-type":"","overlay-color":"","overlay-opacity":"","overlay-gradient":""}},"_joinchat":[],"footnotes":""},"categories":[1],"tags":[],"_links":{"self":[{"href":"https:\/\/radiosantaclara.sitetopfm.com.br\/site\/wp-json\/wp\/v2\/posts\/1568"}],"collection":[{"href":"https:\/\/radiosantaclara.sitetopfm.com.br\/site\/wp-json\/wp\/v2\/posts"}],"about":[{"href":"https:\/\/radiosantaclara.sitetopfm.com.br\/site\/wp-json\/wp\/v2\/types\/post"}],"author":[{"embeddable":true,"href":"https:\/\/radiosantaclara.sitetopfm.com.br\/site\/wp-json\/wp\/v2\/users\/1"}],"replies":[{"embeddable":true,"href":"https:\/\/radiosantaclara.sitetopfm.com.br\/site\/wp-json\/wp\/v2\/comments?post=1568"}],"version-history":[{"count":0,"href":"https:\/\/radiosantaclara.sitetopfm.com.br\/site\/wp-json\/wp\/v2\/posts\/1568\/revisions"}],"wp:featuredmedia":[{"embeddable":true,"href":"https:\/\/radiosantaclara.sitetopfm.com.br\/site\/wp-json\/wp\/v2\/media\/1569"}],"wp:attachment":[{"href":"https:\/\/radiosantaclara.sitetopfm.com.br\/site\/wp-json\/wp\/v2\/media?parent=1568"}],"wp:term":[{"taxonomy":"category","embeddable":true,"href":"https:\/\/radiosantaclara.sitetopfm.com.br\/site\/wp-json\/wp\/v2\/categories?post=1568"},{"taxonomy":"post_tag","embeddable":true,"href":"https:\/\/radiosantaclara.sitetopfm.com.br\/site\/wp-json\/wp\/v2\/tags?post=1568"}],"curies":[{"name":"wp","href":"https:\/\/api.w.org\/{rel}","templated":true}]}}