{"id":1253,"date":"2025-08-12T20:57:10","date_gmt":"2025-08-12T23:57:10","guid":{"rendered":"https:\/\/canalsamba.sitetopfm.com.br\/site\/camara-aprova-horario-especial-por-motivo-religioso-para-vestibulares-e-concursos-publicos-noticias\/"},"modified":"2025-08-12T20:57:10","modified_gmt":"2025-08-12T23:57:10","slug":"camara-aprova-horario-especial-por-motivo-religioso-para-vestibulares-e-concursos-publicos-noticias","status":"publish","type":"post","link":"https:\/\/radiosantaclara.sitetopfm.com.br\/site\/camara-aprova-horario-especial-por-motivo-religioso-para-vestibulares-e-concursos-publicos-noticias\/","title":{"rendered":"C\u00e2mara aprova hor\u00e1rio especial por motivo religioso para vestibulares e concursos p\u00fablicos &#8211; Not\u00edcias"},"content":{"rendered":"<p> <br \/>\n<\/p>\n<div>\n<p class=\"g-artigo__data-hora\">\n                      12\/08\/2025 &#8211; 19:03 \u00a0<br \/>\n                        <span>\u2022 \u00a0 Atualizado em 12\/08\/2025 &#8211; 19:11<\/span>\n                    <\/p>\n<div id=\"image-container-1187743\" class=\"image-container\" style=\"float: none; margin: 45px 0px; width: 100%;\" data-midia=\"1187743\">\n<p><em>Bruno Spada\/C\u00e2mara dos Deputados<\/em><\/p>\n<p>Deputados aprovaram o projeto na sess\u00e3o do Plen\u00e1rio<\/p>\n<\/p><\/div>\n<p>A C\u00e2mara dos Deputados aprovou projeto de lei que permite a realiza\u00e7\u00e3o de provas vestibulares e de concursos p\u00fablicos em hor\u00e1rio especial por motivos religiosos. O texto ser\u00e1 enviado ao Senado.<\/p>\n<p>O regramento contempla principalmente religiosos adventistas e judeus, que n\u00e3o atendem a compromissos desde a noite de sexta-feira at\u00e9 a noite de s\u00e1bado. Segundo o texto aprovado em Plen\u00e1rio, essas provas poder\u00e3o ser realizadas, tanto por institui\u00e7\u00f5es p\u00fablicas ou privadas, entre o domingo e a sexta-feira, das 8h \u00e0s 18h.<\/p>\n<p>Caso isso n\u00e3o seja poss\u00edvel, e a prova ocorra no s\u00e1bado, a entidade organizadora deve permitir ao candidato a realiza\u00e7\u00e3o das provas ap\u00f3s as 18h do s\u00e1bado, caso alegue e prove convic\u00e7\u00e3o religiosa.<\/p>\n<p>Quando ocorrer a prova aos s\u00e1bados e houver candidato que assim se declarar, ele dever\u00e1 ficar incomunic\u00e1vel desde o hor\u00e1rio regular previsto para os exames at\u00e9 o in\u00edcio do hor\u00e1rio alternativo estabelecido previamente.<\/p>\n<p><strong>Faltas<\/strong><br \/>O projeto tamb\u00e9m trata do abono de faltas de alunos aos s\u00e1bados em raz\u00e3o dessa convic\u00e7\u00e3o religiosa. Aulas marcadas das 18h de sexta-feira at\u00e9 as 18h de s\u00e1bado ser\u00e3o abonadas se o aluno apresentar ao estabelecimento de ensino declara\u00e7\u00e3o da entidade religiosa a que pertence, com firma reconhecida, atestando sua condi\u00e7\u00e3o de membro congregante.<\/p>\n<p>Mas o estabelecimento de ensino exigir\u00e1 do aluno a realiza\u00e7\u00e3o de tarefa alternativa que supra a falta abonada.<\/p>\n<p>Para evitar fraudes, o texto considera crime de falsidade ideol\u00f3gica a declara\u00e7\u00e3o falsa dessa convic\u00e7\u00e3o religiosa para n\u00e3o comparecer aos compromissos.<\/p>\n<p>O texto aprovado pela C\u00e2mara nesta ter\u00e7a-feira (12) \u00e9 um <span id=\"4098\" class=\"termoGlossario\" title=\"Nome que se d\u00e1 ao texto que altera substancialmente o conte\u00fado original da proposta. O substitutivo \u00e9 apresentado pelo relator e tem prefer\u00eancia na vota\u00e7\u00e3o sobre o projeto original.\" contenteditable=\"false\" data-toggle=\"tooltip\" data-placement=\"top\">substitutivo<\/span> da Comiss\u00e3o do Trabalho para o Projeto de Lei 2664\/03, do ex-deputado Adelor Vieira (SC). O substitutivo toma como base outro projeto (PL 5\/99), do ex-deputado Silas Brasileiro (MG).<\/p>\n<p><strong>Debate em Plen\u00e1rio<\/strong><br \/>Para o deputado Chico Alencar (Psol-RJ), o projeto concilia o princ\u00edpio do Estado laico com os concursos p\u00fablicos. &#8220;A liberdade de consci\u00eancia e de cren\u00e7a tem de estar compat\u00edvel \u00e0 igualdade de oportunidades em concursos e exames&#8221;, disse.<\/p>\n<p>Segundo ele, o texto traz uma acomoda\u00e7\u00e3o razo\u00e1vel entre direito fundamental e pr\u00e1ticas religiosas.<\/p>\n<p>O deputado Eli Borges (PL-TO) afirmou que o projeto mostra o respeito \u00e0s institui\u00e7\u00f5es religiosas e a suas particularidades. &#8220;O grupo da igreja adventista [do s\u00e9timo dia] seria prejudicado caso houvesse algum concurso no s\u00e1bado&#8221;, disse.<\/p>\n<p>Por\u00e9m, para o deputado Luiz Lima (Novo-RJ), o projeto n\u00e3o tem &#8220;p\u00e9 nem cabe\u00e7a&#8221; em um Estado laico. &#8220;Daqui a pouco v\u00e3o discutir se vai poder ter jogo de futebol no s\u00e1bado, festa. Projeto absurdo&#8221;, criticou.<\/p>\n<p><a href=\"https:\/\/www.camara.leg.br\/noticias\/573454-SAIBA-MAIS-SOBRE-A-TRAMITACAO-DE-PROJETOS-DE-LEI\">Saiba mais sobre a tramita\u00e7\u00e3o de projetos de lei<\/a><\/p>\n<p style=\"font-size: 0.8rem; font-weight: 700;\">Reportagem \u2013 Eduardo Piovesan e Tiago Miranda<br \/>Edi\u00e7\u00e3o \u2013 Pierre Triboli<\/p>\n<\/p><\/div>\n<p><br \/>\n<br \/><a href=\"https:\/\/www.camara.leg.br\/noticias\/1187689-camara-aprova-horario-especial-por-motivo-religioso-para-vestibulares-e-concursos-publicos\/\">postagem original <\/a><\/p>\n","protected":false},"excerpt":{"rendered":"<p>12\/08\/2025 &#8211; 19:03 \u00a0 \u2022 \u00a0 Atualizado em 12\/08\/2025 &#8211; 19:11 Bruno Spada\/C\u00e2mara dos Deputados Deputados aprovaram o projeto na [&hellip;]<\/p>\n","protected":false},"author":1,"featured_media":1254,"comment_status":"open","ping_status":"open","sticky":false,"template":"","format":"standard","meta":{"site-sidebar-layout":"default","site-content-layout":"","ast-site-content-layout":"default","site-content-style":"default","site-sidebar-style":"default","ast-global-header-display":"","ast-banner-title-visibility":"","ast-main-header-display":"","ast-hfb-above-header-display":"","ast-hfb-below-header-display":"","ast-hfb-mobile-header-display":"","site-post-title":"","ast-breadcrumbs-content":"","ast-featured-img":"","footer-sml-layout":"","theme-transparent-header-meta":"","adv-header-id-meta":"","stick-header-meta":"","header-above-stick-meta":"","header-main-stick-meta":"","header-below-stick-meta":"","astra-migrate-meta-layouts":"default","ast-page-background-enabled":"default","ast-page-background-meta":{"desktop":{"background-color":"var(--ast-global-color-5)","background-image":"","background-repeat":"repeat","background-position":"center center","background-size":"auto","background-attachment":"scroll","background-type":"","background-media":"","overlay-type":"","overlay-color":"","overlay-opacity":"","overlay-gradient":""},"tablet":{"background-color":"","background-image":"","background-repeat":"repeat","background-position":"center center","background-size":"auto","background-attachment":"scroll","background-type":"","background-media":"","overlay-type":"","overlay-color":"","overlay-opacity":"","overlay-gradient":""},"mobile":{"background-color":"","background-image":"","background-repeat":"repeat","background-position":"center center","background-size":"auto","background-attachment":"scroll","background-type":"","background-media":"","overlay-type":"","overlay-color":"","overlay-opacity":"","overlay-gradient":""}},"ast-content-background-meta":{"desktop":{"background-color":"var(--ast-global-color-4)","background-image":"","background-repeat":"repeat","background-position":"center center","background-size":"auto","background-attachment":"scroll","background-type":"","background-media":"","overlay-type":"","overlay-color":"","overlay-opacity":"","overlay-gradient":""},"tablet":{"background-color":"var(--ast-global-color-4)","background-image":"","background-repeat":"repeat","background-position":"center center","background-size":"auto","background-attachment":"scroll","background-type":"","background-media":"","overlay-type":"","overlay-color":"","overlay-opacity":"","overlay-gradient":""},"mobile":{"background-color":"var(--ast-global-color-4)","background-image":"","background-repeat":"repeat","background-position":"center center","background-size":"auto","background-attachment":"scroll","background-type":"","background-media":"","overlay-type":"","overlay-color":"","overlay-opacity":"","overlay-gradient":""}},"_joinchat":[],"footnotes":""},"categories":[1],"tags":[],"_links":{"self":[{"href":"https:\/\/radiosantaclara.sitetopfm.com.br\/site\/wp-json\/wp\/v2\/posts\/1253"}],"collection":[{"href":"https:\/\/radiosantaclara.sitetopfm.com.br\/site\/wp-json\/wp\/v2\/posts"}],"about":[{"href":"https:\/\/radiosantaclara.sitetopfm.com.br\/site\/wp-json\/wp\/v2\/types\/post"}],"author":[{"embeddable":true,"href":"https:\/\/radiosantaclara.sitetopfm.com.br\/site\/wp-json\/wp\/v2\/users\/1"}],"replies":[{"embeddable":true,"href":"https:\/\/radiosantaclara.sitetopfm.com.br\/site\/wp-json\/wp\/v2\/comments?post=1253"}],"version-history":[{"count":0,"href":"https:\/\/radiosantaclara.sitetopfm.com.br\/site\/wp-json\/wp\/v2\/posts\/1253\/revisions"}],"wp:featuredmedia":[{"embeddable":true,"href":"https:\/\/radiosantaclara.sitetopfm.com.br\/site\/wp-json\/wp\/v2\/media\/1254"}],"wp:attachment":[{"href":"https:\/\/radiosantaclara.sitetopfm.com.br\/site\/wp-json\/wp\/v2\/media?parent=1253"}],"wp:term":[{"taxonomy":"category","embeddable":true,"href":"https:\/\/radiosantaclara.sitetopfm.com.br\/site\/wp-json\/wp\/v2\/categories?post=1253"},{"taxonomy":"post_tag","embeddable":true,"href":"https:\/\/radiosantaclara.sitetopfm.com.br\/site\/wp-json\/wp\/v2\/tags?post=1253"}],"curies":[{"name":"wp","href":"https:\/\/api.w.org\/{rel}","templated":true}]}}