{"id":1204,"date":"2025-08-12T20:15:47","date_gmt":"2025-08-12T23:15:47","guid":{"rendered":"https:\/\/canalsamba.sitetopfm.com.br\/site\/pm-de-pernambuco-e-preso-depois-de-atirar-em-irmao-de-policial-civil-durante-discussao-no-litoral-do-rn\/"},"modified":"2025-08-12T20:15:47","modified_gmt":"2025-08-12T23:15:47","slug":"pm-de-pernambuco-e-preso-depois-de-atirar-em-irmao-de-policial-civil-durante-discussao-no-litoral-do-rn","status":"publish","type":"post","link":"https:\/\/radiosantaclara.sitetopfm.com.br\/site\/pm-de-pernambuco-e-preso-depois-de-atirar-em-irmao-de-policial-civil-durante-discussao-no-litoral-do-rn\/","title":{"rendered":"PM de Pernambuco \u00e9 preso depois de atirar em irm\u00e3o de policial civil durante discuss\u00e3o no litoral do RN"},"content":{"rendered":"<p> <br \/>\n<br \/><img decoding=\"async\" src=\"https:\/\/s2-g1.glbimg.com\/MXZXSmCbRc2djZlT-XXR6QDfx7g=\/i.s3.glbimg.com\/v1\/AUTH_59edd422c0c84a879bd37670ae4f538a\/internal_photos\/bs\/2018\/G\/N\/zcA2NMSCON6sAJ9AGBBg\/captura-de-tela-2018-07-23-as-08.15.50.png\" \/><br \/>     Discuss\u00e3o em lanchonete deixa dois homens baleados no Litoral Sul potiguar<br \/>\nInter TV Cabugi\/Reprodu\u00e7\u00e3o<br \/>\nNa madrugada deste domingo (23) um policial militar de Pernambuco se desentendeu e atirou contra um morador da Praia da Pipa, Litoral Sul potiguar. Ele tamb\u00e9m foi baleado, antes de ser detido e encaminhado \u00e0 delegacia.<br \/>\nSegundo a Pol\u00edcia Militar, o PM de Pernambuco estava saindo de uma lanchonete quando a discuss\u00e3o come\u00e7ou. O policial sacou uma arma a disparou na barriga do homem.<br \/>\nUm policial civil que \u00e9 irm\u00e3o da v\u00edtima ouviu o disparo e correu at\u00e9 o local. Vendo o irm\u00e3o baleado, ele disparou contra a perna do PM pernambucano, que foi levado \u00e0 Central de Flagrantes, na Zona Oeste de Natal.<br \/>\nAp\u00f3s depoimento, ele foi transferido para o Comando Geral da Pol\u00edcia Militar e vai responder por tentativa de homic\u00eddio. O homem atingido na barriga foi socorrido ao Hospital Monsenhor Walfredo Gurgel.<br \/>\n<br \/><br \/>\n<br \/><a href=\"https:\/\/g1.globo.com\/rn\/rio-grande-do-norte\/noticia\/2018\/07\/23\/discussao-em-lanchonete-deixa-dois-homens-baleados-no-litoral-sul-potiguar.ghtml\">postagem original <\/a><\/p>\n","protected":false},"excerpt":{"rendered":"<p>Discuss\u00e3o em lanchonete deixa dois homens baleados no Litoral Sul potiguar Inter TV Cabugi\/Reprodu\u00e7\u00e3o Na madrugada deste domingo (23) um [&hellip;]<\/p>\n","protected":false},"author":1,"featured_media":1205,"comment_status":"open","ping_status":"open","sticky":false,"template":"","format":"standard","meta":{"site-sidebar-layout":"default","site-content-layout":"","ast-site-content-layout":"default","site-content-style":"default","site-sidebar-style":"default","ast-global-header-display":"","ast-banner-title-visibility":"","ast-main-header-display":"","ast-hfb-above-header-display":"","ast-hfb-below-header-display":"","ast-hfb-mobile-header-display":"","site-post-title":"","ast-breadcrumbs-content":"","ast-featured-img":"","footer-sml-layout":"","theme-transparent-header-meta":"","adv-header-id-meta":"","stick-header-meta":"","header-above-stick-meta":"","header-main-stick-meta":"","header-below-stick-meta":"","astra-migrate-meta-layouts":"default","ast-page-background-enabled":"default","ast-page-background-meta":{"desktop":{"background-color":"var(--ast-global-color-5)","background-image":"","background-repeat":"repeat","background-position":"center center","background-size":"auto","background-attachment":"scroll","background-type":"","background-media":"","overlay-type":"","overlay-color":"","overlay-opacity":"","overlay-gradient":""},"tablet":{"background-color":"","background-image":"","background-repeat":"repeat","background-position":"center center","background-size":"auto","background-attachment":"scroll","background-type":"","background-media":"","overlay-type":"","overlay-color":"","overlay-opacity":"","overlay-gradient":""},"mobile":{"background-color":"","background-image":"","background-repeat":"repeat","background-position":"center center","background-size":"auto","background-attachment":"scroll","background-type":"","background-media":"","overlay-type":"","overlay-color":"","overlay-opacity":"","overlay-gradient":""}},"ast-content-background-meta":{"desktop":{"background-color":"var(--ast-global-color-4)","background-image":"","background-repeat":"repeat","background-position":"center center","background-size":"auto","background-attachment":"scroll","background-type":"","background-media":"","overlay-type":"","overlay-color":"","overlay-opacity":"","overlay-gradient":""},"tablet":{"background-color":"var(--ast-global-color-4)","background-image":"","background-repeat":"repeat","background-position":"center center","background-size":"auto","background-attachment":"scroll","background-type":"","background-media":"","overlay-type":"","overlay-color":"","overlay-opacity":"","overlay-gradient":""},"mobile":{"background-color":"var(--ast-global-color-4)","background-image":"","background-repeat":"repeat","background-position":"center center","background-size":"auto","background-attachment":"scroll","background-type":"","background-media":"","overlay-type":"","overlay-color":"","overlay-opacity":"","overlay-gradient":""}},"_joinchat":[],"footnotes":""},"categories":[1],"tags":[],"_links":{"self":[{"href":"https:\/\/radiosantaclara.sitetopfm.com.br\/site\/wp-json\/wp\/v2\/posts\/1204"}],"collection":[{"href":"https:\/\/radiosantaclara.sitetopfm.com.br\/site\/wp-json\/wp\/v2\/posts"}],"about":[{"href":"https:\/\/radiosantaclara.sitetopfm.com.br\/site\/wp-json\/wp\/v2\/types\/post"}],"author":[{"embeddable":true,"href":"https:\/\/radiosantaclara.sitetopfm.com.br\/site\/wp-json\/wp\/v2\/users\/1"}],"replies":[{"embeddable":true,"href":"https:\/\/radiosantaclara.sitetopfm.com.br\/site\/wp-json\/wp\/v2\/comments?post=1204"}],"version-history":[{"count":0,"href":"https:\/\/radiosantaclara.sitetopfm.com.br\/site\/wp-json\/wp\/v2\/posts\/1204\/revisions"}],"wp:featuredmedia":[{"embeddable":true,"href":"https:\/\/radiosantaclara.sitetopfm.com.br\/site\/wp-json\/wp\/v2\/media\/1205"}],"wp:attachment":[{"href":"https:\/\/radiosantaclara.sitetopfm.com.br\/site\/wp-json\/wp\/v2\/media?parent=1204"}],"wp:term":[{"taxonomy":"category","embeddable":true,"href":"https:\/\/radiosantaclara.sitetopfm.com.br\/site\/wp-json\/wp\/v2\/categories?post=1204"},{"taxonomy":"post_tag","embeddable":true,"href":"https:\/\/radiosantaclara.sitetopfm.com.br\/site\/wp-json\/wp\/v2\/tags?post=1204"}],"curies":[{"name":"wp","href":"https:\/\/api.w.org\/{rel}","templated":true}]}}