{"id":11120,"date":"2026-09-04T20:20:28","date_gmt":"2026-09-04T23:20:28","guid":{"rendered":"https:\/\/radiosantaclara.sitetopfm.com.br\/site\/comissao-aprova-ampliacao-do-porte-de-arma-para-servidores\/"},"modified":"2026-09-04T20:20:28","modified_gmt":"2026-09-04T23:20:28","slug":"comissao-aprova-ampliacao-do-porte-de-arma-para-servidores","status":"publish","type":"post","link":"https:\/\/radiosantaclara.sitetopfm.com.br\/site\/comissao-aprova-ampliacao-do-porte-de-arma-para-servidores\/","title":{"rendered":"Comiss\u00e3o aprova amplia\u00e7\u00e3o do porte de arma para servidores"},"content":{"rendered":"<p> <br \/>\n<\/p>\n<div id=\"\">\n<figure class=\"materia__midia\" style=\"float: none; margin: 24px 0px;\" data-midia=\"1303033\"><img decoding=\"async\" src=\"https:\/\/www.camara.leg.br\/midias\/image\/2026\/09\/img20260901150237150-768x473.jpeg\" alt=\"Vota\u00e7\u00e3o de requerimentos. Dep. Capit\u00e3o Alden (PL - BA)\"\/><figcaption><span class=\"materia__legenda-imagem\">Capit\u00e3o Alden, relator da proposta na comiss\u00e3o<\/span> &#8211; <span class=\"materia__creditos-imagem\" style=\"color:#5f5f5e\">Foto: Renato Ara\u00fajo \/ C\u00e2mara dos Deputados<\/span><\/figcaption><\/figure>\n<p>A Comiss\u00e3o de Seguran\u00e7a P\u00fablica da C\u00e2mara dos Deputados aprovou projeto de lei que altera o Estatuto do Desarmamento (<a class=\"linkLegislacao\" href=\"https:\/\/www2.camara.gov.br\/legin\/fed\/lei\/2003\/lei-10826-22-dezembro-2003-490580-norma-pl.html\" target=\"_blank\" rel=\"noopener noreferrer\">Lei 10.826\/03<\/a>) para ampliar as categorias de servidores autorizadas a portar arma de fogo e estabelecer crit\u00e9rios para o porte de arma particular.<\/p>\n<p>Pelo texto, as seguintes categorias passam a ter direito ao porte:<\/p>\n<ul>\n<li>agentes fiscais e auditores fiscais com poder de pol\u00edcia administrativa nos estados, no Distrito Federal ou nos munic\u00edpios;<\/li>\n<li>peritos oficiais de natureza criminal;<\/li>\n<li>agentes socioeducativos;<\/li>\n<li>agentes de tr\u00e2nsito;<\/li>\n<li>oficiais de Justi\u00e7a;<\/li>\n<li>agentes de fiscaliza\u00e7\u00e3o ambiental;<\/li>\n<li>membros da Defensoria P\u00fablica;<\/li>\n<li>membros da advocacia p\u00fablica federal e das procuradorias dos estados e do Distrito Federal; e<\/li>\n<li>agentes de prote\u00e7\u00e3o da inf\u00e2ncia e da juventude.<\/li>\n<\/ul>\n<p>Em alguns casos, a autoriza\u00e7\u00e3o ser\u00e1 condicionada ao exerc\u00edcio de atividades espec\u00edficas. Para agentes de tr\u00e2nsito, por exemplo, \u00e9 exigida atua\u00e7\u00e3o na fiscaliza\u00e7\u00e3o ou patrulhamento vi\u00e1rio nas pistas.<\/p>\n<p>J\u00e1 os agentes socioeducativos dever\u00e3o trabalhar com atendimento, cust\u00f3dia ou escolta de adolescentes a quem seja atribu\u00eddo ato infracional cometido com viol\u00eancia ou grave amea\u00e7a.<\/p>\n<p>Para oficiais de Justi\u00e7a, o porte funcional fica restrito \u00e0queles que atuem em processos penais relacionados a crimes praticados com viol\u00eancia ou grave amea\u00e7a.<\/p>\n<h3 class=\"ds-titulo-subsecao\">Uso durante hor\u00e1rio de servi\u00e7o<\/h3>\n<p>O texto estabelece que as armas autorizadas para essas novas categorias somente poder\u00e3o ser usadas durante o servi\u00e7o. O armamento ser\u00e1 de propriedade, responsabilidade e guarda das respectivas institui\u00e7\u00f5es.<\/p>\n<p>As institui\u00e7\u00f5es tamb\u00e9m dever\u00e3o atualizar semestralmente as listas de servidores no Sistema Nacional de Armas (Sinarm) e comunicar \u00e0 Pol\u00edcia Federal, em at\u00e9 24 horas, casos de perda, furto, roubo ou outro tipo de extravio de armas, acess\u00f3rios e muni\u00e7\u00f5es.<\/p>\n<p>O texto aprovado \u00e9 o <span id=\"4098\" class=\"termoGlossario materia__glossario\" title=\"Nome que se d\u00e1 ao texto que altera substancialmente o conte\u00fado original da proposta. O substitutivo \u00e9 apresentado pelo relator e tem prefer\u00eancia na vota\u00e7\u00e3o sobre o projeto original.\" contenteditable=\"false\" data-toggle=\"tooltip\" data-placement=\"top\" style=\"color:#5f5f5e;border-bottom:none\">substitutivo<\/span> do relator, deputado Capit\u00e3o Alden (PL-BA), ao <a class=\"linkProposicao\" href=\"https:\/\/www.camara.leg.br\/noticias\/1287457-projeto-amplia-porte-de-arma-de-fogo-para-guardas-civis-municipais-e-vigilantes\">Projeto de Lei 302\/26<\/a>, do deputado Gilvan da Federal (PL-ES).<\/p>\n<p>A vers\u00e3o original ampliava o porte de arma para guardas municipais, inclusive fora de servi\u00e7o e com validade nacional. O texto aprovado retirou essa regra e passou a estabelecer crit\u00e9rios gerais para o porte, mantendo os guardas municipais sujeitos \u00e0s normas que j\u00e1 lhes garantem o direito.<\/p>\n<p>O relator sustentou que a amplia\u00e7\u00e3o do porte de armas tem base em crit\u00e9rios de controle. \u201cA inclus\u00e3o de novos grupos n\u00e3o foi feita de forma indiscriminada ou automatizada. Foram concebidas balizas, crit\u00e9rios e condicionantes institucionais destinados a assegurar que o porte funcional permane\u00e7a submetido \u00e0 responsabilidade estatal e aos mecanismos de controle previstos em lei\u201d, disse.<\/p>\n<h3 class=\"ds-titulo-subsecao\">Aposentadoria<\/h3>\n<p>O texto permite que a autoriza\u00e7\u00e3o seja mantida ap\u00f3s a aposentadoria ou inatividade, desde que os benefici\u00e1rios sejam submetidos periodicamente \u00e0 avalia\u00e7\u00e3o psicol\u00f3gica.<\/p>\n<p>A regra vale para integrantes das For\u00e7as Armadas, policiais federais, policiais rodovi\u00e1rios federais, policiais ferrovi\u00e1rios federais, policiais civis e militares, integrantes dos corpos de bombeiros militares, profissionais das carreiras de auditoria da Receita Federal, de auditoria fiscal do Trabalho e de auditoria fiscal federal agropecu\u00e1ria, al\u00e9m de agentes e guardas prisionais.<\/p>\n<p>O texto aprovado tamb\u00e9m inclui as carreiras de fiscaliza\u00e7\u00e3o federal entre as autorizadas a portar arma fora do trabalho.<\/p>\n<h3 class=\"ds-titulo-subsecao\">Porte particular<\/h3>\n<p>Outra mudan\u00e7a prev\u00ea regras para a concess\u00e3o de porte de arma de fogo de propriedade particular, dividindo os crit\u00e9rios:<\/p>\n<ul>\n<li>Para profissionais de seguran\u00e7a privada: favorece a concess\u00e3o o fato de o empregado atuar na seguran\u00e7a privada e o munic\u00edpio onde ocorre a presta\u00e7\u00e3o do servi\u00e7o apresentar \u00edndices de crimes com viol\u00eancia ou grave amea\u00e7a superiores \u00e0 m\u00e9dia nacional.<\/li>\n<li>Para os servidores elencados no projeto: favorece a concess\u00e3o o fato de o requerente, em servi\u00e7o, atuar na seguran\u00e7a ou ter atribui\u00e7\u00f5es de fiscaliza\u00e7\u00e3o com poder de pol\u00edcia administrativa, aliado ao fato de seu munic\u00edpio de resid\u00eancia apresentar \u00edndices de criminalidade superiores \u00e0 m\u00e9dia nacional.<\/li>\n<\/ul>\n<p>Em ambos os casos, s\u00e3o mantidas as exig\u00eancias do Estatuto do Desarmamento, como capacidade t\u00e9cnica e aptid\u00e3o psicol\u00f3gica. O relator argumentou que a medida reduz a discricionariedade na an\u00e1lise dos pedidos de porte particular.<\/p>\n<h3 class=\"ds-titulo-subsecao\">Pr\u00f3ximos passos<\/h3>\n<p>O projeto tramita em <span id=\"4322\" class=\"termoGlossario materia__glossario\" title=\"Rito de tramita\u00e7\u00e3o pelo qual o projeto \u00e9 votado apenas pelas comiss\u00f5es designadas para analis\u00e1-lo, dispensada a delibera\u00e7\u00e3o do Plen\u00e1rio. O projeto perde o car\u00e1ter conclusivo se houver decis\u00e3o divergente entre as comiss\u00f5es ou se, independentemente de ser aprovado ou rejeitado, houver recurso assinado por 52 deputados para a aprecia\u00e7\u00e3o da mat\u00e9ria no Plen\u00e1rio.\" contenteditable=\"false\" data-toggle=\"tooltip\" data-placement=\"top\" style=\"color:#5f5f5e;border-bottom:none\">car\u00e1ter conclusivo<\/span> e ser\u00e1 agora analisado pela Comiss\u00e3o de Constitui\u00e7\u00e3o e Justi\u00e7a e de Cidadania. Para virar lei, precisa ser aprovado pela C\u00e2mara e pelo Senado.<\/p>\n<p><a href=\"https:\/\/www.camara.leg.br\/noticias\/573454-SAIBA-MAIS-SOBRE-A-TRAMITACAO-DE-PROJETOS-DE-LEI\">Saiba mais sobre a tramita\u00e7\u00e3o de projetos de lei<\/a><\/p>\n<\/p><\/div>\n<p><br \/>\n<br \/><a href=\"https:\/\/www.camara.leg.br\/noticias\/1302914-comissao-aprova-ampliacao-do-porte-de-arma-para-servidores\">postagem original <\/a><\/p>\n","protected":false},"excerpt":{"rendered":"<p>Capit\u00e3o Alden, relator da proposta na comiss\u00e3o &#8211; Foto: Renato Ara\u00fajo \/ C\u00e2mara dos Deputados A Comiss\u00e3o de Seguran\u00e7a P\u00fablica [&hellip;]<\/p>\n","protected":false},"author":1,"featured_media":6909,"comment_status":"open","ping_status":"open","sticky":false,"template":"","format":"standard","meta":{"site-sidebar-layout":"default","site-content-layout":"","ast-site-content-layout":"default","site-content-style":"default","site-sidebar-style":"default","ast-global-header-display":"","ast-banner-title-visibility":"","ast-main-header-display":"","ast-hfb-above-header-display":"","ast-hfb-below-header-display":"","ast-hfb-mobile-header-display":"","site-post-title":"","ast-breadcrumbs-content":"","ast-featured-img":"","footer-sml-layout":"","theme-transparent-header-meta":"","adv-header-id-meta":"","stick-header-meta":"","header-above-stick-meta":"","header-main-stick-meta":"","header-below-stick-meta":"","astra-migrate-meta-layouts":"default","ast-page-background-enabled":"default","ast-page-background-meta":{"desktop":{"background-color":"var(--ast-global-color-5)","background-image":"","background-repeat":"repeat","background-position":"center center","background-size":"auto","background-attachment":"scroll","background-type":"","background-media":"","overlay-type":"","overlay-color":"","overlay-opacity":"","overlay-gradient":""},"tablet":{"background-color":"","background-image":"","background-repeat":"repeat","background-position":"center center","background-size":"auto","background-attachment":"scroll","background-type":"","background-media":"","overlay-type":"","overlay-color":"","overlay-opacity":"","overlay-gradient":""},"mobile":{"background-color":"","background-image":"","background-repeat":"repeat","background-position":"center center","background-size":"auto","background-attachment":"scroll","background-type":"","background-media":"","overlay-type":"","overlay-color":"","overlay-opacity":"","overlay-gradient":""}},"ast-content-background-meta":{"desktop":{"background-color":"var(--ast-global-color-4)","background-image":"","background-repeat":"repeat","background-position":"center center","background-size":"auto","background-attachment":"scroll","background-type":"","background-media":"","overlay-type":"","overlay-color":"","overlay-opacity":"","overlay-gradient":""},"tablet":{"background-color":"var(--ast-global-color-4)","background-image":"","background-repeat":"repeat","background-position":"center center","background-size":"auto","background-attachment":"scroll","background-type":"","background-media":"","overlay-type":"","overlay-color":"","overlay-opacity":"","overlay-gradient":""},"mobile":{"background-color":"var(--ast-global-color-4)","background-image":"","background-repeat":"repeat","background-position":"center center","background-size":"auto","background-attachment":"scroll","background-type":"","background-media":"","overlay-type":"","overlay-color":"","overlay-opacity":"","overlay-gradient":""}},"_joinchat":[],"footnotes":""},"categories":[29],"tags":[],"_links":{"self":[{"href":"https:\/\/radiosantaclara.sitetopfm.com.br\/site\/wp-json\/wp\/v2\/posts\/11120"}],"collection":[{"href":"https:\/\/radiosantaclara.sitetopfm.com.br\/site\/wp-json\/wp\/v2\/posts"}],"about":[{"href":"https:\/\/radiosantaclara.sitetopfm.com.br\/site\/wp-json\/wp\/v2\/types\/post"}],"author":[{"embeddable":true,"href":"https:\/\/radiosantaclara.sitetopfm.com.br\/site\/wp-json\/wp\/v2\/users\/1"}],"replies":[{"embeddable":true,"href":"https:\/\/radiosantaclara.sitetopfm.com.br\/site\/wp-json\/wp\/v2\/comments?post=11120"}],"version-history":[{"count":0,"href":"https:\/\/radiosantaclara.sitetopfm.com.br\/site\/wp-json\/wp\/v2\/posts\/11120\/revisions"}],"wp:featuredmedia":[{"embeddable":true,"href":"https:\/\/radiosantaclara.sitetopfm.com.br\/site\/wp-json\/wp\/v2\/media\/6909"}],"wp:attachment":[{"href":"https:\/\/radiosantaclara.sitetopfm.com.br\/site\/wp-json\/wp\/v2\/media?parent=11120"}],"wp:term":[{"taxonomy":"category","embeddable":true,"href":"https:\/\/radiosantaclara.sitetopfm.com.br\/site\/wp-json\/wp\/v2\/categories?post=11120"},{"taxonomy":"post_tag","embeddable":true,"href":"https:\/\/radiosantaclara.sitetopfm.com.br\/site\/wp-json\/wp\/v2\/tags?post=11120"}],"curies":[{"name":"wp","href":"https:\/\/api.w.org\/{rel}","templated":true}]}}