{"id":11119,"date":"2026-09-04T19:21:45","date_gmt":"2026-09-04T22:21:45","guid":{"rendered":"https:\/\/radiosantaclara.sitetopfm.com.br\/site\/comissao-aprova-projeto-que-autoriza-extensao-de-estagio-apos-conclusao-de-curso-superior\/"},"modified":"2026-09-04T19:21:45","modified_gmt":"2026-09-04T22:21:45","slug":"comissao-aprova-projeto-que-autoriza-extensao-de-estagio-apos-conclusao-de-curso-superior","status":"publish","type":"post","link":"https:\/\/radiosantaclara.sitetopfm.com.br\/site\/comissao-aprova-projeto-que-autoriza-extensao-de-estagio-apos-conclusao-de-curso-superior\/","title":{"rendered":"Comiss\u00e3o aprova projeto que autoriza extens\u00e3o de est\u00e1gio ap\u00f3s conclus\u00e3o de curso superior"},"content":{"rendered":"<p> <br \/>\n<\/p>\n<div id=\"\">\n<figure class=\"materia__midia\" style=\"float: none; margin: 24px 0px;\" data-midia=\"1303039\"><img decoding=\"async\" src=\"https:\/\/www.camara.leg.br\/midias\/image\/2026\/09\/img20260617172822427-768x473.jpeg\" alt=\"Audi\u00eancia P\u00fablica - Preju\u00edzos causados no fundo de pens\u00e3o POSTALIS. Dep. Luiz Carlos Motta (PL - SP)\"\/><figcaption><span class=\"materia__legenda-imagem\">Luiz Carlos Motta recomendou aprova\u00e7\u00e3o do texto da Comiss\u00e3o de Educa\u00e7\u00e3o<\/span> &#8211; <span class=\"materia__creditos-imagem\" style=\"color:#5f5f5e\">Foto: Renato Ara\u00fajo \/ C\u00e2mara dos Deputados<\/span><\/figcaption><\/figure>\n<p><span style=\"font-weight: 400;\">A Comiss\u00e3o de Constitui\u00e7\u00e3o e Justi\u00e7a e de Cidadania (CCJ) da C\u00e2mara dos Deputados aprovou proposta que garante a continuidade do contrato de est\u00e1gio mesmo ap\u00f3s a formatura do estudante, desde que a vaga seja na empresa em que estava vinculado durante a fase de estudos.<\/span><\/p>\n<p><span style=\"font-weight: 400;\">O texto limita em 12 meses a dura\u00e7\u00e3o do est\u00e1gio ap\u00f3s a conclus\u00e3o do curso. A regra prev\u00ea teto de dois anos para a perman\u00eancia na empresa, com exce\u00e7\u00e3o para pessoas com defici\u00eancia.<\/span><\/p>\n<p><span style=\"font-weight: 400;\">O est\u00e1gio poder\u00e1 ser realizado de forma presencial, a dist\u00e2ncia ou h\u00edbrida.<\/span><\/p>\n<p><span style=\"font-weight: 400;\">O texto aprovado pro\u00edbe ainda a gest\u00e3o de contratos de est\u00e1gio por empresas terceirizadas, bem como a cobran\u00e7a de taxas aos envolvidos no acordo de trabalho.<\/span><\/p>\n<p><span style=\"font-weight: 400;\">O relator na CCJ, deputado Luiz Carlos Motta (PL-SP), apresentou parecer favor\u00e1vel a <span id=\"4098\" class=\"termoGlossario materia__glossario\" title=\"Nome que se d\u00e1 ao texto que altera substancialmente o conte\u00fado original da proposta. O substitutivo \u00e9 apresentado pelo relator e tem prefer\u00eancia na vota\u00e7\u00e3o sobre o projeto original.\" contenteditable=\"false\" data-toggle=\"tooltip\" data-placement=\"top\" style=\"color:#5f5f5e;border-bottom:none\">substitutivo<\/span> da Comiss\u00e3o de Educa\u00e7\u00e3o ao Projeto de Lei 7021\/17, do deputado Alex Manente (Cidadania-SP).<\/span><\/p>\n<p><span style=\"font-weight: 400;\">Motta ressaltou que a <a class=\"linkLegislacao\" href=\"https:\/\/www2.camara.gov.br\/legin\/fed\/lei\/2008\/lei-11788-25-setembro-2008-581200-norma-pl.html\" target=\"_blank\" rel=\"noopener noreferrer\">Lei 11.788\/08<\/a> define o est\u00e1gio como ato educativo escolar supervisionado e destinado \u00e0 prepara\u00e7\u00e3o do educando para o trabalho produtivo.\u00a0<\/span><\/p>\n<p><span style=\"font-weight: 400;\">\u201cO substitutivo aprovado pela Comiss\u00e3o de Educa\u00e7\u00e3o n\u00e3o institui modalidade aut\u00f4noma de est\u00e1gio destinada a pessoas que j\u00e1 tenham conclu\u00eddo seus cursos. Tampouco autoriza que o egresso, ap\u00f3s a conclus\u00e3o do curso, celebre novo termo de compromisso de est\u00e1gio\u201d, destacou. \u201cAdmite-se exclusivamente a continuidade, por per\u00edodo limitado, de est\u00e1gio de n\u00edvel superior regularmente constitu\u00eddo quando o educando ainda se encontrava matriculado\u201d, explicou.<\/span><\/p>\n<h3 class=\"ds-titulo-subsecao\">Pr\u00f3ximos passos<\/h3>\n<p><span style=\"font-weight: 400;\">A proposta tramitou em <span id=\"4322\" class=\"termoGlossario materia__glossario\" title=\"Rito de tramita\u00e7\u00e3o pelo qual o projeto \u00e9 votado apenas pelas comiss\u00f5es designadas para analis\u00e1-lo, dispensada a delibera\u00e7\u00e3o do Plen\u00e1rio. O projeto perde o car\u00e1ter conclusivo se houver decis\u00e3o divergente entre as comiss\u00f5es ou se, independentemente de ser aprovado ou rejeitado, houver recurso assinado por 52 deputados para a aprecia\u00e7\u00e3o da mat\u00e9ria no Plen\u00e1rio.\" contenteditable=\"false\" data-toggle=\"tooltip\" data-placement=\"top\" style=\"color:#5f5f5e;border-bottom:none\">car\u00e1ter conclusivo<\/span> e poder\u00e1 seguir para o Senado, a menos que haja recurso para vota\u00e7\u00e3o pelo Plen\u00e1rio da C\u00e2mara.<\/span><\/p>\n<p><a href=\"https:\/\/www.camara.leg.br\/noticias\/573454-SAIBA-MAIS-SOBRE-A-TRAMITACAO-DE-PROJETOS-DE-LEI\">Saiba mais sobre a tramita\u00e7\u00e3o de projetos de lei<\/a><\/p>\n<\/p><\/div>\n<p><br \/>\n<br \/><a href=\"https:\/\/www.camara.leg.br\/noticias\/1302980-comissao-aprova-projeto-que-autoriza-extensao-de-estagio-apos-conclusao-de-curso-superior\">postagem original <\/a><\/p>\n","protected":false},"excerpt":{"rendered":"<p>Luiz Carlos Motta recomendou aprova\u00e7\u00e3o do texto da Comiss\u00e3o de Educa\u00e7\u00e3o &#8211; Foto: Renato Ara\u00fajo \/ C\u00e2mara dos Deputados A [&hellip;]<\/p>\n","protected":false},"author":1,"featured_media":6909,"comment_status":"open","ping_status":"open","sticky":false,"template":"","format":"standard","meta":{"site-sidebar-layout":"default","site-content-layout":"","ast-site-content-layout":"default","site-content-style":"default","site-sidebar-style":"default","ast-global-header-display":"","ast-banner-title-visibility":"","ast-main-header-display":"","ast-hfb-above-header-display":"","ast-hfb-below-header-display":"","ast-hfb-mobile-header-display":"","site-post-title":"","ast-breadcrumbs-content":"","ast-featured-img":"","footer-sml-layout":"","theme-transparent-header-meta":"","adv-header-id-meta":"","stick-header-meta":"","header-above-stick-meta":"","header-main-stick-meta":"","header-below-stick-meta":"","astra-migrate-meta-layouts":"default","ast-page-background-enabled":"default","ast-page-background-meta":{"desktop":{"background-color":"var(--ast-global-color-5)","background-image":"","background-repeat":"repeat","background-position":"center center","background-size":"auto","background-attachment":"scroll","background-type":"","background-media":"","overlay-type":"","overlay-color":"","overlay-opacity":"","overlay-gradient":""},"tablet":{"background-color":"","background-image":"","background-repeat":"repeat","background-position":"center center","background-size":"auto","background-attachment":"scroll","background-type":"","background-media":"","overlay-type":"","overlay-color":"","overlay-opacity":"","overlay-gradient":""},"mobile":{"background-color":"","background-image":"","background-repeat":"repeat","background-position":"center center","background-size":"auto","background-attachment":"scroll","background-type":"","background-media":"","overlay-type":"","overlay-color":"","overlay-opacity":"","overlay-gradient":""}},"ast-content-background-meta":{"desktop":{"background-color":"var(--ast-global-color-4)","background-image":"","background-repeat":"repeat","background-position":"center center","background-size":"auto","background-attachment":"scroll","background-type":"","background-media":"","overlay-type":"","overlay-color":"","overlay-opacity":"","overlay-gradient":""},"tablet":{"background-color":"var(--ast-global-color-4)","background-image":"","background-repeat":"repeat","background-position":"center center","background-size":"auto","background-attachment":"scroll","background-type":"","background-media":"","overlay-type":"","overlay-color":"","overlay-opacity":"","overlay-gradient":""},"mobile":{"background-color":"var(--ast-global-color-4)","background-image":"","background-repeat":"repeat","background-position":"center center","background-size":"auto","background-attachment":"scroll","background-type":"","background-media":"","overlay-type":"","overlay-color":"","overlay-opacity":"","overlay-gradient":""}},"_joinchat":[],"footnotes":""},"categories":[36],"tags":[],"_links":{"self":[{"href":"https:\/\/radiosantaclara.sitetopfm.com.br\/site\/wp-json\/wp\/v2\/posts\/11119"}],"collection":[{"href":"https:\/\/radiosantaclara.sitetopfm.com.br\/site\/wp-json\/wp\/v2\/posts"}],"about":[{"href":"https:\/\/radiosantaclara.sitetopfm.com.br\/site\/wp-json\/wp\/v2\/types\/post"}],"author":[{"embeddable":true,"href":"https:\/\/radiosantaclara.sitetopfm.com.br\/site\/wp-json\/wp\/v2\/users\/1"}],"replies":[{"embeddable":true,"href":"https:\/\/radiosantaclara.sitetopfm.com.br\/site\/wp-json\/wp\/v2\/comments?post=11119"}],"version-history":[{"count":0,"href":"https:\/\/radiosantaclara.sitetopfm.com.br\/site\/wp-json\/wp\/v2\/posts\/11119\/revisions"}],"wp:featuredmedia":[{"embeddable":true,"href":"https:\/\/radiosantaclara.sitetopfm.com.br\/site\/wp-json\/wp\/v2\/media\/6909"}],"wp:attachment":[{"href":"https:\/\/radiosantaclara.sitetopfm.com.br\/site\/wp-json\/wp\/v2\/media?parent=11119"}],"wp:term":[{"taxonomy":"category","embeddable":true,"href":"https:\/\/radiosantaclara.sitetopfm.com.br\/site\/wp-json\/wp\/v2\/categories?post=11119"},{"taxonomy":"post_tag","embeddable":true,"href":"https:\/\/radiosantaclara.sitetopfm.com.br\/site\/wp-json\/wp\/v2\/tags?post=11119"}],"curies":[{"name":"wp","href":"https:\/\/api.w.org\/{rel}","templated":true}]}}